{"id":200716,"date":"2026-09-03T02:30:22","date_gmt":"2026-09-03T02:30:22","guid":{"rendered":"https:\/\/www.europesays.com\/cz\/200716\/"},"modified":"2026-09-03T02:30:22","modified_gmt":"2026-09-03T02:30:22","slug":"bourky-dnes-zasahnou-vetsi-cast-cr-a-budou-silnejsi-nez-se-cekalo","status":"publish","type":"post","link":"https:\/\/www.europesays.com\/cz\/200716\/","title":{"rendered":"Bou\u0159ky dnes zas\u00e1hnou v\u011bt\u0161\u00ed \u010d\u00e1st \u010cR a budou siln\u011bj\u0161\u00ed, ne\u017e se \u010dekalo"},"content":{"rendered":"<p>&#13;<br \/>\n  Komer\u010dn\u00ed prezentace Aktual.: 28.08.2026 11:43&#13;<br \/>\n  Vyd\u00e1no: 28.08.2026, 11:43&#13;\n<\/p>\n<p class=\"big\" itemprop=\"description\">    Praha &#8211; N\u00e1razy v\u011btru o rychlosti a\u017e 90 kilometr\u016f za hodinu, kroupy o velikosti p\u0159es dva centimetry a p\u0159\u00edvalov\u00fd d\u00e9\u0161\u0165 zas\u00e1hnou dnes odpoledne a ve\u010der \u010d\u00e1st \u010cech. V dal\u0161\u00edch regionech na v\u011bt\u0161in\u011b \u00fazem\u00ed \u010ceska se dnes a v noci na sobotu tak\u00e9 objev\u00ed siln\u00e9 bou\u0159ky s p\u0159\u00edvalov\u00fdm de\u0161t\u011bm, ale s men\u0161\u00edmi kroupami a v\u011btrem o rychlosti maxim\u00e1ln\u011b 70 kilometr\u016f za hodinu. Vypl\u00fdv\u00e1 to z v\u00fdstrahy, kterou dnes zve\u0159ejnil \u010cesk\u00fd hydrometeorologick\u00fd \u00fastav (\u010cHM\u00da).<\/p>\n<p>P\u0159ed bou\u0159kami \u00fastav varoval u\u017e ve \u010dtvrtek. Dnes v\u00fdstrahu roz\u0161\u00ed\u0159il a doplnil, \u017ee v n\u011bkter\u00fdch regionech budou bou\u0159ky siln\u011bj\u0161\u00ed, ne\u017e p\u016fvodn\u011b p\u0159edpov\u00eddal. Nejsiln\u011bj\u0161\u00ed bou\u0159e o\u010dek\u00e1vaj\u00ed meteorologov\u00e9 v t\u00e9m\u011b\u0159 cel\u00e9m Jiho\u010desk\u00e9m kraji a na jihu Plze\u0148sk\u00e9ho kraje. Varuj\u00ed, \u017ee se v t\u011bchto oblastech mohou objevit \u010detn\u00e9 \u0161kody na majetku, komplikace v doprav\u011b a v\u00fdpadky elekt\u0159iny.<\/p>\n<p>Celkov\u011b se siln\u00e9 bou\u0159e mohou objevit postupn\u011b na cel\u00e9m \u00fazem\u00ed \u010cech a tak\u00e9 na z\u00e1pad\u011b Jihomoravsk\u00e9ho kraje, severu Olomouck\u00e9ho kraje a severoz\u00e1pad\u011b Moravskoslezsk\u00e9ho kraje. Nejprve &#8211; u\u017e od dne\u0161n\u00edch 13:00 &#8211; se mohou bou\u0159ky vyskytnout na z\u00e1pad\u011b \u010cech. Pot\u00e9 budou postupovat na v\u00fdchod. Od 17:00 u\u017e budou z\u0159ejm\u011b na v\u011bt\u0161in\u011b \u00fazem\u00ed \u010cech a od 20:00 i na severov\u00fdchod\u011b \u010cech a na Morav\u011b a ve Slezsku, kde v\u00fdstraha plat\u00ed a\u017e do sobotn\u00edch 04:00. &#8222;B\u011bhem noci budou bou\u0159ky od z\u00e1padu sl\u00e1bnout a postupovat k v\u00fdchodu a\u017e severov\u00fdchodu,&#8220; uvedli pracovn\u00edci \u010cHM\u00da.<\/p>\n<p>Kv\u016fli bou\u0159k\u00e1m hroz\u00ed v dan\u00fdch oblastech rozvodn\u011bn\u00ed men\u0161\u00edch tok\u016f, zatopen\u00ed sklep\u016f, podchod\u016f a podjezd\u016f \u010di p\u00e1dy v\u011btv\u00ed a strom\u016f. V p\u0159\u00edvalov\u00fdch de\u0161t\u00edch spadne a\u017e 30 milimetr\u016f sr\u00e1\u017eek, tedy 30 litr\u016f na ka\u017ed\u00fd metr \u010dtvere\u010dn\u00ed. Lid\u00e9 by se tak\u00e9 podle meteorolog\u016f m\u011bli b\u011bhem bou\u0159ek chr\u00e1nit p\u0159ed mo\u017en\u00fdm z\u00e1sahem blesku. &#8222;Pokud mo\u017eno vyhledat \u00fakryt v budov\u011b opat\u0159en\u00e9 hromosvodem. V p\u0159\u00edrod\u011b se schovat v hust\u00e9m lese nebo ni\u017e\u0161\u00edm porostu, nez\u016fst\u00e1vat ve vod\u011b, na kopc\u00edch, v bl\u00edzkosti \u017eelezn\u00fdch konstrukc\u00ed, osamocen\u00fdch strom\u016f ani pod skaln\u00edmi p\u0159evisy,&#8220; uvedl \u010cHM\u00da.<\/p>\n<p class=\"tags\">&#13;<br \/>\n<a href=\"https:\/\/www.ceskenoviny.cz\/tema\/cr\/1\" class=\"tag blue\" itemprop=\"about\" rel=\"tag nofollow noopener\" target=\"_blank\">\u010cR<\/a>&#13;<br \/>\n&#13;<br \/>\n&#13;<br \/>\n&#13;<br \/>\n<a href=\"https:\/\/www.ceskenoviny.cz\/tema\/pocasi\/366\" class=\"tag blue\" itemprop=\"about\" rel=\"tag nofollow noopener\" target=\"_blank\">Po\u010das\u00ed<\/a>&#13;<br \/>\n&#13;<br \/>\n&#13;<br \/>\n&#13;<br \/>\n<a href=\"https:\/\/www.ceskenoviny.cz\/tema\/boure\/13868\" class=\"tag blue\" itemprop=\"about\" rel=\"tag nofollow noopener\" target=\"_blank\">bou\u0159e<\/a>&#13;<br \/>\n&#13;<br \/>\n&#13;<br \/>\n&#13;<br \/>\n &#13;<\/p>\n","protected":false},"excerpt":{"rendered":"&#13; Komer\u010dn\u00ed prezentace Aktual.: 28.08.2026 11:43&#13; Vyd\u00e1no: 28.08.2026, 11:43&#13; Praha &#8211; N\u00e1razy v\u011btru o rychlosti a\u017e 90 kilometr\u016f&hellip;\n","protected":false},"author":2,"featured_media":200717,"comment_status":"","ping_status":"","sticky":false,"template":"","format":"standard","meta":{"footnotes":"","_share_on_mastodon":"0"},"categories":[10],"tags":[1317,302,304,305,298,303,17,21,16,255,18,19,22,20],"class_list":["post-200716","post","type-post","status-publish","format-standard","has-post-thumbnail","category-zpravy","tag-boure","tag-ceskenoviny-cz","tag-cn","tag-cn-cz","tag-cr","tag-ctk","tag-headlines","tag-hlavni-udalosti","tag-news","tag-pocasi","tag-top-news","tag-top-stories","tag-udalosti-dne","tag-zpravy"],"share_on_mastodon":{"url":"https:\/\/pubeurope.com\/@cz\/117204760854880410","error":""},"_links":{"self":[{"href":"https:\/\/www.europesays.com\/cz\/wp-json\/wp\/v2\/posts\/200716","targetHints":{"allow":["GET"]}}],"collection":[{"href":"https:\/\/www.europesays.com\/cz\/wp-json\/wp\/v2\/posts"}],"about":[{"href":"https:\/\/www.europesays.com\/cz\/wp-json\/wp\/v2\/types\/post"}],"author":[{"embeddable":true,"href":"https:\/\/www.europesays.com\/cz\/wp-json\/wp\/v2\/users\/2"}],"replies":[{"embeddable":true,"href":"https:\/\/www.europesays.com\/cz\/wp-json\/wp\/v2\/comments?post=200716"}],"version-history":[{"count":0,"href":"https:\/\/www.europesays.com\/cz\/wp-json\/wp\/v2\/posts\/200716\/revisions"}],"wp:featuredmedia":[{"embeddable":true,"href":"https:\/\/www.europesays.com\/cz\/wp-json\/wp\/v2\/media\/200717"}],"wp:attachment":[{"href":"https:\/\/www.europesays.com\/cz\/wp-json\/wp\/v2\/media?parent=200716"}],"wp:term":[{"taxonomy":"category","embeddable":true,"href":"https:\/\/www.europesays.com\/cz\/wp-json\/wp\/v2\/categories?post=200716"},{"taxonomy":"post_tag","embeddable":true,"href":"https:\/\/www.europesays.com\/cz\/wp-json\/wp\/v2\/tags?post=200716"}],"curies":[{"name":"wp","href":"https:\/\/api.w.org\/{rel}","templated":true}]}}