{"id":200720,"date":"2026-09-03T02:47:19","date_gmt":"2026-09-03T02:47:19","guid":{"rendered":"https:\/\/www.europesays.com\/cz\/200720\/"},"modified":"2026-09-03T02:47:19","modified_gmt":"2026-09-03T02:47:19","slug":"odvolani-bitcoinoveho-daru-muze-byt-dle-tejce-zpusob-jak-komplikovat-rizeni-ct24-ceska-televize","status":"publish","type":"post","link":"https:\/\/www.europesays.com\/cz\/200720\/","title":{"rendered":"Odvol\u00e1n\u00ed bitcoinov\u00e9ho daru m\u016f\u017ee b\u00fdt dle Tejce zp\u016fsob, jak komplikovat \u0159\u00edzen\u00ed \u2014 \u010cT24 \u2014 \u010cesk\u00e1 televize"},"content":{"rendered":"<p><img decoding=\"async\" alt=\"Ministr spravedlnosti Jeron\u00fdm Tejc (za ANO)\" loading=\"lazy\" src=\"https:\/\/www.europesays.com\/cz\/wp-content\/uploads\/2026\/09\/ZTc4NWU4NjY1NDY2Y2RmNeEU-KztLH4UJFF-3m7NGQ1N-iLgPA6buf0cdHGfEuoi6dEXYqnci5pAKQUS_70szpB0oAS514mpNUkb.webp\"   width=\"1024\" height=\"576\"\/><\/p>\n<p class=\"fw-bold mb-4 mb-md-5\">Rozhodnut\u00ed Tom\u00e1\u0161e Ji\u0159ikovsk\u00e9ho odvolat bitcoinov\u00fd dar st\u00e1tu v hodnot\u011b miliardy korun m\u016f\u017ee b\u00fdt podle ministra spravedlnosti Jeron\u00fdma Tejce (za ANO) zp\u016fsob, jak komplikovat trestn\u00ed \u0159\u00edzen\u00ed, uvedl. Dodal, \u017ee resort zv\u00e1\u017e\u00ed dal\u0161\u00ed postup. Bitcoiny jsou dle Tejce nyn\u00ed vzhledem k trestn\u00edmu \u0159\u00edzen\u00ed zablokovan\u00e9 a vracet se nebudou.<\/p>\n<p>Ministerstvo v \u00fater\u00fd uvedlo, \u017ee informaci o tom, \u017ee Ji\u0159ikovsk\u00fd vzal dar zp\u011bt, obdr\u017eelo letos 14. srpna. Ob\u010dansk\u00fd z\u00e1kon\u00edk stanov\u00ed, \u017ee d\u00e1rce m\u016f\u017ee od darovac\u00ed smlouvy odstoupit pro nevd\u011bk, pokud mu obdarovan\u00fd ubl\u00ed\u017eil \u00famysln\u011b nebo z hrub\u00e9 nedbalosti tak, \u017ee zjevn\u011b poru\u0161il dobr\u00e9 mravy.<\/p>\n<p>Loni v b\u0159eznu tehdej\u0161\u00ed ministr spravedlnosti Pavel Bla\u017eek (d\u0159\u00edve ODS) p\u0159ijal od Ji\u0159ikovsk\u00e9ho, v minulosti odsouzen\u00e9ho za obchod s drogami, 468 bitcoin\u016f jako dar pro st\u00e1t. Resort je pak do kv\u011btna 2025 dra\u017eil v aukc\u00edch, do nich\u017e se p\u0159ihl\u00e1sili z\u00e1jemci z \u0159ad jednotlivc\u016f i pr\u00e1vnick\u00fdch osob.<\/p>\n<p>\u010c\u00e1st bitcoin\u016f ministerstvo stihlo p\u0159ev\u00e9st po zaplacen\u00ed na kupce, kte\u0159\u00ed si je ponechali. Dal\u0161\u00edm z\u00e1jemc\u016fm o kryptom\u011bnu poslalo zp\u011bt zaplacen\u00e9 pen\u00edze a vyplatilo jim kurzov\u00fd rozd\u00edl. Policie toti\u017e ministersk\u00e9 bitcoiny zajistila jako mo\u017en\u00fd v\u00fdnos z trestn\u00e9 \u010dinnosti. Dohodu s hlavn\u00edmi kupci uzav\u0159ela loni v z\u00e1\u0159\u00ed Bla\u017ekova n\u00e1stupkyn\u011b Eva Decroix (ODS). Ta tehdy uvedla, \u017ee st\u00e1tu z\u016fstal v dr\u017een\u00ed celkov\u00fd objem p\u0159ijat\u00e9ho bitcoinov\u00e9ho daru, a\u0165 u\u017e v kryptom\u011bn\u011b, nebo pen\u011bz\u00edch.<\/p>\n<p>Podle vy\u0161et\u0159ovatel\u016f m\u011bl dar slou\u017eit k legalizaci dal\u0161\u00edch Ji\u0159ikovsk\u00e9ho bitcoin\u016f. Program\u00e1tor se ke kryptom\u011bn\u011b dostal po propu\u0161t\u011bn\u00ed z v\u011bzen\u00ed, kde si odpyk\u00e1val dev\u011bt let za provozov\u00e1n\u00ed on-line tr\u017ei\u0161t\u011b pro prodej drog. V\u011bt\u0161inu zabaven\u00e9 elektroniky mu soudy loni v lednu vydaly. Kv\u016fli \u0161ifrov\u00e1n\u00ed toti\u017e znalec nev\u011bd\u011bl, co je v za\u0159\u00edzen\u00edch ulo\u017eeno.<\/p>\n<p>Ob\u017ealoba exministra a dal\u0161\u00edch<\/p>\n<p>Bla\u017eek kv\u016fli p\u0159ijet\u00ed problematick\u00e9ho daru od odsouzen\u00e9ho drogov\u00e9ho dealera rezignoval. Spole\u010dn\u011b se sv\u00fdm n\u011bkdej\u0161\u00edm n\u00e1m\u011bstkem Radom\u00edrem Da\u0148helem a Ji\u0159ikovsk\u00e9ho advok\u00e1tem K\u00e1rimem Titzem \u010del\u00ed od minul\u00e9ho m\u011bs\u00edce kv\u016fli daru ob\u017ealob\u011b, a to ze zneu\u017eit\u00ed pravomoci \u010di z pran\u00ed \u0161pinav\u00fdch pen\u011bz. Vinu odm\u00edtaj\u00ed, stejn\u011b jako Ji\u0159ikovsk\u00fd. Ten je od lo\u0148sk\u00e9ho srpna ve vazb\u011b kv\u016fli obvin\u011bn\u00ed mimo jin\u00e9 z legalizace v\u00fdnos\u016f z trestn\u00e9 \u010dinnosti \u2013 hroz\u00ed mu a\u017e t\u0159icet let odn\u011bt\u00ed svobody.<\/p>\n<p>Bla\u017eek v \u00fater\u00fd na s\u00edti X uvedl, \u017ee odvol\u00e1n\u00ed daru nem\u00e1 pr\u00e1vn\u00ed n\u00e1sledky. Hlavn\u00ed v\u00fdznam bude podle n\u011bj m\u00edt a\u017e reakce st\u00e1tu.<\/p>\n<p>\u201eV tuhle chv\u00edli se t\u00edm zab\u00fdv\u00e1me. Ka\u017edop\u00e1dn\u011b je to dal\u0161\u00edm rizikem, kter\u00e9 n\u00e1m p\u0159ipravila minul\u00e1 vl\u00e1da pro st\u00e1tn\u00ed rozpo\u010det a pro z\u00e1jmy ministerstva spravedlnosti. Je to v\u011bc, kter\u00e1 n\u00e1m zabere dal\u0161\u00ed \u010das,\u201c uvedl ve st\u0159edu Tejc.<\/p>\n<p>Darovan\u00e9 bitcoiny loni v \u010dervnu zablokovala policie jako \u00fadajn\u00fd v\u00fdnos z trestn\u00e9 \u010dinnosti. Zmrazen\u00e9 z\u016fstanou do doby, ne\u017e soud definitivn\u011b rozhodne o Ji\u0159ikovsk\u00e9ho ob\u017ealob\u011b z pran\u00ed \u0161pinav\u00fdch pen\u011bz. Pokud ho odsoud\u00ed, propadnou nejsp\u00ed\u0161e st\u00e1tu.<\/p>\n<p>Tejc uvedl, \u017ee pokud bitcoiny propadnou st\u00e1tu, ministerstvo spravedlnosti s nimi nepo\u010d\u00edt\u00e1. Pen\u00edze z nich by podle n\u011bj vyu\u017eil st\u00e1tn\u00ed rozpo\u010det.<\/p>\n","protected":false},"excerpt":{"rendered":"Rozhodnut\u00ed Tom\u00e1\u0161e Ji\u0159ikovsk\u00e9ho odvolat bitcoinov\u00fd dar st\u00e1tu v hodnot\u011b miliardy korun m\u016f\u017ee b\u00fdt podle ministra spravedlnosti Jeron\u00fdma Tejce&hellip;\n","protected":false},"author":2,"featured_media":200721,"comment_status":"","ping_status":"","sticky":false,"template":"","format":"standard","meta":{"footnotes":"","_share_on_mastodon":"0"},"categories":[7],"tags":[43,42,41,40],"class_list":["post-200720","post","type-post","status-publish","format-standard","has-post-thumbnail","category-cesko","tag-ceska-republika","tag-cesko","tag-czech-republic","tag-czechia"],"share_on_mastodon":{"url":"https:\/\/pubeurope.com\/@cz\/117204828083182699","error":""},"_links":{"self":[{"href":"https:\/\/www.europesays.com\/cz\/wp-json\/wp\/v2\/posts\/200720","targetHints":{"allow":["GET"]}}],"collection":[{"href":"https:\/\/www.europesays.com\/cz\/wp-json\/wp\/v2\/posts"}],"about":[{"href":"https:\/\/www.europesays.com\/cz\/wp-json\/wp\/v2\/types\/post"}],"author":[{"embeddable":true,"href":"https:\/\/www.europesays.com\/cz\/wp-json\/wp\/v2\/users\/2"}],"replies":[{"embeddable":true,"href":"https:\/\/www.europesays.com\/cz\/wp-json\/wp\/v2\/comments?post=200720"}],"version-history":[{"count":0,"href":"https:\/\/www.europesays.com\/cz\/wp-json\/wp\/v2\/posts\/200720\/revisions"}],"wp:featuredmedia":[{"embeddable":true,"href":"https:\/\/www.europesays.com\/cz\/wp-json\/wp\/v2\/media\/200721"}],"wp:attachment":[{"href":"https:\/\/www.europesays.com\/cz\/wp-json\/wp\/v2\/media?parent=200720"}],"wp:term":[{"taxonomy":"category","embeddable":true,"href":"https:\/\/www.europesays.com\/cz\/wp-json\/wp\/v2\/categories?post=200720"},{"taxonomy":"post_tag","embeddable":true,"href":"https:\/\/www.europesays.com\/cz\/wp-json\/wp\/v2\/tags?post=200720"}],"curies":[{"name":"wp","href":"https:\/\/api.w.org\/{rel}","templated":true}]}}