{"id":200728,"date":"2026-09-03T03:04:14","date_gmt":"2026-09-03T03:04:14","guid":{"rendered":"https:\/\/www.europesays.com\/cz\/200728\/"},"modified":"2026-09-03T03:04:14","modified_gmt":"2026-09-03T03:04:14","slug":"britanie-zazila-nejteplejsi-leto-v-historii-kvuli-zmene-klimatu-jsou-vedra-mnohem-pravdepodobnejsi","status":"publish","type":"post","link":"https:\/\/www.europesays.com\/cz\/200728\/","title":{"rendered":"Brit\u00e1nie za\u017eila nejteplej\u0161\u00ed l\u00e9to v\u00a0historii. Kv\u016fli zm\u011bn\u011b klimatu jsou vedra mnohem pravd\u011bpodobn\u011bj\u0161\u00ed"},"content":{"rendered":"<p class=\"c_bB\">Pr\u016fm\u011brn\u00e1 teplota vzduchu ve Velk\u00e9 Brit\u00e1nii v\u00a0l\u00e9t\u011b 2026\u00a0\u010dinila 16,5\u00a0\u00b0C, \u010d\u00edm\u017e dos\u00e1hla nejvy\u0161\u0161\u00ed hodnoty od za\u010d\u00e1tku m\u011b\u0159en\u00ed v\u00a0roce 1884.\u00a0Leto\u0161n\u00ed l\u00e9to tak p\u0159ekonalo lo\u0148sk\u00fd rok, kdy byla pr\u016fm\u011brn\u00e1 teplota 16,1\u00a0\u00b0C. <\/p>\n<p class=\"c_bB\">\u201eTyto rekordy jsou nyn\u00ed p\u0159ekon\u00e1v\u00e1ny \u010dast\u011bji, co\u017e odr\u00e1\u017e\u00ed vliv lidstvem zp\u016fsoben\u00e9 klimatick\u00e9 zm\u011bny na teploty, jich\u017e jsme sv\u011bdky v\u00a0Brit\u00e1nii,\u201c uvedla Amy Dohertyov\u00e1 z\u00a0klimatick\u00e9ho informa\u010dn\u00edho st\u0159ediska p\u0159i <a data-dot=\"atm-link\" target=\"_blank\" rel=\"noopener nofollow\" href=\"https:\/\/www.metoffice.gov.uk\/about-us\/news-and-media\/media-centre\/weather-and-climate-news\/2026\/summer-2026-provisionally-hottest-on-record-for-the-uk\" class=\"c_I\">Met Office<\/a>.<\/p>\n<p class=\"c_bB\">Nejteplej\u0161\u00ed l\u00e9ta byla zaznamen\u00e1na v\u00a0posledn\u00edch letech a\u00a0na grafu pr\u016fm\u011brn\u00fdch letn\u00edch teplot, kter\u00fd za\u010d\u00edn\u00e1 na konci 19.\u00a0stolet\u00ed, je vid\u011bt rostouc\u00ed trend. <\/p>\n<p><img fetchpriority=\"high\" height=\"461\"   width=\"768\" src=\"https:\/\/www.europesays.com\/cz\/wp-content\/uploads\/2026\/09\/pocasi-teploty-velka-britanie.png\" loading=\"eager\" decoding=\"sync\" class=\"c_t c_r\"\/>Foto: Met Office<\/p>\n<p class=\"c_bB\">Pr\u016fm\u011brn\u00e1 teplota v\u00a0l\u00e9t\u011b ve Velk\u00e9 Brit\u00e1nii<\/p>\n<p class=\"c_bB\">\u201eProveden\u00edm dvou simulac\u00ed, z\u00a0nich\u017e jedna vylu\u010duje vliv \u010dlov\u011bka na koncentrace sklen\u00edkov\u00fdch plyn\u016f, m\u016f\u017eeme vypo\u010d\u00edtat, \u017ee vliv klimatick\u00fdch zm\u011bn zp\u016fsoben\u00fdch \u010dlov\u011bkem zv\u00fd\u0161il pravd\u011bpodobnost dosa\u017een\u00ed t\u00e9to letn\u00ed teploty 130kr\u00e1t,\u201c uv\u00e1d\u00ed ve zhodnocen\u00ed l\u00e9ta Met Office.<\/p>\n<p class=\"c_bB\">Leto\u0161n\u00ed l\u00e9to bylo ve Velk\u00e9 Brit\u00e1nii tak\u00e9 velmi such\u00e9. Na n\u011bkter\u00fdch m\u00edstech zaznamenali dokonce m\u00e9n\u011b ne\u017e 30\u00a0% obvykl\u00fdch sr\u00e1\u017eek. V\u00a0kombinaci s\u00a0velmi vysok\u00fdmi teplotami a\u00a0nadpr\u016fm\u011brn\u00fdm slune\u010dn\u00edm svitem tr\u00e1pilo zejm\u00e9na Anglii <a data-dot=\"atm-link\" target=\"_blank\" href=\"https:\/\/www.novinky.cz\/clanek\/pocasi-misto-parku-vyprahla-step-zabery-z-dronu-ukazaly-vyschly-londyn-40591985\" class=\"c_I\" rel=\"nofollow noopener\">extr\u00e9mn\u00ed p\u016fdn\u00ed i\u00a0hydrologick\u00e9 sucho<\/a>. <\/p>\n<p class=\"c_bB\">Rekordn\u011b tepl\u00e9 l\u00e9to hl\u00e1s\u00ed i\u00a0dal\u0161\u00ed zem\u011b, nap\u0159\u00edklad Belgie, Nizozemsko, Rakousko nebo \u0160v\u00fdcarsko. O\u010dek\u00e1v\u00e1 se, \u017ee by mohlo j\u00edt o\u00a0nejteplej\u0161\u00ed l\u00e9to i\u00a0v\u00a0dal\u0161\u00edch zem\u00edch a\u00a0tak\u00e9 v\u00a0cel\u00e9 z\u00e1padn\u00ed Evrop\u011b. <\/p>\n<p><a data-dot=\"atm-link\" target=\"_self\" href=\"https:\/\/www.novinky.cz\/clanek\/pocasi-cesko-zazilo-druhe-nejteplejsi-leto-rekordy-padaly-jako-nikdy-driv-40595485\" class=\"c_I\" rel=\"nofollow noopener\"><img height=\"2304\" width=\"4096\" src=\"https:\/\/www.europesays.com\/cz\/wp-content\/uploads\/2026\/09\/1788404654_517_b19d.jpeg\" loading=\"eager\" decoding=\"sync\" class=\"c_t c_r\"\/><\/a><\/p>\n","protected":false},"excerpt":{"rendered":"Pr\u016fm\u011brn\u00e1 teplota vzduchu ve Velk\u00e9 Brit\u00e1nii v\u00a0l\u00e9t\u011b 2026\u00a0\u010dinila 16,5\u00a0\u00b0C, \u010d\u00edm\u017e dos\u00e1hla nejvy\u0161\u0161\u00ed hodnoty od za\u010d\u00e1tku m\u011b\u0159en\u00ed v\u00a0roce 1884.\u00a0Leto\u0161n\u00ed&hellip;\n","protected":false},"author":2,"featured_media":200729,"comment_status":"","ping_status":"","sticky":false,"template":"","format":"standard","meta":{"footnotes":"","_share_on_mastodon":"0"},"categories":[11],"tags":[1507,13179,255,54,5785,1136,53,52],"class_list":["post-200728","post","type-post","status-publish","format-standard","has-post-thumbnail","category-svet","tag-klimaticke-zmeny","tag-leto","tag-pocasi","tag-svet","tag-teplotni-rekordy","tag-velka-britanie","tag-world","tag-world-news"],"share_on_mastodon":{"url":"https:\/\/pubeurope.com\/@cz\/117204894848352820","error":""},"_links":{"self":[{"href":"https:\/\/www.europesays.com\/cz\/wp-json\/wp\/v2\/posts\/200728","targetHints":{"allow":["GET"]}}],"collection":[{"href":"https:\/\/www.europesays.com\/cz\/wp-json\/wp\/v2\/posts"}],"about":[{"href":"https:\/\/www.europesays.com\/cz\/wp-json\/wp\/v2\/types\/post"}],"author":[{"embeddable":true,"href":"https:\/\/www.europesays.com\/cz\/wp-json\/wp\/v2\/users\/2"}],"replies":[{"embeddable":true,"href":"https:\/\/www.europesays.com\/cz\/wp-json\/wp\/v2\/comments?post=200728"}],"version-history":[{"count":0,"href":"https:\/\/www.europesays.com\/cz\/wp-json\/wp\/v2\/posts\/200728\/revisions"}],"wp:featuredmedia":[{"embeddable":true,"href":"https:\/\/www.europesays.com\/cz\/wp-json\/wp\/v2\/media\/200729"}],"wp:attachment":[{"href":"https:\/\/www.europesays.com\/cz\/wp-json\/wp\/v2\/media?parent=200728"}],"wp:term":[{"taxonomy":"category","embeddable":true,"href":"https:\/\/www.europesays.com\/cz\/wp-json\/wp\/v2\/categories?post=200728"},{"taxonomy":"post_tag","embeddable":true,"href":"https:\/\/www.europesays.com\/cz\/wp-json\/wp\/v2\/tags?post=200728"}],"curies":[{"name":"wp","href":"https:\/\/api.w.org\/{rel}","templated":true}]}}