{"id":200754,"date":"2026-09-03T03:41:11","date_gmt":"2026-09-03T03:41:11","guid":{"rendered":"https:\/\/www.europesays.com\/cz\/200754\/"},"modified":"2026-09-03T03:41:11","modified_gmt":"2026-09-03T03:41:11","slug":"neuveritelny-nalez-houbar-na-tachovsku-objevil-patnactikiloveho-kotrce","status":"publish","type":"post","link":"https:\/\/www.europesays.com\/cz\/200754\/","title":{"rendered":"Neuv\u011b\u0159iteln\u00fd n\u00e1lez. Houba\u0159 na Tachovsku objevil patn\u00e1ctikilov\u00e9ho kotr\u010de"},"content":{"rendered":"<p class=\"c_bB\">Mu\u017e se p\u016fvodn\u011b vydal ryba\u0159it. \u201eProto\u017ee jsem ale nic po\u0159\u00e1dn\u00e9ho nechytil, cht\u011bl jsem si spravit chu\u0165. S\u00a0p\u0159\u00edtelkyn\u00ed jsem vyrazil do lesa,\u201c vypr\u00e1v\u011bl. Mezi obcemi Bory a\u00a0Vyso\u010dany narazil v\u00a0pond\u011bl\u00ed ve\u010der na dva kotr\u010de, je\u017e rostly hned vedle sebe.<\/p>\n<p class=\"c_bB\">\u201eVid\u011bl jsem je u\u017e zd\u00e1lky. Bylo to \u0161t\u011bst\u00ed, proto\u017ee m\u00edstem v\u011bt\u0161inou nikdo nechod\u00ed,\u201c pokra\u010doval Cudr\u00e1k.<\/p>\n<p class=\"c_bB\">Tam\u011bj\u0161\u00ed lokalitu dob\u0159e zn\u00e1, nav\u00edc dlouh\u00e1 l\u00e9ta pracoval v\u00a0lese. Men\u0161\u00ed houba m\u011bla asi \u010dty\u0159i kila, v\u011bt\u0161\u00ed pak 15,5\u00a0kilogramu. \u201eNa tu u\u017e norm\u00e1ln\u00ed v\u00e1ha nesta\u010dila, tak\u017ee jsem pou\u017eil ryb\u00e1\u0159skou. Obvod plodnice byl sto osmdes\u00e1t jedna centimetr\u016f,\u201c vypo\u010d\u00edtal.<\/p>\n<p><a data-dot=\"atm-link\" target=\"_self\" href=\"https:\/\/www.novinky.cz\/clanek\/koktejl-houbari-hlavu-vzhuru-po-vlne-veder-zase-porostou-vzkazuje-botanik-nemec-40593795\" class=\"c_I\" rel=\"nofollow noopener\"><img fetchpriority=\"high\" height=\"1868\" width=\"3320\" src=\"https:\/\/www.europesays.com\/cz\/wp-content\/uploads\/2026\/09\/houby-sezona-nemec.jpeg\" loading=\"eager\" decoding=\"sync\" class=\"c_t c_r\"\/><\/a><\/p>\n<p class=\"c_bB\">N\u00e1sledn\u011b p\u0159em\u00fd\u0161lel, jak obra dostat dom\u016f. \u201eNakonec jsme ho dali do mikiny a\u00a0ve dvou odnesli k\u00a0autu,\u201c zm\u00ednil. Z\u00a0\u00falovku, s\u00a0n\u00edm\u017e ho p\u0159\u00edtelkyn\u011b na pam\u00e1tku vyfotografovala, m\u011bl opravdu radost. \u201eJsem v\u00e1\u0161niv\u00fd houba\u0159, je to m\u016fj kon\u00ed\u010dek a\u00a0do lesa chod\u00edm odmali\u010dka. Ale takov\u00e9ho kotr\u010de jsem zat\u00edm nena\u0161el,\u201c poznamenal mu\u017e.<\/p>\n<p class=\"c_bB\">Miroslav Marek z\u00a0pelh\u0159imovsk\u00e9 agentury Dobr\u00fd den potvrdil, \u017ee jde o\u00a0nov\u00fd \u010desk\u00fd rekord. \u201eV nejbli\u017e\u0161\u00edch dnech ho zap\u00ed\u0161eme do databanky,\u201c \u0159ekl Marek.<\/p>\n<p class=\"c_bB\">Te\u010f u\u017e zb\u00fdv\u00e1 jenom houbu zpracovat. Z\u00a0men\u0161\u00edho \u00falovku partne\u0159i ud\u011blali pol\u00e9vku\u00a0\u2013 takzvanou kotr\u010dovku, na rozporcov\u00e1n\u00ed v\u011bt\u0161\u00edho se teprve chystaj\u00ed. \u201eRoz\u0159\u00edzneme ho na \u010d\u00e1sti a\u00a0ur\u010dit\u011b rozd\u00e1me rodin\u011b i\u00a0p\u0159\u00e1tel\u016fm,\u201c uvedl.<\/p>\n<p><img height=\"1200\"   width=\"1600\" src=\"https:\/\/www.europesays.com\/cz\/wp-content\/uploads\/2026\/09\/houba-kotrc-tachovsko-nalez-les.jpeg\" loading=\"eager\" decoding=\"sync\" class=\"c_t c_r\"\/>Foto: Josef Cudr\u00e1k<\/p>\n<p class=\"c_bB\">Jde o\u00a0\u010desk\u00fd rekord, potvrdila Agentura Dobr\u00fd den.<\/p>\n<p><img height=\"1542\"   width=\"2048\" src=\"https:\/\/www.europesays.com\/cz\/wp-content\/uploads\/2026\/09\/1788406871_916_houba-kotrc-tachovsko-nalez-les.jpeg\" loading=\"eager\" decoding=\"sync\" class=\"c_t c_r\"\/>Foto: Josef Cudr\u00e1k<\/p>\n<p class=\"c_bB\">V lese rostly dva velk\u00e9 kotr\u010de hned vedle sebe. <\/p>\n<p><a data-dot=\"atm-link\" target=\"_self\" href=\"https:\/\/www.novinky.cz\/clanek\/koktejl-dalsi-necekany-nalez-v-byte-po-zemrelem-muzi-z-plzenska-lezely-tisice-cennych-nalepek-40592308\" class=\"c_I\" rel=\"nofollow noopener\"><img height=\"1152\" width=\"2048\" src=\"https:\/\/www.europesays.com\/cz\/wp-content\/uploads\/2026\/09\/pozustalost-plzen-nalepky-zapalky.jpeg\" loading=\"eager\" decoding=\"sync\" class=\"c_t c_r\"\/><\/a><\/p>\n","protected":false},"excerpt":{"rendered":"Mu\u017e se p\u016fvodn\u011b vydal ryba\u0159it. \u201eProto\u017ee jsem ale nic po\u0159\u00e1dn\u00e9ho nechytil, cht\u011bl jsem si spravit chu\u0165. S\u00a0p\u0159\u00edtelkyn\u00ed jsem&hellip;\n","protected":false},"author":2,"featured_media":200755,"comment_status":"","ping_status":"","sticky":false,"template":"","format":"standard","meta":{"footnotes":"","_share_on_mastodon":"0"},"categories":[7],"tags":[43,42,41,40,15953,45660,1561,25590,7083],"class_list":["post-200754","post","type-post","status-publish","format-standard","has-post-thumbnail","category-cesko","tag-ceska-republika","tag-cesko","tag-czech-republic","tag-czechia","tag-houby","tag-kotrc","tag-rekord","tag-sber","tag-tachovsko"],"share_on_mastodon":{"url":"https:\/\/pubeurope.com\/@cz\/117205040267583730","error":""},"_links":{"self":[{"href":"https:\/\/www.europesays.com\/cz\/wp-json\/wp\/v2\/posts\/200754","targetHints":{"allow":["GET"]}}],"collection":[{"href":"https:\/\/www.europesays.com\/cz\/wp-json\/wp\/v2\/posts"}],"about":[{"href":"https:\/\/www.europesays.com\/cz\/wp-json\/wp\/v2\/types\/post"}],"author":[{"embeddable":true,"href":"https:\/\/www.europesays.com\/cz\/wp-json\/wp\/v2\/users\/2"}],"replies":[{"embeddable":true,"href":"https:\/\/www.europesays.com\/cz\/wp-json\/wp\/v2\/comments?post=200754"}],"version-history":[{"count":0,"href":"https:\/\/www.europesays.com\/cz\/wp-json\/wp\/v2\/posts\/200754\/revisions"}],"wp:featuredmedia":[{"embeddable":true,"href":"https:\/\/www.europesays.com\/cz\/wp-json\/wp\/v2\/media\/200755"}],"wp:attachment":[{"href":"https:\/\/www.europesays.com\/cz\/wp-json\/wp\/v2\/media?parent=200754"}],"wp:term":[{"taxonomy":"category","embeddable":true,"href":"https:\/\/www.europesays.com\/cz\/wp-json\/wp\/v2\/categories?post=200754"},{"taxonomy":"post_tag","embeddable":true,"href":"https:\/\/www.europesays.com\/cz\/wp-json\/wp\/v2\/tags?post=200754"}],"curies":[{"name":"wp","href":"https:\/\/api.w.org\/{rel}","templated":true}]}}