{"id":200764,"date":"2026-09-03T03:53:20","date_gmt":"2026-09-03T03:53:20","guid":{"rendered":"https:\/\/www.europesays.com\/cz\/200764\/"},"modified":"2026-09-03T03:53:20","modified_gmt":"2026-09-03T03:53:20","slug":"ve-skole-pribyly-dve-tridy-na-plavce-ceka-opraveny-bazen-2","status":"publish","type":"post","link":"https:\/\/www.europesays.com\/cz\/200764\/","title":{"rendered":"Ve \u0161kole p\u0159ibyly dv\u011b t\u0159\u00eddy, na plavce \u010dek\u00e1 opraven\u00fd baz\u00e9n"},"content":{"rendered":"<p>&#13;<br \/>\n\t\t\t&#13;<br \/>\n\t\t\t02.09.2026&#13;\n\t\t\t<\/p>\n<p>\t\t\t\t\t<img decoding=\"async\" src=\"https:\/\/www.europesays.com\/cz\/wp-content\/uploads\/2026\/09\/20260902145441_ZS-Weberova-bazen-(2).JPG\" alt=\"Ve \u0161kole p\u0159ibyly dv\u011b t\u0159\u00eddy, na plavce \u010dek\u00e1 opraven\u00fd baz\u00e9n\" class=\"img-responsive\"\/><\/p>\n<p class=\"foto-info-itm\">Foto: M\u010c Praha 5<\/p>\n<p class=\"foto-info-itm\">Popisek: Zrekonstruovan\u00fd baz\u00e9n v z\u00e1kladn\u00ed \u0161kole Weberova<\/p>\n<p class=\"clk-perex\" id=\"perex-35628\">V Z\u0160 Weberova v Ko\u0161\u00ed\u0159\u00edch se 1. z\u00e1\u0159\u00ed otev\u0159ou dv\u011b nov\u00e9 t\u0159\u00eddy a zrekonstruovan\u00fd baz\u00e9n. P\u00e1sku dnes slavnostn\u011b p\u0159est\u0159ihli z\u00e1stupci sm\u00edchovsk\u00e9 radnice a zhotovitel\u016f.<\/p>\n<p>Dal\u0161\u00ed m\u00edsta v\u00a0lavic\u00edch jsou podle starosty Luk\u00e1\u0161e Herolda (ODS) pot\u0159eba, proto\u017ee v\u00a0m\u011bstsk\u00e9 \u010d\u00e1sti \u017eije hodn\u011b d\u011bt\u00ed \u0161kolou povinn\u00fdch. Investice v\u0161ak nebude marn\u00e1 ani v p\u0159\u00edpad\u011b p\u0159edpokl\u00e1dan\u00e9ho poklesu demografick\u00e9 k\u0159ivky. \u0160kola prostory vyu\u017eije jako dru\u017einu.\u00a0<\/p>\n<p>\u201eDostatek m\u00edst ve \u0161kol\u00e1ch je pro n\u00e1s jednou z hlavn\u00edch priorit. Nov\u00e9 modul\u00e1rn\u00ed t\u0159\u00eddy p\u0159edstavuj\u00ed rychl\u00e9 a efektivn\u00ed \u0159e\u0161en\u00ed, kter\u00e9 pom\u016f\u017ee zajistit, aby co nejv\u00edce d\u011bt\u00ed mohlo nav\u0161t\u011bvovat \u0161kolu v m\u00edst\u011b sv\u00e9ho bydli\u0161t\u011b,\u201c konstatoval Herold, kter\u00fd ocenil rychlost, s\u00a0jakou nov\u00e9 prostory vznikly. Samotn\u00e1 stavba zabrala asi t\u0159i m\u011bs\u00edce. Na slavnostn\u00edm zah\u00e1jen\u00ed provozu pak pod\u011bkoval v\u0161em, kte\u0159\u00ed se na d\u016fle\u017eit\u00e9m projektu pod\u00edleli.<\/p>\n<p>Tak\u00e9 m\u00edstostarosta pro investice a sport David Du\u0161ek (STAN) vyzdvihl svi\u017enost, s\u00a0jakou se sou\u010dasn\u00e9mu veden\u00ed Prahy 5 poda\u0159ilo prostory vybudovat. \u201eO projektu jsme za\u010dali uva\u017eovat loni v\u00a0l\u00e9t\u011b. Na podzim vznikla studie, v\u00a0zim\u011b jsme vysout\u011b\u017eili dodavatele. Kolaudaci jsme dok\u00e1zali ud\u011blat tak, aby tyto dv\u011b t\u0159\u00eddy byly zaps\u00e1ny v\u00a0rejst\u0159\u00edku \u0161kol a mohly otev\u0159\u00edt leto\u0161n\u00ed \u0161koln\u00ed rok,\u201c p\u0159ibl\u00ed\u017eil.\u00a0<\/p>\n<p>\u201eD\u016fvodem pot\u0159eby nav\u00fd\u0161en\u00ed kapacity \u0161koly je roz\u0161\u00ed\u0159en\u00ed sp\u00e1dov\u00e9 oblasti \u0161koly a p\u0159estup \u017e\u00e1k\u016f ze Z\u0160 Podb\u011blohorsk\u00e1 na 2. stupe\u0148,\u201c doplnil m\u00edstostarosta pro \u0161kolstv\u00ed Martin Dama\u0161ek (TOP 09).<\/p>\n<p>Z\u00e1kladn\u00ed \u0161kola Weberova tak od za\u010d\u00e1tku z\u00e1\u0159\u00ed pojme 770 \u017e\u00e1k\u016f oproti dosavadn\u00edm 720.<\/p>\n<p>Majitel firmy Zl\u00ednsk\u00e9 stavby Tom\u00e1\u0161 Hlavi\u010dka, kter\u00e1 t\u0159\u00eddy budovala, pod\u011bkoval za d\u016fv\u011bru p\u0159i realizaci tohoto \u010dasov\u011b n\u00e1ro\u010dn\u00e9ho projektu. \u201eCel\u00fd t\u00fdm z\u00a0Prahy 5 byl v\u017edy n\u00e1pomocen a pru\u017en\u011b \u0159e\u0161il ve\u0161ker\u00e9 v\u011bci, kter\u00e9 vyvstaly,\u201c hodnotil.<\/p>\n<p>\u00a0<\/p>\n<p style=\"text-align: left;\"><img loading=\"lazy\" decoding=\"async\" src=\"https:\/\/www.europesays.com\/cz\/wp-content\/uploads\/2026\/09\/Z-Weberova-strihani-a-otvirani-vyber-(8)_20260902.JPG\" alt=\"\" width=\"700\" height=\"398\"\/>Slavnostn\u00ed p\u0159est\u0159ih\u00e1v\u00e1n\u00ed p\u00e1sky u nov\u00fdch modul\u00e1rn\u00edch t\u0159\u00edd v Z\u0160 Weberova. Foto M\u010c Praha 5<\/p>\n<p>Opraven\u00fd plaveck\u00fd baz\u00e9n spustil 1. z\u00e1\u0159\u00ed zku\u0161ebn\u00ed provoz. Renovovan\u00e9 za\u0159\u00edzen\u00ed budou vyu\u017e\u00edvat nejen \u0161kol\u00e1ci pro v\u00fduku plav\u00e1n\u00ed, ale v\u00a0odpoledn\u00edch hodin\u00e1ch tak\u00e9 sportovn\u00ed kluby nebo plaveck\u00e9 \u0161koly. \u201eV\u00fdsledek je super,\u201c zhodnotil starosta.<\/p>\n<p>Rekonstrukce pl\u00e1nov\u00e1na od minul\u00e9ho volebn\u00edho obdob\u00ed byla nezbytn\u00e1, nebo\u0165 baz\u00e9n dosp\u011bl do \u0161patn\u00e9ho technick\u00e9ho stavu a hrozilo jeho uzav\u0159en\u00ed.<\/p>\n<p>Kompletn\u00ed oprava obl\u00edben\u00e9ho sportovi\u0161t\u011b z p\u0159elomu 70. a 80. let minul\u00e9ho stolet\u00ed za\u010dala loni v\u00a0\u010dervenci. Baz\u00e9n je nov\u00e1 monolitick\u00e1 betonov\u00e1 konstrukce. M\u00e1 z\u00e1vodn\u00ed parametry. Na d\u00e9lku m\u011b\u0159\u00ed 25 metr\u016f a dva cm, \u0161irok\u00fd je 10,4 metry. Roz\u0161\u00ed\u0159il se o 40 cm a nab\u00edz\u00ed p\u011bt drah. Zku\u0161ebn\u00ed provoz potrv\u00e1 \u0161est m\u011bs\u00edc\u016f.<\/p>\n<p>\u201eA\u010d se to zd\u00e1lo jako relativn\u011b mal\u00e1 stavba, o to slo\u017eit\u011bj\u0161\u00ed byla, proto\u017ee ji bylo t\u0159eba prov\u00e9st v\u00a0rekordn\u00edm \u010dase. A to by bez profesion\u00e1ln\u00edho p\u0159\u00edstupu z\u00e1stupc\u016f m\u011bsta, spr\u00e1vce stavby, projektanta a dal\u0161\u00edch nebylo mo\u017en\u00e9,\u201c konstatovala Pavel Kalou\u0161, v\u00fdrobn\u00ed n\u00e1m\u011bstek firmy Metrostav, kter\u00e1 baz\u00e9n renovovala.<\/p>\n<p>N\u00e1klady na vybudov\u00e1n\u00ed t\u0159\u00edd \u010dinily p\u0159ibli\u017en\u011b 28 milion\u016f korun bez DPH, baz\u00e9n vy\u0161el na 96 milion\u016f korun bez DPH. \u201eM\u011bstsk\u00e1 \u010d\u00e1st z\u00edskala od hlavn\u00edho m\u011bsta Prahy dotaci na rekonstrukci baz\u00e9nu ve v\u00fd\u0161i 15 milion\u016f korun a na vybudov\u00e1n\u00ed nov\u00fdch modul\u00e1rn\u00edch t\u0159\u00edd dotaci ve v\u00fd\u0161i 20 milion\u016f korun,\u201c up\u0159esnil 1. m\u00edstostarosta Petr Lachnit (ANO), kter\u00fd m\u00e1 na starosti finance.\u00a0<\/p>\n<p>Tak\u00e9 \u0159editel \u0161koly Karel \u010cerm\u00e1k d\u011bkoval radnici a zhotovitel\u016fm za oba projekty a ocenil, \u017ee \u0161ly hladce.<\/p>\n<p>\u201eZastaral\u00fd objekt ze 70. let jsme spole\u010dn\u011b s gener\u00e1ln\u00edm dodavatelem prom\u011bnili v modern\u00ed sportovi\u0161t\u011b 21. stolet\u00ed. M\u00e1m velkou radost, \u017ee po v\u00edce ne\u017e dvou letech intenzivn\u00ed pr\u00e1ce p\u0159ed\u00e1v\u00e1me \u017e\u00e1k\u016fm i ve\u0159ejnosti bezpe\u010dn\u00e9, modern\u00ed a \u00fasporn\u00e9 za\u0159\u00edzen\u00ed,\u201c uvedl k\u00a0renovaci baz\u00e9nu Tom\u00e1\u0161 Fetters, jednatel spole\u010dnosti Fetters management, spr\u00e1vce stavby. Vedle baz\u00e9nu se jejich pr\u00e1ce t\u00fdkala i v\u00fdstavby nov\u00fdch t\u0159\u00edd.<\/p>\n<p>Lucie Fialov\u00e1<\/p>\n<p class=\"autor\">Vlo\u017eil: <a href=\"https:\/\/www.krajskelisty.cz\/autor\/marketa-vancova.htm\" rel=\"nofollow noopener\" target=\"_blank\">Mark\u00e9ta  Van\u010dov\u00e1<\/a><\/p>\n","protected":false},"excerpt":{"rendered":"&#13; &#13; 02.09.2026&#13; Foto: M\u010c Praha 5 Popisek: Zrekonstruovan\u00fd baz\u00e9n v z\u00e1kladn\u00ed \u0161kole Weberova V Z\u0160 Weberova v&hellip;\n","protected":false},"author":2,"featured_media":200765,"comment_status":"","ping_status":"","sticky":false,"template":"","format":"standard","meta":{"footnotes":"","_share_on_mastodon":"0"},"categories":[30],"tags":[7014,215,3941,216,98,99,214,36973],"class_list":["post-200764","post","type-post","status-publish","format-standard","has-post-thumbnail","category-praha","tag-david-dusek","tag-lukas-herold","tag-martin-damasek","tag-petr-lachnit","tag-prague","tag-praha","tag-praha-5","tag-zs-weberova"],"share_on_mastodon":{"url":"https:\/\/pubeurope.com\/@cz\/117205087625176724","error":""},"_links":{"self":[{"href":"https:\/\/www.europesays.com\/cz\/wp-json\/wp\/v2\/posts\/200764","targetHints":{"allow":["GET"]}}],"collection":[{"href":"https:\/\/www.europesays.com\/cz\/wp-json\/wp\/v2\/posts"}],"about":[{"href":"https:\/\/www.europesays.com\/cz\/wp-json\/wp\/v2\/types\/post"}],"author":[{"embeddable":true,"href":"https:\/\/www.europesays.com\/cz\/wp-json\/wp\/v2\/users\/2"}],"replies":[{"embeddable":true,"href":"https:\/\/www.europesays.com\/cz\/wp-json\/wp\/v2\/comments?post=200764"}],"version-history":[{"count":0,"href":"https:\/\/www.europesays.com\/cz\/wp-json\/wp\/v2\/posts\/200764\/revisions"}],"wp:featuredmedia":[{"embeddable":true,"href":"https:\/\/www.europesays.com\/cz\/wp-json\/wp\/v2\/media\/200765"}],"wp:attachment":[{"href":"https:\/\/www.europesays.com\/cz\/wp-json\/wp\/v2\/media?parent=200764"}],"wp:term":[{"taxonomy":"category","embeddable":true,"href":"https:\/\/www.europesays.com\/cz\/wp-json\/wp\/v2\/categories?post=200764"},{"taxonomy":"post_tag","embeddable":true,"href":"https:\/\/www.europesays.com\/cz\/wp-json\/wp\/v2\/tags?post=200764"}],"curies":[{"name":"wp","href":"https:\/\/api.w.org\/{rel}","templated":true}]}}