{"id":200778,"date":"2026-09-03T04:16:12","date_gmt":"2026-09-03T04:16:12","guid":{"rendered":"https:\/\/www.europesays.com\/cz\/200778\/"},"modified":"2026-09-03T04:16:12","modified_gmt":"2026-09-03T04:16:12","slug":"dalsi-zprisneni-pro-ukrajinske-uprchliky-dansko-ho-chysta-cesko-zvazuje","status":"publish","type":"post","link":"https:\/\/www.europesays.com\/cz\/200778\/","title":{"rendered":"Dal\u0161\u00ed zp\u0159\u00edsn\u011bn\u00ed pro ukrajinsk\u00e9 uprchl\u00edky. D\u00e1nsko ho chyst\u00e1, \u010cesko zva\u017euje"},"content":{"rendered":"<p class=\"c_bB\">\u201eByly to varianty, o\u00a0kter\u00fdch jsme uva\u017eovali hned na za\u010d\u00e1tku, ale nakonec se k\u00a0tomu v\u00a0r\u00e1mci diskuse v\u00a0Evropsk\u00e9 unii nep\u0159istoupilo,\u201c \u0159ekl ministr vnitra Lubom\u00edr Metnar (ANO) o\u00a0\u00favah\u00e1ch, \u017ee by se v\u00a0Unii u\u017e neud\u011blovala do\u010dasn\u00e1 ochrana p\u0159\u00edchoz\u00edm z\u00a0bezpe\u010dn\u00fdch oblast\u00ed Ukrajiny.<\/p>\n<p class=\"c_bB\">T\u00edmto zp\u016fsobem u\u017e postupuje Norsko a\u00a0\u0160v\u00fdcarsko, kter\u00e9 nejsou \u010dleny Unie, a\u00a0nyn\u00ed se ho chyst\u00e1 zav\u00e9st D\u00e1nsko. To d\u00edky v\u00fdjimce z\u00a0unijn\u00edch pravidel m\u016f\u017ee postupovat svobodn\u011bji ne\u017e ostatn\u00ed \u010dlensk\u00e9 st\u00e1ty.<\/p>\n<p class=\"c_bB\">D\u00e1nsko ur\u010dilo \u010dtrn\u00e1ct oblast\u00ed na z\u00e1pad\u011b a\u00a0ve st\u0159edu Ukrajiny, s\u00a0v\u00fdjimkou Kyjeva, kter\u00e9 ozna\u010dilo za relativn\u011b bezpe\u010dn\u00e9 pro civiln\u00ed obyvatele. Uprchl\u00edk\u016fm z\u00a0t\u011bchto oblast\u00ed pak u\u017e nechce plo\u0161n\u011b d\u00e1vat takzvanou do\u010dasnou ochranu, d\u00edky kter\u00e9 mohou ute\u010denci v\u00a0hostitelsk\u00e9 zemi leg\u00e1ln\u011b bydlet a\u00a0pracovat.<\/p>\n<p><a data-dot=\"atm-link\" target=\"_self\" href=\"https:\/\/www.novinky.cz\/clanek\/domaci-neprokazali-splneni-vojenske-povinnosti-uz-desitky-ukrajincu-nedostaly-v-cesku-docasnou-ochranu-40592443\" class=\"c_I\" rel=\"nofollow noopener\"><img fetchpriority=\"high\" height=\"3375\" width=\"6000\" src=\"https:\/\/www.europesays.com\/cz\/wp-content\/uploads\/2026\/09\/pas-ukrajina.jpeg\" loading=\"eager\" decoding=\"sync\" class=\"c_t c_r\"\/><\/a><\/p>\n<p class=\"c_bB\">Podle d\u00e1nsk\u00e9ho ministra pro imigraci a\u00a0integraci Mortena B\u00f8dskova jsou uprchl\u00edci n\u00e1porem na tamn\u00ed spole\u010dnost. \u201eN\u011bkter\u00e9 obce bojuj\u00ed s\u00a0t\u00edm, aby na\u0161ly ubytov\u00e1n\u00ed pro tak velk\u00fd po\u010det Ukrajinc\u016f a\u00a0aby je integrovaly do d\u00e1nsk\u00e9 spole\u010dnosti,\u201c <a data-dot=\"atm-link\" target=\"_blank\" rel=\"noopener nofollow\" href=\"https:\/\/www.rp.pl\/polityka\/art45039361-dania-chce-ograniczyc-naplyw-ukraincow-rzad-szykuje-zaostrzenie-przepisow\" class=\"c_I\">uvedl<\/a>.<\/p>\n<p class=\"c_bB\">Dodal, \u017ee v\u00a0D\u00e1nsku \u017eije 47\u00a0600\u00a0ukrajinsk\u00fdch uprchl\u00edk\u016f. V\u00a0\u010cesku je p\u0159itom ute\u010denc\u016f z\u00a0Ukrajiny p\u0159es 398\u00a0tis\u00edc a\u00a0zat\u00edmco v\u00a0D\u00e1nsku tak na tis\u00edc obyvatel p\u0159ipad\u00e1 osm uprchl\u00edk\u016f z\u00a0Ukrajiny, v\u00a0\u010cesku je to 36, nejv\u00edce ze v\u0161ech unijn\u00edch zem\u00ed. <\/p>\n<p class=\"c_bB\">\u201eDlouhodob\u011b se \u010desk\u00e9 kapacity\u00a0pohybuj\u00ed na hranici mo\u017enost\u00ed. P\u0159\u00edpadn\u00fd dal\u0161\u00ed p\u0159\u00edchod v\u011bt\u0161\u00edho po\u010dtu uprchl\u00edk\u016f by kapacitu v\u00fdznamn\u011b p\u0159es\u00e1hl,\u201c sd\u011blila u\u017e d\u0159\u00edve mluv\u010d\u00ed ministerstva vnitra Hana Mal\u00e1.<\/p>\n<p class=\"c_bB\">Omezen\u00ed, kter\u00e9 chyst\u00e1 D\u00e1nsko, popisoval Metnar Novink\u00e1m u\u017e v\u00a0b\u0159eznu, kdy\u017e mluvil o\u00a0mo\u017en\u00e9m omezen\u00ed do\u010dasn\u00e9 ochrany. \u201e\u00dapravu cht\u011bj\u00ed i\u00a0ostatn\u00ed zem\u011b, mohla by b\u00fdt v\u00a0n\u011bkolika sm\u011brech. Geografick\u00e9 hledisko by znamenalo, \u017ee by z\u00a0toho byl vy\u0148at z\u00e1pad Ukrajiny, tedy ta pom\u011brn\u011b bezpe\u010dn\u00e1 \u010d\u00e1st,\u201c sd\u011bloval tehdy.<\/p>\n<p>Anketa<\/p>\n<p>M\u00e1 b\u00fdt poskytov\u00e1na ochrana p\u0159\u00edchoz\u00edm z\u00a0bezpe\u010dn\u00fdch \u010d\u00e1st\u00ed Ukrajiny?<\/p>\n<p>Celkem<br \/>\n\t\t\t\thlasovalo<br \/>\n\t\t\t\t1035<br \/>\n\t\t\t\t\u010dten\u00e1\u0159\u016f.<\/p>\n<p><a data-dot=\"atm-link\" target=\"_self\" href=\"https:\/\/www.novinky.cz\/clanek\/domaci-bojeschopnych-ukrajincu-prichazi-do-ceska-vyrazne-mene-40595457\" class=\"c_I\" rel=\"nofollow noopener\"><img height=\"720\" width=\"1280\" src=\"https:\/\/www.europesays.com\/cz\/wp-content\/uploads\/2026\/09\/uprchlici-graf.jpeg\" loading=\"eager\" decoding=\"sync\" class=\"c_t c_r\"\/><\/a><\/p>\n<p class=\"c_bB\">Shodu na tomto opat\u0159en\u00ed v\u0161ak \u010dlensk\u00e9 st\u00e1ty nena\u0161ly, dohodly se v\u0161ak na jin\u00e9 \u00faprav\u011b. Od 5.\u00a0srpna se v\u00a0cel\u00e9 Evropsk\u00e9 unii neud\u011bluje ochrana mu\u017esk\u00fdm uprchl\u00edk\u016fm ve v\u011bku 23\u00a0a\u017e 60\u00a0let, kte\u0159\u00ed v\u00a0domovsk\u00e9 zemi nemaj\u00ed spln\u011bn\u00e9 vojensk\u00e9 povinnosti. Sama Ukrajina jim vycestov\u00e1n\u00ed nedovoluje, pot\u0159ebuje je jako voj\u00e1ky i\u00a0pro n\u00e1slednou rekonstrukci zem\u011b.<\/p>\n<p class=\"c_bB\">Toto opat\u0159en\u00ed u\u017e m\u00e1 efekt i\u00a0v \u010cesku. \u201eN\u00e1por p\u0159\u00edchoz\u00edch v\u00a0tomto v\u011bku se sni\u017euje,\u201c uvedl Metnar a\u00a0dodal, \u017ee zat\u00edmco v\u00a0minulosti tvo\u0159ili mu\u017ei v\u00a0t\u00e9to v\u011bkov\u00e9 kategorii dvacet procent, po zaveden\u00ed tohoto opat\u0159en\u00ed je to sedm procent.<\/p>\n<p class=\"c_bB\">Nemus\u00ed to v\u0161ak b\u00fdt jedin\u00e9 omezen\u00ed, kter\u00e9 se do\u010dasn\u00e9 ochrany dotkne, popisovan\u00e1 my\u0161lenka bezpe\u010dn\u00fdch oblast\u00ed se toti\u017e m\u016f\u017ee vr\u00e1tit do hry. Na ot\u00e1zku, zda by podobn\u00e9 opat\u0159en\u00ed mohlo zav\u00e9st po vzoru D\u00e1nska i\u00a0\u010cesko, Metnar odpov\u011bd\u011bl: \u201eV\u0161e je v\u00a0b\u011bhu, uvid\u00edme, jak se situace bude vyv\u00edjet. Ned\u00e1 se to vylou\u010dit.\u201c<\/p>\n<p class=\"c_bB\">\u010cesko by takov\u00e9 opat\u0159en\u00ed nemohlo zav\u00e9st samo, ale muselo by hledat shodu s\u00a0dal\u0161\u00edmi \u010dlensk\u00fdmi st\u00e1ty Unie.<\/p>\n<p><a data-dot=\"atm-link\" target=\"_self\" href=\"https:\/\/www.novinky.cz\/clanek\/veda-skoly-zkusenosti-ukrajincu-s-zivotem-v-cesko-bavorskem-pohranici-zachyti-pocitova-mapa-40590288\" class=\"c_I\" rel=\"nofollow noopener\"><img height=\"655\" width=\"1165\" src=\"https:\/\/www.europesays.com\/cz\/wp-content\/uploads\/2026\/09\/ukrajinci-vyzkum-zcu-plzen-tachovsko.jpeg\" loading=\"eager\" decoding=\"sync\" class=\"c_t c_r\"\/><\/a><\/p>\n","protected":false},"excerpt":{"rendered":"\u201eByly to varianty, o\u00a0kter\u00fdch jsme uva\u017eovali hned na za\u010d\u00e1tku, ale nakonec se k\u00a0tomu v\u00a0r\u00e1mci diskuse v\u00a0Evropsk\u00e9 unii nep\u0159istoupilo,\u201c&hellip;\n","protected":false},"author":2,"featured_media":200779,"comment_status":"","ping_status":"","sticky":false,"template":"","format":"standard","meta":{"footnotes":"","_share_on_mastodon":"0"},"categories":[11],"tags":[1260,174,54,110,1261,53,52],"class_list":["post-200778","post","type-post","status-publish","format-standard","has-post-thumbnail","category-svet","tag-migrace","tag-politika","tag-svet","tag-ukrajina","tag-uprchlici","tag-world","tag-world-news"],"share_on_mastodon":{"url":"https:\/\/pubeurope.com\/@cz\/117205178315081228","error":""},"_links":{"self":[{"href":"https:\/\/www.europesays.com\/cz\/wp-json\/wp\/v2\/posts\/200778","targetHints":{"allow":["GET"]}}],"collection":[{"href":"https:\/\/www.europesays.com\/cz\/wp-json\/wp\/v2\/posts"}],"about":[{"href":"https:\/\/www.europesays.com\/cz\/wp-json\/wp\/v2\/types\/post"}],"author":[{"embeddable":true,"href":"https:\/\/www.europesays.com\/cz\/wp-json\/wp\/v2\/users\/2"}],"replies":[{"embeddable":true,"href":"https:\/\/www.europesays.com\/cz\/wp-json\/wp\/v2\/comments?post=200778"}],"version-history":[{"count":0,"href":"https:\/\/www.europesays.com\/cz\/wp-json\/wp\/v2\/posts\/200778\/revisions"}],"wp:featuredmedia":[{"embeddable":true,"href":"https:\/\/www.europesays.com\/cz\/wp-json\/wp\/v2\/media\/200779"}],"wp:attachment":[{"href":"https:\/\/www.europesays.com\/cz\/wp-json\/wp\/v2\/media?parent=200778"}],"wp:term":[{"taxonomy":"category","embeddable":true,"href":"https:\/\/www.europesays.com\/cz\/wp-json\/wp\/v2\/categories?post=200778"},{"taxonomy":"post_tag","embeddable":true,"href":"https:\/\/www.europesays.com\/cz\/wp-json\/wp\/v2\/tags?post=200778"}],"curies":[{"name":"wp","href":"https:\/\/api.w.org\/{rel}","templated":true}]}}