{"id":200780,"date":"2026-09-03T04:17:14","date_gmt":"2026-09-03T04:17:14","guid":{"rendered":"https:\/\/www.europesays.com\/cz\/200780\/"},"modified":"2026-09-03T04:17:14","modified_gmt":"2026-09-03T04:17:14","slug":"na-cesko-se-zene-dalsi-pohroma-pocasi-v-pristim-tydnu-bude-horsi-nez-meteorologove-cekali","status":"publish","type":"post","link":"https:\/\/www.europesays.com\/cz\/200780\/","title":{"rendered":"Na \u010cesko se \u017eene dal\u0161\u00ed pohroma. Po\u010das\u00ed v p\u0159\u00ed\u0161t\u00edm t\u00fddnu bude hor\u0161\u00ed, ne\u017e meteorologov\u00e9 \u010dekali"},"content":{"rendered":"<p>Jakkoli se pr\u016fb\u011bh z\u00e1\u0159\u00ed o\u010dek\u00e1val sp\u00ed\u0161 klidn\u00fd a slune\u010dn\u00fd, nyn\u00ed je jasn\u00e9, \u017ee se po\u010das\u00ed je\u0161t\u011b tak zcela nevybou\u0159ilo. Vysok\u00e9 teploty na konci t\u00fddne budou vyst\u0159\u00edd\u00e1ny bou\u0159kami, a v p\u0159\u00ed\u0161t\u00edm t\u00fddnu se m\u00e1 nav\u00edc citeln\u011b ochladit.<\/p>\n<p>Je\u0161t\u011b ve \u010dtvrtek se otepl\u00ed na 22 a\u017e 26 \u00b0C a jih Moravy se dostane a\u017e k 28 \u00b0C. Nejteplej\u0161\u00edm dnem pracovn\u00edho t\u00fddne bude p\u00e1tek. Meteorologov\u00e9 o\u010dek\u00e1vaj\u00ed maxima mezi 24 a 28 \u00b0C, p\u0159i\u010dem\u017e na ji\u017en\u00ed Morav\u011b m\u016f\u017ee teplota vystoupat a\u017e na tropick\u00fdch 30 \u00b0C.<\/p>\n<p>V tyto dny p\u0159itom bude p\u0159evl\u00e1dat polojasn\u00e1 obloha. D\u00e9\u0161\u0165 se objev\u00ed sp\u00ed\u0161e v\u00fdjime\u010dn\u011b. Zlom p\u0159ijde v sobotu, kdy se do po\u010das\u00ed za\u010dne v\u00fdrazn\u011bji prosazovat studen\u011bj\u0161\u00ed vzduch a s n\u00edm tak\u00e9 sr\u00e1\u017eky.<\/p>\n<p> Mohlo by v\u00e1s zaj\u00edmat: <a href=\"https:\/\/www.nespechej.cz\/clanky\/pronajali-dum-a-s-tremi-detmi-se-odstehovali-na-bali-ziji-z-penez-za-pronajem-a-vratit-se-neplanuji-20260902-10121.html?utm_source=eco&amp;utm_medium=newsfeed&amp;utm_campaign=mohlobyvaszajimat\" target=\"_blank\" rel=\"noopener noreferrer nofollow\">Pronajali d\u016fm a se t\u0159emi d\u011btmi se odst\u011bhovali na Bali. \u017dij\u00ed z pen\u011bz za pron\u00e1jem a vr\u00e1tit se nepl\u00e1nuj\u00ed<img decoding=\"async\" src=\"https:\/\/www.europesays.com\/cz\/wp-content\/uploads\/2026\/09\/1788409034_533_w1024.webp\" alt=\"Pronajali d\u016fm a se t\u0159emi d\u011btmi se odst\u011bhovali na Bali. \u017dij\u00ed z pen\u011bz za pron\u00e1jem a vr\u00e1tit se nepl\u00e1nuj\u00ed\"\/><\/a> Po\u010das\u00ed se zkaz\u00ed o v\u00edkendu <\/p>\n<p>Teploty se v sobotu dostanou nejv\u00fd\u0161e na 20 a\u017e 25 \u00b0C, na jihu a jihov\u00fdchod\u011b \u010ceska mohou b\u00fdt je\u0161t\u011b o n\u011bco vy\u0161\u0161\u00ed, a\u017e kolem 28 \u00b0C. M\u00edsty se mohou objevit p\u0159eh\u00e1\u0148ky a tak\u00e9 bou\u0159ky.<\/p>\n<p>\u010cHM\u00da o\u010dek\u00e1v\u00e1 b\u011bhem dne p\u0159echodn\u011b v\u00edce obla\u010dnosti. Na v\u011bt\u0161in\u011b \u00fazem\u00ed se mohou vyskytnout d\u00e9\u0161\u0165 nebo p\u0159eh\u00e1\u0148ky a v\u00fdjime\u010dn\u011b i bou\u0159ky.<\/p>\n<p>Ned\u011ble u\u017e by m\u011bla b\u00fdt klidn\u011bj\u0161\u00ed a tak\u00e9 citeln\u011b chladn\u011bj\u0161\u00ed. Teploty se budou pohybovat p\u0159ibli\u017en\u011b mezi 21 a 25 \u00b0C. Obloha bude v\u011bt\u0161inou jasn\u00e1 a\u017e polojasn\u00e1, jen r\u00e1no se mohou na n\u011bkter\u00fdch m\u00edstech vytvo\u0159it mlhy.<\/p>\n<p> Mohlo by v\u00e1s zaj\u00edmat: <a href=\"https:\/\/www.nespechej.cz\/clanky\/hospodsky-kviz-leto-konci-podzim-prichazi-jste-na-nej-dukladne-pripraveni-20260902-10062.html?utm_source=eco&amp;utm_medium=newsfeed&amp;utm_campaign=mohlobyvaszajimat\" target=\"_blank\" rel=\"noopener noreferrer nofollow\">HOSPODSK\u00dd KV\u00cdZ: L\u00e9to kon\u010d\u00ed, podzim p\u0159ich\u00e1z\u00ed. Jste na n\u011bj d\u016fkladn\u011b p\u0159ipraveni?<img decoding=\"async\" src=\"https:\/\/www.europesays.com\/cz\/wp-content\/uploads\/2026\/09\/1788409034_721_w1024.webp\" alt=\"HOSPODSK\u00dd KV\u00cdZ: L\u00e9to kon\u010d\u00ed, podzim p\u0159ich\u00e1z\u00ed. Jste na n\u011bj d\u016fkladn\u011b p\u0159ipraveni?\"\/><\/a> P\u0159ipravte si svetry a de\u0161tn\u00edky <\/p>\n<p>Ani za\u010d\u00e1tek p\u0159\u00ed\u0161t\u00edho t\u00fddne ale nep\u0159inese n\u00e1vrat stabiln\u00edho letn\u00edho po\u010das\u00ed. Zpo\u010d\u00e1tku se budou maxima pohybovat kolem 23 a\u017e 28 \u00b0C, pozd\u011bji klesnou zhruba na 19 a\u017e 24 \u00b0C. Obla\u010dnosti bude postupn\u011b p\u0159ib\u00fdvat a spolu s n\u00ed se vr\u00e1t\u00ed i d\u00e9\u0161\u0165 a p\u0159eh\u00e1\u0148ky. Ojedin\u011ble se mohou znovu objevit bou\u0159ky.<\/p>\n<p>Podle meteorolog\u016f tak \u010cesko \u010dek\u00e1 je\u0161t\u011b jeden tepl\u00fd z\u00e1v\u011br pracovn\u00edho t\u00fddne, po kter\u00e9m p\u0159ijde pom\u011brn\u011b rychl\u00fd p\u0159echod k chladn\u011bj\u0161\u00edmu a prom\u011bnliv\u011bj\u0161\u00edmu po\u010das\u00ed.<\/p>\n<p>Zdroje \u010dl\u00e1nku: <a href=\"https:\/\/tn.nova.cz\/zpravodajstvi\/clanek\/655932-do-ceska-se-uz-brzy-vrati-tropicke-teploty-ukonci-je-prichod-bourek-varuji-meteorologove\" target=\"_blank\" rel=\"noopener noreferrer nofollow\">tn.nova.cz<\/a>, <a href=\"https:\/\/www.chmi.cz\/predpoved-pocasi\/tyden\" target=\"_blank\" rel=\"noopener noreferrer nofollow\">chmi.cz<\/a>, <a href=\"https:\/\/www.centrum.cz\/clanek\/na-cesko-se-zene-dalsi-pohroma-pocasi-v-pristim-tydnu-bude-horsi-nez-meteorologove-cekali-283286\" target=\"_blank\" rel=\"noopener noreferrer nofollow\">nespechej.cz<\/a><\/p>\n<p>Autor \u010dl\u00e1nku: <a href=\"https:\/\/www.nespechej.cz\/autor\/158\" target=\"_blank\" rel=\"noopener noreferrer nofollow\">Anna Markov\u00e1<\/a><\/p>\n","protected":false},"excerpt":{"rendered":"Jakkoli se pr\u016fb\u011bh z\u00e1\u0159\u00ed o\u010dek\u00e1val sp\u00ed\u0161 klidn\u00fd a slune\u010dn\u00fd, nyn\u00ed je jasn\u00e9, \u017ee se po\u010das\u00ed je\u0161t\u011b tak zcela&hellip;\n","protected":false},"author":2,"featured_media":200781,"comment_status":"","ping_status":"","sticky":false,"template":"","format":"standard","meta":{"footnotes":"","_share_on_mastodon":"0"},"categories":[7],"tags":[43,42,41,40],"class_list":["post-200780","post","type-post","status-publish","format-standard","has-post-thumbnail","category-cesko","tag-ceska-republika","tag-cesko","tag-czech-republic","tag-czechia"],"share_on_mastodon":{"url":"https:\/\/pubeurope.com\/@cz\/117205181690205671","error":""},"_links":{"self":[{"href":"https:\/\/www.europesays.com\/cz\/wp-json\/wp\/v2\/posts\/200780","targetHints":{"allow":["GET"]}}],"collection":[{"href":"https:\/\/www.europesays.com\/cz\/wp-json\/wp\/v2\/posts"}],"about":[{"href":"https:\/\/www.europesays.com\/cz\/wp-json\/wp\/v2\/types\/post"}],"author":[{"embeddable":true,"href":"https:\/\/www.europesays.com\/cz\/wp-json\/wp\/v2\/users\/2"}],"replies":[{"embeddable":true,"href":"https:\/\/www.europesays.com\/cz\/wp-json\/wp\/v2\/comments?post=200780"}],"version-history":[{"count":0,"href":"https:\/\/www.europesays.com\/cz\/wp-json\/wp\/v2\/posts\/200780\/revisions"}],"wp:featuredmedia":[{"embeddable":true,"href":"https:\/\/www.europesays.com\/cz\/wp-json\/wp\/v2\/media\/200781"}],"wp:attachment":[{"href":"https:\/\/www.europesays.com\/cz\/wp-json\/wp\/v2\/media?parent=200780"}],"wp:term":[{"taxonomy":"category","embeddable":true,"href":"https:\/\/www.europesays.com\/cz\/wp-json\/wp\/v2\/categories?post=200780"},{"taxonomy":"post_tag","embeddable":true,"href":"https:\/\/www.europesays.com\/cz\/wp-json\/wp\/v2\/tags?post=200780"}],"curies":[{"name":"wp","href":"https:\/\/api.w.org\/{rel}","templated":true}]}}