{"id":200796,"date":"2026-09-03T04:44:10","date_gmt":"2026-09-03T04:44:10","guid":{"rendered":"https:\/\/www.europesays.com\/cz\/200796\/"},"modified":"2026-09-03T04:44:10","modified_gmt":"2026-09-03T04:44:10","slug":"sok-pro-zakazniky-lidlu-konci-oblibene-pivo-vyrobce-vyhlasil-bankrot-hrozi-vyprodane-regaly-idnes-cz","status":"publish","type":"post","link":"https:\/\/www.europesays.com\/cz\/200796\/","title":{"rendered":"\u0160ok pro z\u00e1kazn\u00edky Lidlu: Kon\u010d\u00ed obl\u00edben\u00e9 pivo? V\u00fdrobce vyhl\u00e1sil bankrot, hroz\u00ed vyprodan\u00e9 reg\u00e1ly &#8211; iDNES.cz"},"content":{"rendered":"<p><a href=\"https:\/\/news.google.com\/rss\/articles\/CBMi0gFBVV95cUxOZXJ2Z3N2aEQ2SXdkZGQzeEpfR2hsV2U3YzRwNW9yb1psZEMxMHNKMU9IdVhzRUxtQlg4VlFGelNIaHd1bWF3UVNkMlRTT0tYQTk1WjQ4MlhCRUFLcnZqOVpzODhtdmJfcENhMWxzVjFCTmtYaUw3OWpIQnhoaHF3aXI5c0NQWFRLY2xCcUN5RjZ3cTc5UzFSNjJEalRNM19SWW1sUXhaaE4wNHVZSEYzSWpRNmR6RWgzUGNxUEUzeHFyRGF1bl9XTml3b0hJUnFMRkE?oc=5\" target=\"_blank\" rel=\"nofollow noopener\">\u0160ok pro z\u00e1kazn\u00edky Lidlu: Kon\u010d\u00ed obl\u00edben\u00e9 pivo? V\u00fdrobce vyhl\u00e1sil bankrot, hroz\u00ed vyprodan\u00e9 reg\u00e1ly<\/a>&nbsp;&nbsp;iDNES.cz<a href=\"https:\/\/news.google.com\/rss\/articles\/CBMi2gFBVV95cUxPOEZJRk9ZRk9IRVprVHRHQzhHXzhFeXFVLXR0MnlUczlIMF81N2V2Nml1NEZJb2I1dVYwdjY1LVQtUkNEQWd2MGNzd1p3bGpIbE5LS2tHSnprVmdqNFlUVGp1cGhVSG9WWDFDLTZ3VFdkd3VsYVRsaEl6YTF0ZGk0TTRJM2dMVEVnY1JwV2E5azY1QXVtcWN6MGZKRE8yRE9ZaUQ5cElfRldlNmpYODNoUzFrRjRTclBSVzhHWm0wMWU3dFljU3B3ZDdZVGhoYldES1FIUVJxVzVYZw?oc=5\" target=\"_blank\" rel=\"nofollow noopener\">Pivo z Lidlu v ohro\u017een\u00ed. Tradi\u010dn\u00ed pivovar po 167 letech m\u00ed\u0159\u00ed do insolvence<\/a>&nbsp;&nbsp;Metro.cz<a href=\"https:\/\/news.google.com\/rss\/articles\/CBMizAFBVV95cUxOTXNSdURRZDY3LVdLS3dfNWVERFJaeEppVzlaNlV5N21zYzc4clpSU19TaldTQ0ZQTjAyNm5QTWtlQVBBQlpZR1hEekhJNTlZLU1fcTZwcUVQNW1CcUFfTG1iVHZQQWozU1Y1a3ZmZFQxeVp6MTVRNENxOXlrSEVSaGloZ0ItcVpIaXltTUJ2Y0M0QzVQVzhRYWlqUDFwX01hZ0Y1VGhMamhoU0c4T1R0Tl8ySmMwd2VUaUNST1BIQWpRem5uMjR1Ums0TUI?oc=5\" target=\"_blank\" rel=\"nofollow noopener\">Z \u010desk\u00fdch obchod\u016f m\u016f\u017ee zmizet obl\u00edben\u00e9 levn\u00e9 pivo. Pivovar vyhl\u00e1sil insolvenci<\/a>&nbsp;&nbsp;Blesk.cz<a href=\"https:\/\/news.google.com\/rss\/articles\/CBMiwAFBVV95cUxPYXBDc05vX2hTM3FfMGdfSGhzb1ExQ0lzcDJ6VHBjaTRESlg1TmpJM2pKeWNIRWNjZFlJRjUxeTQ2aVgzVHFLZjhWNWxxYktUX0pmM0ZQLWp6c3NYLVdJM0lJLTF4WklYWkl1NkdKSnVaa2MzZVVxenlWcFlQRV95R1BiWERweV9oT0lOYXBHZ1oweWJCc1FVODVoWTNTcjZlYTNZdHZXci1mTTNWVTlDWkdSWWNWM3p3NHpQclBLOWs?oc=5\" target=\"_blank\" rel=\"nofollow noopener\">Ze supermarket\u016f m\u016f\u017ee zmizet zn\u00e1m\u00e9 pivo. Firma po 167 letech vyhl\u00e1sila bankrot<\/a>&nbsp;&nbsp;TN.cz<a href=\"https:\/\/news.google.com\/rss\/articles\/CBMi2AFBVV95cUxQNmlHOHFJM2liWE9MeGRwb1lOLXhlTkZ5a29GN05MRlRSa0NFT2JCNFhvb1BkbEpaS1BHNURmOXk5TmwxUDVTTG5CNzY2NUhVdU1XUXRnQnhTbG1vX0FmdTJkbHltOE00N1ZLY2UwVS1VWE5BS0xoeW01MV9ldGx3bmRFWW1xTy1IZGNWcU0tZEJ5NmM2ck1QWVdKaTIwdllYQWtQeDFORkRtZVdGVlhaUUdHM1hBanBjSzVqbEpfazhBZEJHNVZoM3dCMlA2ZEtOR0JKVkczT1bSAd4BQVVfeXFMTUsyYnhaUHlwbjRKZVphdFZxbDhZR1ZTb2RSajREWG1Obm5FRW5KY1NoVGRhaDMyTkdSck9JQ3hQMGxvS2NyQUluOXZTSk10d2ItZlh1MWpNZUg1MmxJbDl3RXQ0NUZOcGlOVUlVdmtMMjk2MjNQMnIyaGw0V3VaY1RROUdPTFJWNFFkeVpjakFXLTZnTVgySzJqWllEQlNxeHctdlJEcmJPSmNFVUE1Q1EtS09sWFNoaGNrNFNXZ1ZMU0lKSmV6V2VuMjZVUmdoNU96a255QklyYWxnM013?oc=5\" target=\"_blank\" rel=\"nofollow noopener\">Konec obl\u00edben\u00e9ho levn\u00e9ho piva v supermarketech? Tradi\u010dn\u00ed pivovar po 167 letech krachuje<\/a>&nbsp;&nbsp;www.prahanadlani.cz<\/p>\n","protected":false},"excerpt":{"rendered":"\u0160ok pro z\u00e1kazn\u00edky Lidlu: Kon\u010d\u00ed obl\u00edben\u00e9 pivo? V\u00fdrobce vyhl\u00e1sil bankrot, hroz\u00ed vyprodan\u00e9 reg\u00e1ly&nbsp;&nbsp;iDNES.czPivo z Lidlu v ohro\u017een\u00ed. Tradi\u010dn\u00ed&hellip;\n","protected":false},"author":2,"featured_media":200797,"comment_status":"","ping_status":"","sticky":false,"template":"","format":"standard","meta":{"footnotes":"","_share_on_mastodon":"0"},"categories":[12],"tags":[6945,67,68,3268,849,1470,27090,26427],"class_list":["post-200796","post","type-post","status-publish","format-standard","has-post-thumbnail","category-byznys","tag-bankrot","tag-business","tag-byznys","tag-lidl","tag-obchod","tag-pivo","tag-pivovar","tag-regal"],"share_on_mastodon":{"url":"https:\/\/pubeurope.com\/@cz\/117205287719222725","error":""},"_links":{"self":[{"href":"https:\/\/www.europesays.com\/cz\/wp-json\/wp\/v2\/posts\/200796","targetHints":{"allow":["GET"]}}],"collection":[{"href":"https:\/\/www.europesays.com\/cz\/wp-json\/wp\/v2\/posts"}],"about":[{"href":"https:\/\/www.europesays.com\/cz\/wp-json\/wp\/v2\/types\/post"}],"author":[{"embeddable":true,"href":"https:\/\/www.europesays.com\/cz\/wp-json\/wp\/v2\/users\/2"}],"replies":[{"embeddable":true,"href":"https:\/\/www.europesays.com\/cz\/wp-json\/wp\/v2\/comments?post=200796"}],"version-history":[{"count":0,"href":"https:\/\/www.europesays.com\/cz\/wp-json\/wp\/v2\/posts\/200796\/revisions"}],"wp:featuredmedia":[{"embeddable":true,"href":"https:\/\/www.europesays.com\/cz\/wp-json\/wp\/v2\/media\/200797"}],"wp:attachment":[{"href":"https:\/\/www.europesays.com\/cz\/wp-json\/wp\/v2\/media?parent=200796"}],"wp:term":[{"taxonomy":"category","embeddable":true,"href":"https:\/\/www.europesays.com\/cz\/wp-json\/wp\/v2\/categories?post=200796"},{"taxonomy":"post_tag","embeddable":true,"href":"https:\/\/www.europesays.com\/cz\/wp-json\/wp\/v2\/tags?post=200796"}],"curies":[{"name":"wp","href":"https:\/\/api.w.org\/{rel}","templated":true}]}}