{"id":200804,"date":"2026-09-03T04:58:22","date_gmt":"2026-09-03T04:58:22","guid":{"rendered":"https:\/\/www.europesays.com\/cz\/200804\/"},"modified":"2026-09-03T04:58:22","modified_gmt":"2026-09-03T04:58:22","slug":"spartanky-nezvladly-odvetu-se-servette-a-do-ligy-mistryn-nepostoupily","status":"publish","type":"post","link":"https:\/\/www.europesays.com\/cz\/200804\/","title":{"rendered":"Spar\u0165anky nezvl\u00e1dly odvetu se Servette a do Ligy mistry\u0148 nepostoupily"},"content":{"rendered":"<p>&#13;<br \/>\n  Komer\u010dn\u00ed prezentace Aktual.: 2.09.2026 21:12&#13;<br \/>\n  Vyd\u00e1no: 2.09.2026, 21:12&#13;\n<\/p>\n<p class=\"big\" itemprop=\"description\">    Praha &#8211; Fotbalistky Sparty v odvetn\u00e9m utk\u00e1n\u00ed z\u00e1v\u011bre\u010dn\u00e9ho 3. p\u0159edkola Ligy mistry\u0148 podlehly na h\u0159i\u0161ti Servette \u017deneva 0:3 a do hlavn\u00ed f\u00e1ze nepostoupily. Pra\u017esk\u00e9mu t\u00fdmu nesta\u010dila v\u00fdhra 3:2 z prvn\u00edho z\u00e1pasu a bude pokra\u010dovat ve 2. p\u0159edkole Evropsk\u00e9ho poh\u00e1ru. V n\u011bm si po postupu p\u0159es Sarajevo zahraje tak\u00e9 Liberec.<\/p>\n<p>Spar\u0165anky doplatily na nevyda\u0159en\u00fd prvn\u00ed polo\u010das, v n\u011bm\u017e dvakr\u00e1t inkasovaly a dom\u00e1c\u00ed branku t\u00e9m\u011b\u0159 neohrozily. Ve druh\u00e9m polo\u010dase se p\u0159edstavily v mnohem lep\u0161\u00edm sv\u011btle, vytvo\u0159ily si \u0159adu \u0161anc\u00ed, ale ani ty vylo\u017een\u00e9 nedok\u00e1zaly prom\u011bnit. Naopak v z\u00e1v\u011bre\u010dn\u00e9m nastaven\u00ed je\u0161t\u011b do t\u0159etice inkasovaly, sv\u016fj druh\u00fd g\u00f3l v z\u00e1pase jim dala Polka Sobalov\u00e1.<\/p>\n<p>I nad\u00e1le tak plat\u00ed, \u017ee Sparta si hlavn\u00ed f\u00e1zi Ligy mistry\u0148 zahr\u00e1la naposledy v sezon\u011b 2020\/21. Sv\u011b\u0159enkyn\u011b rakousk\u00e9ho tren\u00e9ra Steinera se coby \u010desk\u00e9 \u0161ampionky &#8222;propadly&#8220; do 2. p\u0159edkola Evropsk\u00e9ho poh\u00e1ru. V n\u011bm v minul\u00e9 sezon\u011b do\u0161ly do semifin\u00e1le.<\/p>\n<p>Do stejn\u00e9 f\u00e1ze jako spar\u0165anky se p\u0159i sv\u00e9m debutu na poh\u00e1rov\u00e9 sc\u00e9n\u011b probojovaly i fotbalistky Liberce. V odvet\u011b 1. p\u0159edkola Evropsk\u00e9ho poh\u00e1ru remizovaly 1:1 se Sarajevem a postoupily. D\u00e1l je posunul g\u00f3l Michaely Ferencov\u00e9. Slovan se v \u017eensk\u00fdch sout\u011b\u017e\u00edch UEFA p\u0159edstavil poprv\u00e9 v historii. P\u0159ed t\u00fddnem v prvn\u00edm utk\u00e1n\u00ed venku zv\u00edt\u011bzil 3:2.<\/p>\n<p>V odvet\u011b byla \u0159ada \u0161anc\u00ed na obou stran\u00e1ch. Bosensk\u00fd t\u00fdm si po p\u0159est\u00e1vce vytvo\u0159il tlak a st\u0159\u00eddaj\u00edc\u00ed Josufovi\u010dov\u00e1 po dvou minut\u00e1ch na h\u0159i\u0161ti otev\u0159ela sk\u00f3re. Dom\u00e1c\u00ed se v\u0161ak nepolo\u017eily a Ferencov\u00e1 se postarala o vyrovn\u00e1vac\u00ed g\u00f3l a postup. Druh\u00e9 p\u0159edkolo se bude losovat v p\u00e1tek.<\/p>\n<p>T\u0159et\u00ed \u010desk\u00fd z\u00e1stupce v poh\u00e1rech Slavia vypadla pot\u00e9, co v kvalifika\u010dn\u00edm miniturnaji neusp\u011bla v boji o Ligu mistry\u0148 a n\u00e1sledn\u011b ani o Evropsk\u00fd poh\u00e1r.<\/p>\n<p>Odvetn\u00e9 utk\u00e1n\u00ed 3. p\u0159edkola Ligy mistry\u0148:<\/p>\n<p>Servette \u017deneva &#8211; Sparta Praha 3:0 (2:0)<\/p>\n<p>Branky: 20. a 90.+2 Sobalov\u00e1, 45.+1 Marinelliov\u00e1. Prvn\u00ed z\u00e1pas 2:3, postoupilo Servette.<\/p>\n<p>Sestava Sparty: Harantov\u00e1 &#8211; Barto\u0148ov\u00e1, Pochmanov\u00e1, Sonntagov\u00e1, Retkesov\u00e1 (46. Fuchsov\u00e1) &#8211; St\u00e1rov\u00e1 (63. Elmoreov\u00e1), \u010cern\u00e1, Petrykov\u00e1 (46. Hansenov\u00e1) &#8211; Kh\u00fdrov\u00e1, Rancov\u00e1, Ospeckov\u00e1 (71. Bergfordov\u00e1). Tren\u00e9r: Steiner.<\/p>\n<p class=\"tags\">&#13;<br \/>\n<a href=\"https:\/\/www.ceskenoviny.cz\/tema\/sport\/256\" class=\"tag blue\" itemprop=\"about\" rel=\"tag nofollow noopener\" target=\"_blank\">Sport<\/a>&#13;<br \/>\n&#13;<br \/>\n&#13;<br \/>\n&#13;<br \/>\n<a href=\"https:\/\/www.ceskenoviny.cz\/tema\/fotbal\/482\" class=\"tag blue\" itemprop=\"about\" rel=\"tag nofollow noopener\" target=\"_blank\">fotbal<\/a>&#13;<br \/>\n&#13;<br \/>\n&#13;<br \/>\n&#13;<br \/>\n<a href=\"https:\/\/www.ceskenoviny.cz\/tema\/servette-zeneva\/100659\" class=\"tag blue\" itemprop=\"about\" rel=\"tag nofollow noopener\" target=\"_blank\">Servette \u017deneva<\/a>&#13;<br \/>\n&#13;<br \/>\n&#13;<br \/>\n&#13;<br \/>\n<a href=\"https:\/\/www.ceskenoviny.cz\/tema\/sarajevo\/38267\" class=\"tag blue\" itemprop=\"about\" rel=\"tag nofollow noopener\" target=\"_blank\">Sarajevo<\/a>&#13;<br \/>\n&#13;<br \/>\n&#13;<br \/>\n&#13;<br \/>\n<a href=\"https:\/\/www.ceskenoviny.cz\/tema\/zeny\/14118\" class=\"tag blue\" itemprop=\"about\" rel=\"tag nofollow noopener\" target=\"_blank\">\u017eeny<\/a>&#13;<br \/>\n&#13;<br \/>\n&#13;<br \/>\n&#13;<br \/>\n<a href=\"https:\/\/www.ceskenoviny.cz\/tema\/3-predkolo\/13060\" class=\"tag blue\" itemprop=\"about\" rel=\"tag nofollow noopener\" target=\"_blank\">3. p\u0159edkolo<\/a>&#13;<br \/>\n&#13;<br \/>\n&#13;<br \/>\n&#13;<br \/>\n<a href=\"https:\/\/www.ceskenoviny.cz\/tema\/1-predkolo\/12442\" class=\"tag blue\" itemprop=\"about\" rel=\"tag nofollow noopener\" target=\"_blank\">1. p\u0159edkolo<\/a>&#13;<br \/>\n&#13;<br \/>\n&#13;<br \/>\n&#13;<br \/>\n<a href=\"https:\/\/www.ceskenoviny.cz\/tema\/liga-mistryn\/10899\" class=\"tag blue\" itemprop=\"about\" rel=\"tag nofollow noopener\" target=\"_blank\">Liga mistry\u0148<\/a>&#13;<br \/>\n&#13;<br \/>\n&#13;<br \/>\n&#13;<br \/>\n<a href=\"https:\/\/www.ceskenoviny.cz\/tema\/sparta\/5051\" class=\"tag blue\" itemprop=\"about\" rel=\"tag nofollow noopener\" target=\"_blank\">Sparta<\/a>&#13;<br \/>\n&#13;<br \/>\n&#13;<br \/>\n&#13;<br \/>\n<a href=\"https:\/\/www.ceskenoviny.cz\/tema\/evropsky\/1698\" class=\"tag blue\" itemprop=\"about\" rel=\"tag nofollow noopener\" target=\"_blank\">Evropsk\u00fd<\/a>&#13;<br \/>\n&#13;<br \/>\n&#13;<br \/>\n&#13;<br \/>\n<a href=\"https:\/\/www.ceskenoviny.cz\/tema\/liberec\/655\" class=\"tag blue\" itemprop=\"about\" rel=\"tag nofollow noopener\" target=\"_blank\">Liberec<\/a>&#13;<br \/>\n&#13;<br \/>\n&#13;<br \/>\n&#13;<br \/>\n &#13;<\/p>\n","protected":false},"excerpt":{"rendered":"&#13; Komer\u010dn\u00ed prezentace Aktual.: 2.09.2026 21:12&#13; Vyd\u00e1no: 2.09.2026, 21:12&#13; Praha &#8211; Fotbalistky Sparty v odvetn\u00e9m utk\u00e1n\u00ed z\u00e1v\u011bre\u010dn\u00e9ho 3.&hellip;\n","protected":false},"author":2,"featured_media":200805,"comment_status":"","ping_status":"","sticky":false,"template":"","format":"standard","meta":{"footnotes":"","_share_on_mastodon":"0"},"categories":[30],"tags":[45941,41161,302,304,305,303,7157,326,1817,44636,98,99,3620,45940,3582,94,1087],"class_list":["post-200804","post","type-post","status-publish","format-standard","has-post-thumbnail","category-praha","tag-1-predkolo","tag-3-predkolo","tag-ceskenoviny-cz","tag-cn","tag-cn-cz","tag-ctk","tag-evropsky","tag-fotbal","tag-liberec","tag-liga-mistryn","tag-prague","tag-praha","tag-sarajevo","tag-servette-zeneva","tag-sparta","tag-sport","tag-zeny"],"share_on_mastodon":{"url":"https:\/\/pubeurope.com\/@cz\/117205343145228724","error":""},"_links":{"self":[{"href":"https:\/\/www.europesays.com\/cz\/wp-json\/wp\/v2\/posts\/200804","targetHints":{"allow":["GET"]}}],"collection":[{"href":"https:\/\/www.europesays.com\/cz\/wp-json\/wp\/v2\/posts"}],"about":[{"href":"https:\/\/www.europesays.com\/cz\/wp-json\/wp\/v2\/types\/post"}],"author":[{"embeddable":true,"href":"https:\/\/www.europesays.com\/cz\/wp-json\/wp\/v2\/users\/2"}],"replies":[{"embeddable":true,"href":"https:\/\/www.europesays.com\/cz\/wp-json\/wp\/v2\/comments?post=200804"}],"version-history":[{"count":0,"href":"https:\/\/www.europesays.com\/cz\/wp-json\/wp\/v2\/posts\/200804\/revisions"}],"wp:featuredmedia":[{"embeddable":true,"href":"https:\/\/www.europesays.com\/cz\/wp-json\/wp\/v2\/media\/200805"}],"wp:attachment":[{"href":"https:\/\/www.europesays.com\/cz\/wp-json\/wp\/v2\/media?parent=200804"}],"wp:term":[{"taxonomy":"category","embeddable":true,"href":"https:\/\/www.europesays.com\/cz\/wp-json\/wp\/v2\/categories?post=200804"},{"taxonomy":"post_tag","embeddable":true,"href":"https:\/\/www.europesays.com\/cz\/wp-json\/wp\/v2\/tags?post=200804"}],"curies":[{"name":"wp","href":"https:\/\/api.w.org\/{rel}","templated":true}]}}