{"id":200806,"date":"2026-09-03T04:59:11","date_gmt":"2026-09-03T04:59:11","guid":{"rendered":"https:\/\/www.europesays.com\/cz\/200806\/"},"modified":"2026-09-03T04:59:11","modified_gmt":"2026-09-03T04:59:11","slug":"v-91-letech-dokoncil-appalacskou-stezku-jako-nejstarsi-na-svete","status":"publish","type":"post","link":"https:\/\/www.europesays.com\/cz\/200806\/","title":{"rendered":"V 91\u00a0letech dokon\u010dil Appala\u010dskou stezku, jako nejstar\u0161\u00ed na sv\u011bt\u011b"},"content":{"rendered":"<p class=\"c_bB\">Sanders dorazil v\u00a0pond\u011bl\u00ed 31.\u00a0srpna na vrchol hory Katahdin v\u00a0americk\u00e9m st\u00e1t\u011b Maine. Pr\u00e1v\u011b tam slavn\u00e1 stezka kon\u010d\u00ed. Po zdol\u00e1n\u00ed posledn\u00edch metr\u016f se zastavil u\u00a0cedule ozna\u010duj\u00edc\u00ed vrchol a\u00a0kr\u00e1tce se pomodlil.<\/p>\n<p class=\"c_bB\">Cesta p\u0159itom rozhodn\u011b nebyla jednoduch\u00e1. Sanders podle vlastn\u00edho po\u010d\u00edt\u00e1n\u00ed b\u011bhem putov\u00e1n\u00ed celkem 71kr\u00e1t upadl. \u0160est p\u00e1d\u016f ozna\u010dil za nep\u0159\u00edjemn\u00e9. Jeden z\u00a0nich skon\u010dil kr\u00e1tkou hospitalizac\u00ed, dal\u0161\u00ed p\u0159i\u0161el zhruba 180\u00a0metr\u016f p\u0159ed c\u00edlem.<\/p>\n<p class=\"c_bB\">Appala\u010dsk\u00e1 stezka vede od Springer Mountain v\u00a0Georgii a\u017e na horu Katahdin v\u00a0Maine a\u00a0m\u011b\u0159\u00ed 2193\u00a0mil, tedy p\u0159ibli\u017en\u011b 3530\u00a0kilometr\u016f. Sanders vyrazil 6.\u00a0z\u00e1\u0159\u00ed a\u00a0trasu zdol\u00e1val po \u010d\u00e1stech, s\u00a0n\u011bkolika kr\u00e1tk\u00fdmi p\u0159est\u00e1vkami.<\/p>\n<p><a data-dot=\"atm-link\" target=\"_self\" href=\"https:\/\/www.novinky.cz\/clanek\/cestovani-v-91-letech-zdolava-tisice-kilometru-dlouhou-stezku-napric-spojenymi-staty-40590952\" class=\"c_I\" rel=\"nofollow noopener\"><img fetchpriority=\"high\" height=\"1012\" width=\"1800\" src=\"https:\/\/www.europesays.com\/cz\/wp-content\/uploads\/2026\/09\/hike.jpeg\" loading=\"eager\" decoding=\"sync\" class=\"c_t c_r\"\/><\/a><\/p>\n<p class=\"c_bB\">\u201eV 91\u00a0letech si t\u00edm raz\u00edm novou cestu. Nikdo p\u0159edt\u00edm v\u00a0takov\u00e9m v\u011bku Appala\u010dskou stezku celou nep\u0159e\u0161el,\u201c uvedl Sanders pro agenturu AP.<\/p>\n<p><img height=\"1080\"   width=\"1920\" src=\"https:\/\/www.europesays.com\/cz\/wp-content\/uploads\/2026\/09\/appalachian-trail-horolezec-rekord-dale-sanders.jpeg\" loading=\"eager\" decoding=\"sync\" class=\"c_t c_r\"\/>Foto: AP<\/p>\n<p class=\"c_bB\">Dale Sanders na vrcholu hory Katahdin<\/p>\n<p>Rekord u\u017e jednou dr\u017eel<\/p>\n<p class=\"c_bB\">Sanders u\u017e stejn\u00fd rekord jednou z\u00edskal. V\u00a0roce 2017, ve sv\u00fdch 82\u00a0letech, se stal nejstar\u0161\u00edm \u010dlov\u011bkem, kter\u00fd Appala\u010dskou stezku dokon\u010dil. O\u00a0\u010dty\u0159i roky pozd\u011bji ho p\u0159ekonal tehdy 83let\u00fd M. J. Eberhart. Sanders ale kr\u00e1tce nato ozn\u00e1mil, \u017ee se pokus\u00ed o\u00a0n\u00e1vrat. <\/p>\n<p class=\"c_bB\">Nyn\u00ed p\u0159iznal, \u017ee rozd\u00edl mezi jeho prvn\u00edm v\u00fdkonem v\u00a082\u00a0letech a\u00a0sou\u010dasnou v\u00fdpravou byl velk\u00fd. \u201eJe obrovsk\u00fd rozd\u00edl j\u00edt stezku v\u00a082\u00a0letech a\u00a0znovu v\u00a091.\u00a0Ale je to mo\u017en\u00e9, proto\u017ee jsem to dok\u00e1zal,\u201c \u0159ekl.<\/p>\n<p class=\"c_bB\">P\u016fvodn\u011b p\u0159itom nem\u011bl v\u00a0\u00famyslu dokon\u010dit trasu v\u00a0takov\u00e9m tempu. \u201eUp\u0159\u00edmn\u011b jsem si nemyslel, \u017ee to stihnu tak, abych z\u00edskal rekord za thru-hiku. Myslel jsem, \u017ee se vr\u00e1t\u00edm pozd\u011bji v\u00a0z\u00e1\u0159\u00ed,\u201c popsal. Takzvan\u00fd thru-hike znamen\u00e1, \u017ee \u010dlov\u011bk zdol\u00e1 celou stezku v\u00a0r\u00e1mci jednoho roku. <\/p>\n<p class=\"c_bB\">Jeho v\u00fdkon si b\u011bhem cesty z\u00edskal pozornost dal\u0161\u00edch turist\u016f i\u00a0ve\u0159ejnosti. Sanderse p\u0159ekvapilo, jak rychle se o\u00a0jeho putov\u00e1n\u00ed za\u010dali lid\u00e9 zaj\u00edmat a\u00a0sledovat ho na soci\u00e1ln\u00edch s\u00edt\u00edch. Pr\u00e1v\u011b to podle n\u011bj zm\u011bnilo jeho p\u016fvodn\u00ed motivaci.<\/p>\n<p class=\"c_bB\">\u201eJednou z\u00a0v\u011bc\u00ed, kter\u00e9 m\u011b p\u0159ekvapily, bylo, jak rychle se o\u00a0m\u011b ve\u0159ejnost za\u010dala zaj\u00edmat a\u00a0sledovat m\u011b. Kolik lid\u00ed povzbudila a\u00a0ohromila moje snaha v\u00a091\u00a0letech tuto stezku uj\u00edt,\u201c \u0159ekl.<\/p>\n<p class=\"c_bB\">Sanders se narodil v\u00a0Kentucky v\u00a0roce 1935, tedy dva roky p\u0159ed dokon\u010den\u00edm cel\u00e9 Appala\u010dsk\u00e9 stezky. V\u00a0d\u011btstv\u00ed byl kv\u016fli sv\u00e9 drobn\u00e9 postav\u011b ter\u010dem \u0161ikany. Sebev\u011bdom\u00ed pozd\u011bji z\u00edsk\u00e1val p\u0159i individu\u00e1ln\u00edch sportech, nap\u0159\u00edklad akrobacii a\u00a0plav\u00e1n\u00ed.  <\/p>\n<p class=\"c_bB\">Slou\u017eil tak\u00e9 v\u00a0americk\u00e9m n\u00e1mo\u0159nictvu a\u00a0v roce 2002\u00a0ode\u0161el do d\u016fchodu po dlouh\u00e9 kari\u00e9\u0159e v\u00a0oblasti park\u016f a\u00a0rekreace. Krom\u011b Appala\u010dsk\u00e9 stezky dr\u017e\u00ed n\u011bkolik dal\u0161\u00edch v\u011bkov\u00fdch rekord\u016f. Ve sv\u00fdch 87\u00a0letech nap\u0159\u00edklad b\u011bhem 87\u00a0dn\u016f na kajaku zdolal celou d\u00e9lku \u0159eky Mississippi.<\/p>\n<p><a data-dot=\"atm-link\" target=\"_self\" href=\"https:\/\/www.novinky.cz\/clanek\/muzi-v-87-letech-sjel-jednu-z-nejdelsich-rek-na-svete-40457520\" class=\"c_I\" rel=\"nofollow noopener\"><img height=\"384\" width=\"684\" src=\"https:\/\/www.europesays.com\/cz\/wp-content\/uploads\/2026\/09\/kajak-mississippi.webp\" loading=\"eager\" decoding=\"sync\" class=\"c_t c_r\"\/><\/a><\/p>\n","protected":false},"excerpt":{"rendered":"Sanders dorazil v\u00a0pond\u011bl\u00ed 31.\u00a0srpna na vrchol hory Katahdin v\u00a0americk\u00e9m st\u00e1t\u011b Maine. Pr\u00e1v\u011b tam slavn\u00e1 stezka kon\u010d\u00ed. Po zdol\u00e1n\u00ed&hellip;\n","protected":false},"author":2,"featured_media":200807,"comment_status":"","ping_status":"","sticky":false,"template":"","format":"standard","meta":{"footnotes":"","_share_on_mastodon":"0"},"categories":[15],"tags":[1561,94,93,113,1601],"class_list":["post-200806","post","type-post","status-publish","format-standard","has-post-thumbnail","category-sport","tag-rekord","tag-sport","tag-sports","tag-usa","tag-vek"],"share_on_mastodon":{"url":"https:\/\/pubeurope.com\/@cz\/117205347034558051","error":""},"_links":{"self":[{"href":"https:\/\/www.europesays.com\/cz\/wp-json\/wp\/v2\/posts\/200806","targetHints":{"allow":["GET"]}}],"collection":[{"href":"https:\/\/www.europesays.com\/cz\/wp-json\/wp\/v2\/posts"}],"about":[{"href":"https:\/\/www.europesays.com\/cz\/wp-json\/wp\/v2\/types\/post"}],"author":[{"embeddable":true,"href":"https:\/\/www.europesays.com\/cz\/wp-json\/wp\/v2\/users\/2"}],"replies":[{"embeddable":true,"href":"https:\/\/www.europesays.com\/cz\/wp-json\/wp\/v2\/comments?post=200806"}],"version-history":[{"count":0,"href":"https:\/\/www.europesays.com\/cz\/wp-json\/wp\/v2\/posts\/200806\/revisions"}],"wp:featuredmedia":[{"embeddable":true,"href":"https:\/\/www.europesays.com\/cz\/wp-json\/wp\/v2\/media\/200807"}],"wp:attachment":[{"href":"https:\/\/www.europesays.com\/cz\/wp-json\/wp\/v2\/media?parent=200806"}],"wp:term":[{"taxonomy":"category","embeddable":true,"href":"https:\/\/www.europesays.com\/cz\/wp-json\/wp\/v2\/categories?post=200806"},{"taxonomy":"post_tag","embeddable":true,"href":"https:\/\/www.europesays.com\/cz\/wp-json\/wp\/v2\/tags?post=200806"}],"curies":[{"name":"wp","href":"https:\/\/api.w.org\/{rel}","templated":true}]}}