{"id":200812,"date":"2026-09-03T05:04:12","date_gmt":"2026-09-03T05:04:12","guid":{"rendered":"https:\/\/www.europesays.com\/cz\/200812\/"},"modified":"2026-09-03T05:04:12","modified_gmt":"2026-09-03T05:04:12","slug":"o-vikendu-se-citelne-ochladi","status":"publish","type":"post","link":"https:\/\/www.europesays.com\/cz\/200812\/","title":{"rendered":"O v\u00edkendu se citeln\u011b ochlad\u00ed"},"content":{"rendered":"<p class=\"c_bB\">Na konci pracovn\u00edho t\u00fddne bude do st\u0159edn\u00ed Evropy od Atlantiku zasahovat v\u00fdb\u011b\u017eek vy\u0161\u0161\u00edho tlaku vzduchu a\u00a0z jihoz\u00e1padu k\u00a0n\u00e1m za\u010dne proudit teplej\u0161\u00ed vzduch. Po jeho severn\u00edm okraji ale bude postupovat front\u00e1ln\u00ed syst\u00e9m, kter\u00fd p\u0159inese v\u00edce obla\u010dnosti a\u00a0zejm\u00e9na na severu tak\u00e9 ob\u010dasn\u00e9 sr\u00e1\u017eky.<\/p>\n<p class=\"c_bB\">V sobotu p\u0159ejde p\u0159es \u010cesko od severoz\u00e1padu studen\u00e1 fronta. Na v\u011bt\u0161in\u011b \u00fazem\u00ed p\u0159inese d\u00e9\u0161\u0165 a\u00a0z\u00e1rove\u0148 citeln\u00e9 ochlazen\u00ed. Teploty klesnou zhruba o\u00a05\u00a0\u00b0C, m\u00edsty i\u00a0v\u00edce. V\u00a0ned\u011bli se pak budou pohybovat kolem hodnot obvykl\u00fdch pro za\u010d\u00e1tek z\u00e1\u0159\u00ed.<\/p>\n<p class=\"c_bB\">Za studenou frontou za\u010dne po\u010das\u00ed ve st\u0159edn\u00ed Evrop\u011b ovliv\u0148ovat tlakov\u00e1 v\u00fd\u0161e, kter\u00e1 bude postupovat p\u0159es region d\u00e1le k\u00a0v\u00fdchodu. Na za\u010d\u00e1tku p\u0159\u00ed\u0161t\u00edho t\u00fddne k\u00a0n\u00e1m po jej\u00ed zadn\u00ed stran\u011b za\u010dne z\u00a0jihoz\u00e1padu znovu proudit tepl\u00fd vzduch a\u00a0vr\u00e1t\u00ed se nadpr\u016fm\u011brn\u00e9 teploty.<\/p>\n<p><a data-dot=\"atm-link\" target=\"_self\" href=\"https:\/\/www.novinky.cz\/clanek\/pocasi-cesko-zazilo-druhe-nejteplejsi-leto-rekordy-padaly-jako-nikdy-driv-40595485\" class=\"c_I\" rel=\"nofollow noopener\"><img fetchpriority=\"high\" height=\"2304\" width=\"4096\" src=\"https:\/\/www.europesays.com\/cz\/wp-content\/uploads\/2026\/09\/1788411850_894_b19d.jpeg\" loading=\"eager\" decoding=\"sync\" class=\"c_t c_r\"\/><\/a>P\u0159echod studen\u00e9 fronty<\/p>\n<p class=\"c_bB\">\u010ctvrtek bude p\u0159ev\u00e1\u017en\u011b obla\u010dn\u00fd a\u017e polojasn\u00fd, ojedin\u011ble se objev\u00ed d\u00e9\u0161\u0165 nebo p\u0159eh\u00e1\u0148ky. Nejvy\u0161\u0161\u00ed denn\u00ed teploty dos\u00e1hnou nej\u010dast\u011bji na 21\u00a0a\u017e 25\u00a0\u00b0C, na jihu Moravy m\u016f\u017ee b\u00fdt a\u017e 27\u00a0\u00b0C. V\u00e1t bude m\u00edrn\u00fd z\u00e1padn\u00ed v\u00edtr.<\/p>\n<p class=\"c_bB\">V p\u00e1tek obla\u010dnosti ubude a\u00a0bude v\u011bt\u0161inou polojasno. V\u00edce oblak\u016f se m\u016f\u017ee dr\u017eet na severu, kde se tak\u00e9 ojedin\u011ble objev\u00ed d\u00e9\u0161\u0165 nebo p\u0159eh\u00e1\u0148ky. No\u010dn\u00ed teploty klesnou na 18\u00a0a\u017e 13\u00a0\u00b0C, p\u0159es den se otepl\u00ed na 25\u00a0a\u017e 30\u00a0\u00b0C. Zes\u00edl\u00ed tak\u00e9 jihoz\u00e1padn\u00ed v\u00edtr, kter\u00fd bude dosahovat rychlosti 3\u00a0a\u017e 7\u00a0m\/s, v\u00a0n\u00e1razech a\u017e kolem 15\u00a0m\/s.<\/p>\n<p><img height=\"802\"   width=\"1240\" src=\"https:\/\/www.europesays.com\/cz\/wp-content\/uploads\/2026\/09\/chmu-synop-studena-fronta-pocasi.png\" loading=\"eager\" decoding=\"sync\" class=\"c_t c_r\"\/>Foto: \u010cHM\u00da<\/p>\n<p class=\"c_bB\">V sobotu se za studenou frontou ochlad\u00ed.<\/p>\n<p class=\"c_bB\">V sobotu bude v\u00a0souvislosti s\u00a0p\u0159echodem studen\u00e9 fronty p\u0159evl\u00e1dat velk\u00e1 obla\u010dnost a\u00a0na v\u011bt\u0161in\u011b \u00fazem\u00ed se vyskytne d\u00e9\u0161\u0165 nebo p\u0159eh\u00e1\u0148ky, ojedin\u011ble tak\u00e9 bou\u0159ky. Sr\u00e1\u017eky se b\u011bhem dne objev\u00ed t\u00e9m\u011b\u0159 po cel\u00e9m \u010cesku, jejich \u00fahrny by v\u0161ak nem\u011bly b\u00fdt vysok\u00e9. Pozd\u011bji za\u010dne od severoz\u00e1padu sr\u00e1\u017eek i\u00a0obla\u010dnosti ub\u00fdvat.<\/p>\n<p class=\"c_bB\">S postupem fronty se z\u00e1rove\u0148 citeln\u011b ochlad\u00ed, co\u017e vytvo\u0159\u00ed v\u00fdrazn\u00e9 teplotn\u00ed rozd\u00edly. Zat\u00edmco na jihu se no\u010dn\u00ed teploty budou pohybovat mezi 20\u00a0a\u00a016\u00a0\u00b0C, na severu klesnou na 17\u00a0a\u017e 13\u00a0\u00b0C. Nejvy\u0161\u0161\u00ed denn\u00ed teploty dos\u00e1hnou 19\u00a0a\u017e 23\u00a0\u00b0C, na jihu Moravy m\u016f\u017ee b\u00fdt je\u0161t\u011b a\u017e 26\u00a0\u00b0C. V\u00edtr bude nad\u00e1le dosahovat rychlosti 3\u00a0a\u017e 7\u00a0m\/s.<\/p>\n<p>N\u00e1vrat tepl\u00e9ho po\u010das\u00ed<\/p>\n<p class=\"c_bB\">Ned\u011ble bude naopak jasn\u00e1 a\u017e polojasn\u00e1, r\u00e1no se ojedin\u011ble vytvo\u0159\u00ed mlhy. Noc u\u017e bude citeln\u011b chladn\u011bj\u0161\u00ed s\u00a0minimy mezi 12\u00a0a\u00a07\u00a0\u00b0C. P\u0159es den teploty vystoup\u00ed na 20\u00a0a\u017e 25\u00a0\u00b0C. V\u00edtr bude slab\u00fd a\u00a0prom\u011bnliv\u00fd.<\/p>\n<p><img height=\"757\"   width=\"1024\" src=\"https:\/\/www.europesays.com\/cz\/wp-content\/uploads\/2026\/09\/tropical-tidbits-teplota-evropa.png\" loading=\"eager\" decoding=\"sync\" class=\"c_t c_r\"\/>Foto: Tropical Tidbits<\/p>\n<p class=\"c_bB\">Na za\u010d\u00e1tku p\u0159\u00ed\u0161t\u00edho t\u00fddne n\u00e1s m\u016f\u017ee ovlivnit tepl\u00e1 vzduchov\u00e1 hmota nad Evropou.<\/p>\n<p class=\"c_bB\">P\u0159\u00ed\u0161t\u00ed t\u00fdden za\u010dne p\u0159ev\u00e1\u017en\u011b slune\u010dn\u00fdm po\u010das\u00edm beze sr\u00e1\u017eek. Zpo\u010d\u00e1tku budou noci chladn\u00e9 s\u00a0teplotami kolem 10\u00a0\u00b0C, postupn\u011b se ale otepl\u00ed a\u00a0minima se mohou dostat a\u017e k\u00a015\u00a0\u00b0C. Teploty porostou tak\u00e9 p\u0159es den. Z\u00a0hodnot obvykl\u00fdch pro za\u010d\u00e1tek z\u00e1\u0159\u00ed se m\u00edsty dostanou a\u017e k\u00a030\u00a0\u00b0C.<\/p>\n<p class=\"c_bB\">Stabiln\u00ed po\u010das\u00ed v\u0161ak z\u0159ejm\u011b nevydr\u017e\u00ed dlouho. Je\u0161t\u011b b\u011bhem prvn\u00ed poloviny t\u00fddne by m\u011bla p\u0159es \u010cesko p\u0159ej\u00edt dal\u0161\u00ed studen\u00e1 fronta, kter\u00e1 p\u0159inese d\u00e9\u0161\u0165 a\u00a0n\u00e1sledn\u00e9 ochlazen\u00ed. P\u0159esn\u00e9 na\u010dasov\u00e1n\u00ed fronty, mno\u017estv\u00ed sr\u00e1\u017eek i\u00a0rozsah poklesu teplot jsou v\u0161ak zat\u00edm nejist\u00e9.<\/p>\n<p><a data-dot=\"atm-link\" target=\"_self\" href=\"https:\/\/www.novinky.cz\/clanek\/pocasi-leto-bylo-v-cesku-jedno-z-nejsussich-v-historii-mereni-40595593\" class=\"c_I\" rel=\"nofollow noopener\"><img height=\"1152\" width=\"2048\" src=\"https:\/\/www.europesays.com\/cz\/wp-content\/uploads\/2026\/09\/1788411852_519_pocasi-leto-klima.jpeg\" loading=\"eager\" decoding=\"sync\" class=\"c_t c_r\"\/><\/a><\/p>\n","protected":false},"excerpt":{"rendered":"Na konci pracovn\u00edho t\u00fddne bude do st\u0159edn\u00ed Evropy od Atlantiku zasahovat v\u00fdb\u011b\u017eek vy\u0161\u0161\u00edho tlaku vzduchu a\u00a0z jihoz\u00e1padu k\u00a0n\u00e1m&hellip;\n","protected":false},"author":2,"featured_media":200813,"comment_status":"","ping_status":"","sticky":false,"template":"","format":"standard","meta":{"footnotes":"","_share_on_mastodon":"0"},"categories":[7],"tags":[43,42,41,40,3659,9711,255,10503,29473,3658],"class_list":["post-200812","post","type-post","status-publish","format-standard","has-post-thumbnail","category-cesko","tag-ceska-republika","tag-cesko","tag-czech-republic","tag-czechia","tag-dest","tag-ochlazeni","tag-pocasi","tag-studena-fronta","tag-tropy","tag-vysoke-teploty"],"share_on_mastodon":{"url":"https:\/\/pubeurope.com\/@cz\/117205366959919955","error":""},"_links":{"self":[{"href":"https:\/\/www.europesays.com\/cz\/wp-json\/wp\/v2\/posts\/200812","targetHints":{"allow":["GET"]}}],"collection":[{"href":"https:\/\/www.europesays.com\/cz\/wp-json\/wp\/v2\/posts"}],"about":[{"href":"https:\/\/www.europesays.com\/cz\/wp-json\/wp\/v2\/types\/post"}],"author":[{"embeddable":true,"href":"https:\/\/www.europesays.com\/cz\/wp-json\/wp\/v2\/users\/2"}],"replies":[{"embeddable":true,"href":"https:\/\/www.europesays.com\/cz\/wp-json\/wp\/v2\/comments?post=200812"}],"version-history":[{"count":0,"href":"https:\/\/www.europesays.com\/cz\/wp-json\/wp\/v2\/posts\/200812\/revisions"}],"wp:featuredmedia":[{"embeddable":true,"href":"https:\/\/www.europesays.com\/cz\/wp-json\/wp\/v2\/media\/200813"}],"wp:attachment":[{"href":"https:\/\/www.europesays.com\/cz\/wp-json\/wp\/v2\/media?parent=200812"}],"wp:term":[{"taxonomy":"category","embeddable":true,"href":"https:\/\/www.europesays.com\/cz\/wp-json\/wp\/v2\/categories?post=200812"},{"taxonomy":"post_tag","embeddable":true,"href":"https:\/\/www.europesays.com\/cz\/wp-json\/wp\/v2\/tags?post=200812"}],"curies":[{"name":"wp","href":"https:\/\/api.w.org\/{rel}","templated":true}]}}