{"id":200820,"date":"2026-09-03T05:14:13","date_gmt":"2026-09-03T05:14:13","guid":{"rendered":"https:\/\/www.europesays.com\/cz\/200820\/"},"modified":"2026-09-03T05:14:13","modified_gmt":"2026-09-03T05:14:13","slug":"motoriste-budou-jednat-s-babisem-a-schillerovou-kde-chteji-usetrit-v-rozpoctu-idnes-cz","status":"publish","type":"post","link":"https:\/\/www.europesays.com\/cz\/200820\/","title":{"rendered":"Motorist\u00e9 budou jednat s Babi\u0161em a Schillerovou, kde cht\u011bj\u00ed u\u0161et\u0159it v rozpo\u010dtu &#8211; iDNES.cz"},"content":{"rendered":"<p><a href=\"https:\/\/news.google.com\/rss\/articles\/CBMiywFBVV95cUxQbUNRakxlMDZSWk9Uanppa2NOU3pMd3h0eGlZd0xzekstazhBVlc0ZFozbXVXZmhaTHA5ZEJ2VFRRTGVmNTVtYzlpNERMMzUxWEs4VjVlVlNhNWtNRXJ6ZFEwWWRWM19ta04tZC1RSGFjNERkTy1tZUpCcjE3WXJaZXNEbDN5ZW9udzNnSFZPYzMzQWN2SFlkWEdETUhva1ZVQWQ2eUVCZzNzdGM4M3Q0MWg3VERRNGk0NV84bXBvYnQwaEoxTzRKY2FxTQ?oc=5\" target=\"_blank\" rel=\"nofollow noopener\">Motorist\u00e9 budou jednat s Babi\u0161em a Schillerovou, kde cht\u011bj\u00ed u\u0161et\u0159it v rozpo\u010dtu<\/a>&nbsp;&nbsp;iDNES.cz<a href=\"https:\/\/news.google.com\/rss\/articles\/CBMivwFBVV95cUxPcVpFVWdGd1lqclFoSUZydW9laDNqUGlJVTNNdXBzcVh6OU9QNXdpQjZTMkVTWEtqOWJhTExKQVhYYmVGQnFVSFFDNTh2TGl3eUs3T3Z4dzdnV3Z4NHdSNVFEYl9xMl9SMW9kZU95eGp3WFlOcVNqSmxfRHVQc2RjRks5eTIzUVpoTlM0Z0Q5NGVrMENONFBfaWpUMm5JaFdUaTRfYjM3dVVXTFZKZzhBMXd5UUZBT2JaR2NnS095SQ?oc=5\" target=\"_blank\" rel=\"nofollow noopener\">Je mi l\u00edto voli\u010d\u016f, \u017ee v\u011b\u0159ili ANO, \u0159\u00edk\u00e1 poslanec k rozpo\u010dtu<\/a>&nbsp;&nbsp;Seznam Zpr\u00e1vy<a href=\"https:\/\/news.google.com\/rss\/articles\/CBMi3AFBVV95cUxQcUI4YVo4QnMzcXhGV1daNnI0R05sV05jS2ZSWWM1c1ZpNnZScTNPQXluaXlISGEwMG9Mbzg5c2NLZHN6QnFJUHBaZkxuU1V0OHdsVzBfcGRodVpxdnFRcEd5RVFtZEEyZ1FTWWdja2xQWHkwQ0NmTTk3bS1BZ3MzbnU3bHo5WnVaeWJFZ2plS29tTHVUc3otR19haE1jaVRvM1V2UG0yZ0tLTjNlVHVyb0FKNFU1Vi02MGVBczBfRGJQQjJMYWJfWldxYmJsLW1iSEp6VXF6T2RWRjBL?oc=5\" target=\"_blank\" rel=\"nofollow noopener\">Rozkol v koalici. Babi\u0161\u016fv \u201e\u0161\u00edlen\u00fd\u201c deficit odm\u00edtaj\u00ed podpo\u0159it n\u011bkte\u0159\u00ed poslanci<\/a>&nbsp;&nbsp;Aktu\u00e1ln\u011b.cz<a href=\"https:\/\/news.google.com\/rss\/articles\/CBMixwFBVV95cUxPcVlqSmplVTdDS0hSYzhqXzYySjMxcjlFXy1zT01tYkNGRHJsdUU2b3dhV3o0RkRzSV8ybjdYMjJOTTIzZlJaQzZTUFEycXpPdkFxZFV0VmZ6TloxcHBSVDJ6aWk5dU9XUnM0Qm9hNTF3b0MyOHRCNkRHSDdycDhkNlNOV3dKUXNoN3R6OTgyYkdKVHFyZ0ZYUkNUN1RuNzV1WUpEM3dSUE1nb2hjaU9keURfWmpYRGhrbnhzSjk4ZlRtUjBrXzdF?oc=5\" target=\"_blank\" rel=\"nofollow noopener\">Babi\u0161ovi spojenci se \u201elekli\u201c ob\u0159\u00edho schodku. Cht\u011bj\u00ed \u0161krtat arm\u00e1d\u011b i velk\u00fdm dopravn\u00edm stavb\u00e1m<\/a>&nbsp;&nbsp;Hospod\u00e1\u0159sk\u00e9 noviny<a href=\"https:\/\/news.google.com\/rss\/articles\/CBMiygFBVV95cUxPdmp4bERYNERDTmJCQy1qQXFHNG1tR2R3d1FpT1FFME11LV8wVXZBWUhpTWthb1FGa3VUTENVelNaSG1oOXJrUE1rZV93a3RwLVlSMEtVM0l1SjVSTEVZbks2cVpuSUdqY0huUFJ4MUtXdXZ6SklfUS1heHpHZWpiLUxsYzIxTWRrVjcxN25zRXVFMG5XX2ZTak9xZEJlcTNXLUYzSU9BLVZzdzIyQk9qN1hscFRBMTRYRldqLWN5ZG1Hb2Eza2RXakxR?oc=5\" target=\"_blank\" rel=\"nofollow noopener\">Rozpo\u010det je men\u0161\u00ed trag\u00e9die, \u0159\u00edk\u00e1 Vondr\u00e1\u010dek. Chce \u0161et\u0159it na dotac\u00edch, odm\u00edt\u00e1 vy\u0161\u0161\u00ed dan\u011b<\/a>&nbsp;&nbsp;TN.cz<\/p>\n","protected":false},"excerpt":{"rendered":"Motorist\u00e9 budou jednat s Babi\u0161em a Schillerovou, kde cht\u011bj\u00ed u\u0161et\u0159it v rozpo\u010dtu&nbsp;&nbsp;iDNES.czJe mi l\u00edto voli\u010d\u016f, \u017ee v\u011b\u0159ili ANO,&hellip;\n","protected":false},"author":2,"featured_media":200821,"comment_status":"","ping_status":"","sticky":false,"template":"","format":"standard","meta":{"footnotes":"","_share_on_mastodon":"0"},"categories":[7],"tags":[266,43,42,41,40,561],"class_list":["post-200820","post","type-post","status-publish","format-standard","has-post-thumbnail","category-cesko","tag-andrej-babis","tag-ceska-republika","tag-cesko","tag-czech-republic","tag-czechia","tag-hnuti-ano"],"share_on_mastodon":{"url":"https:\/\/pubeurope.com\/@cz\/117205405988530766","error":""},"_links":{"self":[{"href":"https:\/\/www.europesays.com\/cz\/wp-json\/wp\/v2\/posts\/200820","targetHints":{"allow":["GET"]}}],"collection":[{"href":"https:\/\/www.europesays.com\/cz\/wp-json\/wp\/v2\/posts"}],"about":[{"href":"https:\/\/www.europesays.com\/cz\/wp-json\/wp\/v2\/types\/post"}],"author":[{"embeddable":true,"href":"https:\/\/www.europesays.com\/cz\/wp-json\/wp\/v2\/users\/2"}],"replies":[{"embeddable":true,"href":"https:\/\/www.europesays.com\/cz\/wp-json\/wp\/v2\/comments?post=200820"}],"version-history":[{"count":0,"href":"https:\/\/www.europesays.com\/cz\/wp-json\/wp\/v2\/posts\/200820\/revisions"}],"wp:featuredmedia":[{"embeddable":true,"href":"https:\/\/www.europesays.com\/cz\/wp-json\/wp\/v2\/media\/200821"}],"wp:attachment":[{"href":"https:\/\/www.europesays.com\/cz\/wp-json\/wp\/v2\/media?parent=200820"}],"wp:term":[{"taxonomy":"category","embeddable":true,"href":"https:\/\/www.europesays.com\/cz\/wp-json\/wp\/v2\/categories?post=200820"},{"taxonomy":"post_tag","embeddable":true,"href":"https:\/\/www.europesays.com\/cz\/wp-json\/wp\/v2\/tags?post=200820"}],"curies":[{"name":"wp","href":"https:\/\/api.w.org\/{rel}","templated":true}]}}