{"id":200846,"date":"2026-09-03T05:33:13","date_gmt":"2026-09-03T05:33:13","guid":{"rendered":"https:\/\/www.europesays.com\/cz\/200846\/"},"modified":"2026-09-03T05:33:13","modified_gmt":"2026-09-03T05:33:13","slug":"stala-miliardu-a-je-jedina-siroko-daleko-holcim-v-cizkovicke-cementarne-otevrel-unikatni-vyrobni-linku-na-kalcinovane-jily","status":"publish","type":"post","link":"https:\/\/www.europesays.com\/cz\/200846\/","title":{"rendered":"St\u00e1la miliardu a je jedin\u00e1 \u0161iroko daleko. Holcim v\u00a0\u010d\u00ed\u017ekovick\u00e9 cement\u00e1rn\u011b otev\u0159el unik\u00e1tn\u00ed v\u00fdrobn\u00ed linku na kalcinovan\u00e9 j\u00edly"},"content":{"rendered":"<p class=\"MsoNormal\">Nov\u00e1 linka p\u0159edstavuje pro Holcim, respektive jeho \u010deskou pobo\u010dku, nejv\u011bt\u0161\u00ed investici ve firemn\u00ed historii. N\u00e1klady na jej\u00ed v\u00fdvoj, v\u00fdrobu a instalaci se vy\u0161plhaly na zhruba jednu miliardu korun. V\u011bt\u0161ina t\u00e9to \u010d\u00e1stky \u0161la p\u0159itom za spole\u010dnost\u00ed samotnou, dal\u0161\u00edmi 330\u00a0miliony pak p\u0159isp\u011bl Moderniza\u010dn\u00ed fond Ministerstva \u017eivotn\u00edho prost\u0159ed\u00ed.<\/p>\n<p class=\"MsoNormal\">\u201eKalcinovan\u00fd j\u00edl je inovativn\u00ed n\u00edzkoemisn\u00ed surovina. Uveden\u00ed t\u00e9to v\u00fdrobn\u00ed linky do provozu je d\u016fle\u017eit\u00fdm krokem k\u00a0v\u00fdrob\u011b nov\u00e9 generace cementu v\u00a0\u010cesk\u00e9 republice,\u201c \u0159\u00edk\u00e1 Angela Wenger Bachmann, \u0159editelka Holcimu pro st\u0159edn\u00ed Evropu.<\/p>\n<p class=\"MsoNormal\">Co se produkce tohoto z\u00e1kladn\u00edho stavebn\u00edho materi\u00e1lu t\u00fd\u010de, \u010cesko je dle jej\u00edho n\u00e1zoru aktu\u00e1ln\u011b pln\u011b sob\u011bsta\u010dn\u00e9. Odv\u011btv\u00ed jako takov\u00e9 nicm\u00e9n\u011b \u010del\u00ed s\u00edl\u00edc\u00edmu tlaku \u00fa\u0159ad\u016f a ekologick\u00fdch organizac\u00ed na sni\u017eov\u00e1n\u00ed <a href=\"https:\/\/www.euro.cz\/clanky\/odlozi-nemecko-konec-neekologickeho-uhli-valka-v-iranu-politikum-pripomnela-dulezitost-energeticke-sobestacnosti\/\" rel=\"nofollow noopener\" target=\"_blank\">emis\u00ed<\/a> a z\u00e1rove\u0148 se mus\u00ed p\u0159ipravit na postupn\u00fd \u00fabytek tradi\u010dn\u00edch miner\u00e1ln\u00edch slo\u017eek, jak\u00fdmi jsou mimo jin\u00e9 vysokopecn\u00ed struska a pop\u00edlek z\u00a0uheln\u00fdch elektr\u00e1ren. \u201eRoz\u0161i\u0159ov\u00e1n\u00edm vyu\u017eit\u00ed kalcinovan\u00fdch j\u00edl\u016f nab\u00edz\u00edme jako p\u0159edn\u00ed partner pro udr\u017eiteln\u00e9 stavebnictv\u00ed inovativn\u00ed \u0159e\u0161en\u00ed, kter\u00e9 pom\u016f\u017ee na\u0161im z\u00e1kazn\u00edk\u016fm napl\u0148ovat i\u00a0ty nejambici\u00f3zn\u011bj\u0161\u00ed c\u00edle,\u201c dod\u00e1v\u00e1 Wenger Bachmann.<\/p>\n<p>Ni\u017e\u0161\u00ed v\u00fdrobn\u00ed teplota znamen\u00e1 m\u00e9n\u011b emis\u00ed<\/p>\n<p class=\"MsoNormal\">Jak konkr\u00e9tn\u011b u\u017e\u00edv\u00e1n\u00ed kalcinovan\u00e9ho j\u00edlu sni\u017euje emise uhl\u00edku? Odpov\u011b\u010f je pot\u0159eba hledat jinde, a sice u\u00a0zm\u00edn\u011bn\u00e9ho sl\u00ednku. Ten je pova\u017eov\u00e1n za jednu z\u00a0hlavn\u00edch slo\u017eek cementu, pot\u00ed\u017e nicm\u00e9n\u011b je, \u017ee vznik\u00e1 v\u00fdpalem v\u00e1pence a dal\u0161\u00edch surovin p\u0159i teplot\u00e1ch kolem 1\u00a0400\u00a0stup\u0148\u016f Celsia. A\u00a0pr\u00e1v\u011b p\u0159i tomto procesu, kter\u00fd se pochopiteln\u011b neobejde bez spalov\u00e1n\u00ed fosiln\u00edch paliv a rozpadu v\u00e1pence, doch\u00e1z\u00ed k\u00a0produkci nejv\u011bt\u0161\u00edho mno\u017estv\u00ed <a href=\"https:\/\/www.euro.cz\/clanky\/beton-ceka-revoluce-diky-obsahu-co2-muze-byt-klimaticky-setrnejsi-a-dokonce-ohebny\/\" rel=\"nofollow noopener\" target=\"_blank\">CO2<\/a>. Oproti tomu kalcinovan\u00e9mu j\u00edlu sta\u010d\u00ed ke zpracov\u00e1n\u00ed \u201epouh\u00fdch\u201c 800\u00a0stup\u0148\u016f, na\u010de\u017e se po v\u00fdpalu st\u00e1v\u00e1 reaktivn\u00ed miner\u00e1ln\u00ed slo\u017ekou, je\u017e m\u00e1 potenci\u00e1l \u010d\u00e1st sl\u00ednku plnohodnotn\u011b nahradit.<\/p>\n<p class=\"MsoNormal\">\u201eJednou z\u00a0na\u0161ich hlavn\u00edch v\u00fdhod je, \u017ee m\u00e1me kvalitn\u00ed j\u00edl ve vlastn\u00edm lomu jen asi t\u0159i kilometry od cement\u00e1rny a do z\u00e1vodu jej dopravujeme p\u00e1sov\u00fdm dopravn\u00edkem. D\u00edky lok\u00e1ln\u00ed surovin\u011b m\u00e1me v\u011bt\u0161\u00ed kontrolu nad jej\u00ed dostupnost\u00ed i\u00a0kvalitou a z\u00e1rove\u0148 sni\u017eujeme riziko budouc\u00ed z\u00e1vislosti na dovozu. V\u00a0kombinaci s\u00a0novou technologi\u00ed to posiluje dlouhodobou konkurenceschopnost z\u00e1vodu i\u00a0tuzemsk\u00e9ho cement\u00e1\u0159sk\u00e9ho pr\u016fmyslu,\u201c dopl\u0148uje nastupuj\u00edc\u00ed gener\u00e1ln\u00ed \u0159editel spole\u010dnosti Holcim \u010cesko Milan Kadlec.<\/p>\n<p><a href=\"https:\/\/www.czechinternetforum.cz\/?utm_source=Euro&amp;utm_medium=tip_early&amp;utm_campaign=CIF26\" rel=\"nofollow noopener\" target=\"_blank\"><img decoding=\"async\" loading=\"lazy\" class=\"image-1315197\" src=\"https:\/\/www.europesays.com\/cz\/wp-content\/uploads\/2026\/09\/1788413593_6_cif26-early-1315197-thumb.png\" alt=\"CIF26\"\/><\/a><\/p>\n<p>V\u00edce ne\u017e stolet\u00e1 tradice<\/p>\n<p class=\"MsoNormal\">Celkov\u00e1 ro\u010dn\u00ed spot\u0159eba cementu v\u00a0<a href=\"https:\/\/www.lupa.cz\/aktuality\/cesko-si-kvuli-iranske-hrozbe-radiu-farda-predvolalo-velvyslance\/\" rel=\"nofollow noopener\" target=\"_blank\">\u010cesku<\/a> \u010din\u00ed podle dat Holcimu p\u0159ibli\u017en\u011b 3,5\u00a0milionu tun. Z\u00e1kladn\u00ed k\u00e1men \u010d\u00ed\u017ekovick\u00e9ho z\u00e1vodu byl polo\u017een ji\u017e koncem 19.\u00a0stolet\u00ed. Dal\u0161\u00ed podobnou produk\u010dn\u00ed linku na kalcinovan\u00fd j\u00edl m\u00e1 spole\u010dnost ve sv\u00e9 breta\u0148sk\u00e9 cement\u00e1rn\u011b u\u00a0m\u011bsta Saint-Pierre-la-Cour, je\u017e byla do provozu uvedena p\u0159ed t\u0159emi\u00a0lety.<\/p>\n<p>\u201eKrom\u011b inovac\u00ed samotn\u00e9ho v\u00fdrobn\u00edho procesu se Holcim \u010cesko zam\u011b\u0159uje tak\u00e9 na nahrazov\u00e1n\u00ed fosiln\u00edch paliv a \u010d\u00e1sti prim\u00e1rn\u00edch surovin alternativami v\u00a0souladu s\u00a0principy cirkul\u00e1rn\u00ed ekonomiky. Z\u00e1vod d\u00edky tomu dok\u00e1\u017ee zpracov\u00e1vat materi\u00e1ly, kter\u00e9 by jinak mohly skon\u010dit na skl\u00e1dce nebo z\u016fstat nevyu\u017eit\u00e9. Jde nap\u0159\u00edklad o\u00a0zbytkov\u00e9 a odpadn\u00ed materi\u00e1ly z\u00a0pap\u00edrensk\u00e9ho, ocel\u00e1\u0159sk\u00e9ho, textiln\u00edho a plastik\u00e1\u0159sk\u00e9ho pr\u016fmyslu, stejn\u011b jako ze zem\u011bd\u011blstv\u00ed \u010di demolice star\u00fdch budov,\u201c p\u00ed\u0161e se d\u00e1le v\u00a0tiskov\u00e9 zpr\u00e1v\u011b spole\u010dnosti.<\/p>\n","protected":false},"excerpt":{"rendered":"Nov\u00e1 linka p\u0159edstavuje pro Holcim, respektive jeho \u010deskou pobo\u010dku, nejv\u011bt\u0161\u00ed investici ve firemn\u00ed historii. N\u00e1klady na jej\u00ed v\u00fdvoj,&hellip;\n","protected":false},"author":2,"featured_media":200847,"comment_status":"","ping_status":"","sticky":false,"template":"","format":"standard","meta":{"footnotes":"","_share_on_mastodon":"0"},"categories":[7],"tags":[43,42,41,40],"class_list":["post-200846","post","type-post","status-publish","format-standard","has-post-thumbnail","category-cesko","tag-ceska-republika","tag-cesko","tag-czech-republic","tag-czechia"],"share_on_mastodon":{"url":"https:\/\/pubeurope.com\/@cz\/117205480398480781","error":""},"_links":{"self":[{"href":"https:\/\/www.europesays.com\/cz\/wp-json\/wp\/v2\/posts\/200846","targetHints":{"allow":["GET"]}}],"collection":[{"href":"https:\/\/www.europesays.com\/cz\/wp-json\/wp\/v2\/posts"}],"about":[{"href":"https:\/\/www.europesays.com\/cz\/wp-json\/wp\/v2\/types\/post"}],"author":[{"embeddable":true,"href":"https:\/\/www.europesays.com\/cz\/wp-json\/wp\/v2\/users\/2"}],"replies":[{"embeddable":true,"href":"https:\/\/www.europesays.com\/cz\/wp-json\/wp\/v2\/comments?post=200846"}],"version-history":[{"count":0,"href":"https:\/\/www.europesays.com\/cz\/wp-json\/wp\/v2\/posts\/200846\/revisions"}],"wp:featuredmedia":[{"embeddable":true,"href":"https:\/\/www.europesays.com\/cz\/wp-json\/wp\/v2\/media\/200847"}],"wp:attachment":[{"href":"https:\/\/www.europesays.com\/cz\/wp-json\/wp\/v2\/media?parent=200846"}],"wp:term":[{"taxonomy":"category","embeddable":true,"href":"https:\/\/www.europesays.com\/cz\/wp-json\/wp\/v2\/categories?post=200846"},{"taxonomy":"post_tag","embeddable":true,"href":"https:\/\/www.europesays.com\/cz\/wp-json\/wp\/v2\/tags?post=200846"}],"curies":[{"name":"wp","href":"https:\/\/api.w.org\/{rel}","templated":true}]}}