{"id":200856,"date":"2026-09-03T05:42:19","date_gmt":"2026-09-03T05:42:19","guid":{"rendered":"https:\/\/www.europesays.com\/cz\/200856\/"},"modified":"2026-09-03T05:42:19","modified_gmt":"2026-09-03T05:42:19","slug":"uzijte-si-posledni-letni-dny-predpoved-na-pristi-tyden-nevypada-vubec-dobre","status":"publish","type":"post","link":"https:\/\/www.europesays.com\/cz\/200856\/","title":{"rendered":"U\u017eijte si posledn\u00ed letn\u00ed dny. P\u0159edpov\u011b\u010f na p\u0159\u00ed\u0161t\u00ed t\u00fdden nevypad\u00e1 v\u016fbec dob\u0159e"},"content":{"rendered":"<p>Do v\u00edkendu bude je\u0161t\u011b teplo<\/p>\n<p>P\u00e1tek 4.\u00a0z\u00e1\u0159\u00ed bude podle \u010cHM\u00da nejteplej\u0161\u00edm dnem<br \/>\ntohoto pracovn\u00edho t\u00fddne. Na jihu Moravy se teploty m\u00edsty vy\u0161plhaj\u00ed<br \/>\na\u017e ke 30\u00a0\u00b0C, jinde v\u00a0republice se budou pohybovat mezi 24\u00a0a<br \/>\n28\u00a0\u00b0C. Noci z\u016fstanou tepl\u00e9, kolem 13\u00a0a\u017e 18\u00a0\u00b0C, a pr\u0161et by prakticky<br \/>\nnem\u011blo: sr\u00e1\u017ekov\u00fd \u00fahrn z\u016fstane pod 2\u00a0mm. Takto vysok\u00e9 teploty kolem<br \/>\n30\u00a0\u00b0C u\u017e ale sou\u010dasn\u00fd v\u00fdhled pro dal\u0161\u00ed dny nenazna\u010duje.<\/p>\n<p>Podle dlouhodob\u00e9ho v\u00fdhledu \u010cHM\u00da je cel\u00fd prvn\u00ed z\u00e1\u0159ijov\u00fd t\u00fdden<br \/>\nteplotn\u011b nadpr\u016fm\u011brn\u00fd. Tohle teplo ale nebude m\u00edt dlouh\u00e9 trv\u00e1n\u00ed. Hned<br \/>\nv\u00a0sobotu p\u0159ijde prvn\u00ed n\u00e1znak toho, co se chyst\u00e1.<\/p>\n<p>V\u00edkend jako p\u0159echod<\/p>\n<p>V\u00a0sobotu 5.\u00a0z\u00e1\u0159\u00ed se ale p\u0159es \u010cesko p\u0159e\u017eene studen\u00e1<br \/>\nfronta. \u010cHM\u00da po\u010d\u00edt\u00e1 s\u00a0de\u0161t\u011bm nebo p\u0159eh\u00e1\u0148kami, ojedin\u011ble<br \/>\ni\u00a0s\u00a0bou\u0159kou. V\u00e1t bude m\u00edrn\u00fd severoz\u00e1padn\u00ed v\u00edtr, kolem 3\u00a0a\u017e 7\u00a0m\/s.<br \/>\nV\u00a0n\u011bkter\u00fdch kraj\u00edch z\u016fstane skoro sucho, jinde m\u016f\u017ee za den spadnout<br \/>\nklidn\u011b 15\u00a0mm sr\u00e1\u017eek, tedy vydatn\u00fd d\u00e9\u0161\u0165. Denn\u00ed teploty za\u010dnou klesat na<br \/>\n20\u00a0a\u017e 25\u00a0\u00b0C, na jihu a jihov\u00fdchod\u011b zem\u011b je\u0161t\u011b na 28\u00a0\u00b0C.<\/p>\n<p>Ned\u011ble 6.\u00a0z\u00e1\u0159\u00ed by u\u017e m\u011bla b\u00fdt sr\u00e1\u017ekov\u011b klidn\u011bj\u0161\u00ed, ale p\u0159inese<br \/>\nprvn\u00ed chladn\u011bj\u0161\u00ed noc. Teploty v\u00a0noci klesnou na<br \/>\n7\u00a0a\u017e 12\u00a0\u00b0C, v\u00a0\u00fadol\u00edch ojedin\u011ble a\u017e k\u00a05\u00a0\u00b0C. P\u0159es den ale<br \/>\nz\u016fstane je\u0161t\u011b pocitov\u011b p\u0159\u00edjemn\u011b kolem 21\u00a0a\u017e 25\u00a0\u00b0C.<\/p>\n<p>T\u00fdden od 7.\u00a0do 13.\u00a0z\u00e1\u0159\u00ed<\/p>\n<p>V\u00edkend byl ale jen p\u0159edzv\u011bst toho, co p\u0159ijde pot\u00e9. V\u00a0pond\u011bl\u00ed<br \/>\n7.\u00a0z\u00e1\u0159\u00ed z\u016fstanou denn\u00ed teploty podobn\u00e9 jako v\u00a0p\u00e1tek, tedy<br \/>\nmezi 23\u00a0a 28\u00a0\u00b0C a obloha bude v\u011bt\u0161inou polojasn\u00e1. Od<br \/>\n\u00fater\u00fd ale za\u010dne p\u0159ib\u00fdvat mrak\u016f a rann\u00ed mlhy se budou dr\u017eet d\u00e9le, ne\u017e<br \/>\nbylo v\u00a0l\u00e9t\u011b zvykem. Ve st\u0159edu u\u017e za\u010dnou teploty klesat na 19\u00a0a\u017e<br \/>\n24\u00a0\u00b0C a v\u00a0mnoha oblastech se objev\u00ed d\u00e9\u0161\u0165, m\u00edsty i\u00a0bou\u0159ka.<\/p>\n<p><a data-fancybox=\"gallery\" href=\"https:\/\/energozrouti.cz\/storage-webp\/2\/ThNT825dBTkePUihIhQdCsLPy2HClnNBOOyKLJHXGjBmHvboe6u6ReTDYHZ8ZtuoGhQj5EaQJoeGNYxGaptVltzex5NFlzqQNDqI_big.webp\" rel=\"nofollow noopener\" target=\"_blank\"><br \/>\n            <img decoding=\"async\" loading=\"lazy\" class=\"img-responsive\" src=\"https:\/\/www.europesays.com\/cz\/wp-content\/uploads\/2026\/09\/ThNT825dBTkePUihIhQdCsLPy2HClnNBOOyKLJHXGjBmHvboe6u6ReTDYHZ8ZtuoGhQj5EaQJoeGNYxGaptVltzex5NFlzqQNDqI.webp\" title=\"Ve druh\u00e9m z\u00e1\u0159ijov\u00e9m t\u00fddnu se obloha zat\u00e1hne a p\u0159ijde citeln\u00e9 ochlazen\u00ed\"\/><br \/>\n            <\/a>Ve druh\u00e9m z\u00e1\u0159ijov\u00e9m t\u00fddnu se obloha zat\u00e1hne a p\u0159ijde citeln\u00e9 ochlazen\u00ed<br \/>\n            , &#8230;<\/p>\n<p>Podle meteorolog\u016f bude nav\u00edc tento t\u00fdden le\u017eet p\u0159esn\u011b na rozhran\u00ed dvou<br \/>\nvzduchov\u00fdch hmot: tepleji na jihu \u010cech a Moravy, studen\u011bji sm\u011brem na sever<br \/>\nrepubliky. Po\u010das\u00ed se proto bude li\u0161it kraj od kraje v\u00edce ne\u017e obvykle: na<br \/>\njihu se teplej\u0161\u00ed vzduch udr\u017e\u00ed o\u00a0n\u011bco d\u00e9le, zat\u00edmco na severu a<br \/>\nv\u00a0podhorsk\u00fdch oblastech doraz\u00ed ochlazen\u00ed a d\u00e9\u0161\u0165 d\u0159\u00edv a citeln\u011bji. Kdo<br \/>\nbydl\u00ed bl\u00ed\u017e k\u00a0hor\u00e1m, mo\u017en\u00e1 bude pot\u0159ebovat de\u0161tn\u00edk u\u017e v\u00a0\u00fater\u00fd.<\/p>\n<p>Mezi p\u00e1tkem 4.\u00a0z\u00e1\u0159\u00ed a st\u0159edou 9.\u00a0z\u00e1\u0159\u00ed tak klesnou denn\u00ed maxima<br \/>\no\u00a0\u0161est a\u017e dev\u011bt stup\u0148\u016f: z\u00a0letn\u00edch hodnot bl\u00edzko t\u0159ic\u00edtce na teploty,<br \/>\nkter\u00e9 u\u017e odpov\u00eddaj\u00ed polovin\u011b z\u00e1\u0159\u00ed. Pr\u00e1v\u011b tento t\u00fdden meteorologov\u00e9<br \/>\nu\u017e del\u0161\u00ed dobu\u00a0<a href=\"https:\/\/energozrouti.cz\/clanek\/pocasi-se-v-zari-zlomi-konec-leta\" rel=\"nofollow noopener\" target=\"_blank\">ozna\u010duj\u00ed za kl\u00ed\u010dov\u00fd<\/a><br \/>\npro to, zda si \u010cesko <a href=\"https:\/\/energozrouti.cz\/clanek\/navrat-do-skol-v-kratasech-nebo-v-bundach-predpoved-pocasi\" rel=\"nofollow noopener\" target=\"_blank\">u\u017eije<br \/>\nbab\u00ed l\u00e9to<\/a> nebo\u00a0ne.<\/p>\n<p>Tento obrat bude zn\u00e1t nejv\u00edc pr\u00e1v\u011b ve st\u0159edu a<br \/>\n\u010dtvrtek. V\u00a0ni\u017e\u0161\u00edch poloh\u00e1ch bude riziko de\u0161t\u011b sice o\u00a0n\u011bco<br \/>\nni\u017e\u0161\u00ed, ale i\u00a0tak by se m\u011bl d\u00e9\u0161\u0165 objevit po \u00fazem\u00ed v\u011bt\u0161iny<br \/>\nrepubliky. \u010ctvrtek 10.\u00a0z\u00e1\u0159\u00ed by m\u011bl z\u016fstat de\u0161tiv\u00fd<br \/>\ns\u00a0pravd\u011bpodobnost\u00ed sr\u00e1\u017eek kolem 82\u00a0% a s\u00a0teplotami mezi 12\u00a0\u00b0C<br \/>\nr\u00e1no a 16\u00a0\u00b0C odpoledne. Kdo pl\u00e1nuje aktivity venku, m\u011bl by proto<br \/>\nod \u010dtvrtka po\u010d\u00edtat s\u00a0de\u0161tn\u00edkem a nepromokav\u00fdm oble\u010den\u00edm.<\/p>\n<p>V\u00a0p\u00e1tek sice sr\u00e1\u017eek ubude, ale teploty klesnou je\u0161t\u011b n\u00ed\u017e na 9\u00a0a\u017e<br \/>\n15\u00a0\u00b0C. Sobota 12.\u00a0z\u00e1\u0159\u00ed vych\u00e1z\u00ed zat\u00edm jako nejsu\u0161\u0161\u00ed den cel\u00e9ho<br \/>\nt\u00fddne s\u00a0odpoledn\u00edmi teplotami kolem 16\u00a0\u00b0C.\u00a0V\u00a0ned\u011bli sr\u00e1\u017eky ale op\u011bt<br \/>\np\u0159ibudou, pravd\u011bpodobnost naroste a\u017e na 67\u00a0% a teploty z\u016fstanou na t\u011bch<br \/>\np\u00e1te\u010dn\u00edch a sobotn\u00edch. Rann\u00ed a no\u010dn\u00ed teploty se nav\u00edc budou<br \/>\nb\u011bhem cel\u00e9ho t\u00fddne pohybovat t\u011bsn\u011b nad a pod 10\u00a0\u00b0C.<\/p>\n<p>I\u00a0p\u0159esto jde o\u00a0nadpr\u016fm\u011brn\u00fd t\u00fdden<\/p>\n<p>A\u010d se to po de\u0161ti a ochlazen\u00ed nemus\u00ed zd\u00e1t, i\u00a0druh\u00fd z\u00e1\u0159ijov\u00fd<br \/>\nt\u00fdden se podle \u010cHM\u00da zat\u00edm jev\u00ed teplotn\u011b nadpr\u016fm\u011brn\u011b<br \/>\nstejn\u011b jako zbytek m\u011bs\u00edce. Ve t\u0159et\u00edm z\u00e1\u0159ijov\u00e9m t\u00fddnu<br \/>\n(14.\u00a0a\u017e 20.\u00a0z\u00e1\u0159\u00ed) by se denn\u00ed teploty m\u011bly pohybovat kolem 19\u00a0\u00b0C.<br \/>\nA\u00a0v\u00a0posledn\u00edm t\u00fddnu m\u011bs\u00edce (21.\u00a0a\u017e 27.\u00a0z\u00e1\u0159\u00ed) pak denn\u00ed teploty<br \/>\nspadnou na 18\u00a0\u00b0C a no\u010dn\u00ed na 7\u00a0\u00b0C. Jde o\u00a0klasick\u00fd podzimn\u00ed pokles,<br \/>\nkter\u00fd ale i\u00a0tak z\u016fst\u00e1v\u00e1 nad dlouhodob\u00fdm pr\u016fm\u011brem pro dan\u00e9 obdob\u00ed.<br \/>\n\u010cek\u00e1 n\u00e1s tak typick\u00e9 bab\u00ed l\u00e9to, kdy je\u0161t\u011b p\u0159\u00edjemn\u011b h\u0159ej\u00ed slune\u010dn\u00ed<br \/>\npaprsky a noci pat\u0159\u00ed sp\u00ed\u0161e podzimu.<\/p>\n<p>Sr\u00e1\u017ekov\u011b m\u00e1 b\u00fdt z\u00e1\u0159\u00ed u\u017e ale jako celek pr\u016fm\u011brn\u00e9:<br \/>\ns\u00a0\u00fahrnem kolem 10\u00a0mm t\u00fddn\u011b. P\u0159esto se sr\u00e1\u017eky mohou mezi jednotliv\u00fdmi<br \/>\nkraji li\u0161it, ovlivn\u00ed je pr\u00e1v\u011b rozd\u00edl mezi teplej\u0161\u00edm jihem a<br \/>\nchladn\u011bj\u0161\u00edm severem.<\/p>\n","protected":false},"excerpt":{"rendered":"Do v\u00edkendu bude je\u0161t\u011b teplo P\u00e1tek 4.\u00a0z\u00e1\u0159\u00ed bude podle \u010cHM\u00da nejteplej\u0161\u00edm dnem tohoto pracovn\u00edho t\u00fddne. Na jihu Moravy&hellip;\n","protected":false},"author":2,"featured_media":200857,"comment_status":"","ping_status":"","sticky":false,"template":"","format":"standard","meta":{"footnotes":"","_share_on_mastodon":"0"},"categories":[7],"tags":[45945,43,42,41,40,45944,1440],"class_list":["post-200856","post","type-post","status-publish","format-standard","has-post-thumbnail","category-cesko","tag-babi-leto","tag-ceska-republika","tag-cesko","tag-czech-republic","tag-czechia","tag-pocasi-zari","tag-predpoved-pocasi"],"share_on_mastodon":{"url":"https:\/\/pubeurope.com\/@cz\/117205516043067695","error":""},"_links":{"self":[{"href":"https:\/\/www.europesays.com\/cz\/wp-json\/wp\/v2\/posts\/200856","targetHints":{"allow":["GET"]}}],"collection":[{"href":"https:\/\/www.europesays.com\/cz\/wp-json\/wp\/v2\/posts"}],"about":[{"href":"https:\/\/www.europesays.com\/cz\/wp-json\/wp\/v2\/types\/post"}],"author":[{"embeddable":true,"href":"https:\/\/www.europesays.com\/cz\/wp-json\/wp\/v2\/users\/2"}],"replies":[{"embeddable":true,"href":"https:\/\/www.europesays.com\/cz\/wp-json\/wp\/v2\/comments?post=200856"}],"version-history":[{"count":0,"href":"https:\/\/www.europesays.com\/cz\/wp-json\/wp\/v2\/posts\/200856\/revisions"}],"wp:featuredmedia":[{"embeddable":true,"href":"https:\/\/www.europesays.com\/cz\/wp-json\/wp\/v2\/media\/200857"}],"wp:attachment":[{"href":"https:\/\/www.europesays.com\/cz\/wp-json\/wp\/v2\/media?parent=200856"}],"wp:term":[{"taxonomy":"category","embeddable":true,"href":"https:\/\/www.europesays.com\/cz\/wp-json\/wp\/v2\/categories?post=200856"},{"taxonomy":"post_tag","embeddable":true,"href":"https:\/\/www.europesays.com\/cz\/wp-json\/wp\/v2\/tags?post=200856"}],"curies":[{"name":"wp","href":"https:\/\/api.w.org\/{rel}","templated":true}]}}