{"id":200864,"date":"2026-09-03T05:52:10","date_gmt":"2026-09-03T05:52:10","guid":{"rendered":"https:\/\/www.europesays.com\/cz\/200864\/"},"modified":"2026-09-03T05:52:10","modified_gmt":"2026-09-03T05:52:10","slug":"poslanec-doksansky-odhalil-u-prezidentskeho-paru-k","status":"publish","type":"post","link":"https:\/\/www.europesays.com\/cz\/200864\/","title":{"rendered":"Poslanec Doksansk\u00fd odhalil u prezidentsk\u00e9ho p\u00e1ru k&#8230;"},"content":{"rendered":"<p>N\u00c1ZOR \/ Prvn\u00ed d\u00e1ma Eva Pavlov\u00e1 p\u0159ijela na prvn\u00ed den \u0161koly do z\u00e1kladn\u00ed \u0161koly v Roudnici nad Labem. Co z toho dok\u00e1zal vytvo\u0159it poslaneck\u00fd komik a kon\u00edk ze st\u00e1je <a rel=\"noreferrer noopener nofollow\" href=\"https:\/\/www.forum24.cz\/temata\/andrej-babis\" target=\"_blank\">Andreje Babi\u0161e<\/a> Denis Doksansk\u00fd? Odhalil prvky kultu osobnosti.<\/p>\n<p>Pan Doksansk\u00fd z\u0159ejm\u011b tu\u0161\u00ed, jak je na tom publikum jeho fanou\u0161k\u016f s pozornost\u00ed, tak si pomohl celkem 13 smajl\u00edky. (Ty zde vynech\u00e1me.) Te\u010f jde o to, jestli nebude \u017e\u00e1rlit mistryn\u011b \u010ceska ve smajl\u00edkov\u00e1n\u00ed Alena Schillerov\u00e1. Ka\u017edop\u00e1dn\u011b jeho p\u0159\u00edsp\u011bvek byl stejn\u011b bystr\u00fd, jako byl poslanc\u016fv pokus o v\u00fdtvarn\u00fd doprovod. (Jazykov\u011b neupravujeme.)<\/p>\n<p>\u201eNE, to nen\u00ed fotografie ze setk\u00e1n\u00ed s mal\u00fdmi komsomolci na p\u0159edm\u011bst\u00ed Moskvy roku 1985, to je dne\u0161n\u00ed foto z n\u00e1v\u0161t\u011bvy Evy Pavlov\u00e9 na Z\u0160\u2026 Pan\u00ed prezidentov\u00e1 byla toti\u017e tak\u00e9 prvn\u00ed \u0161koln\u00ed den pozdravit prv\u0148\u00e1\u010dky a proto\u017ee pan soudruh prezident, slunce na\u0161e jasn\u00e9, z\u00e1\u0159il jinde, tak alespo\u0148 \u0161kol\u00e1k\u016fm uk\u00e1zala fotografii na\u0161eho velk\u00e9ho a milovan\u00e9ho v\u016fdce a tak\u00e9 fotografii svoji, aby mil\u00e9 d\u011bti m\u011bli (pravopisn\u00e1 chyba p. Doksansk\u00e9ho, pozn. red.) pot\u011b\u0161en\u00ed z radostn\u00e9ho pohledu na ni hned dvakr\u00e1t, <a rel=\"noreferrer noopener nofollow\" href=\"https:\/\/www.facebook.com\/denis.doksansky\/posts\/pfbid0ebt8xHYueo2aapF5nkrAcvhtqQEX2RbenX2R53G7evoRQg5SosKxAQLDUs81aNNal\" target=\"_blank\">p\u00ed\u0161e na Facebooku z\u00e1konod\u00e1rce<\/a>.<\/p>\n<p>Pak se Babi\u0161ovo slunce jasn\u00e9 pokusilo o geopolitick\u00e9 srovn\u00e1n\u00ed.<\/p>\n<p>\u201e\u017de by i pan\u00ed soudru\u017eka prezidentov\u00e1 Pavlov\u00e1 m\u011bla PR poradkyni od kolegyn\u011b soudru\u017eky Ri Sol-\u010du, prvn\u00ed d\u00e1my KLDR a chot\u011b Kim \u010cong-una\u2026?!?!? Jak na fb n\u011bkdo trefn\u011b pronesl, \u017ee by evoluce od kultu osobnosti ke kultu sebeosobnosti\u2026\u201c<\/p>\n<p>N\u011bco dodejme. Eva Pavlov\u00e1 \u017e\u00e1k\u016fm p\u0159ivezla ka\u017ed\u00e9mu mal\u00fd d\u00e1rek a ty dv\u011b fotky byly pro \u0161kolu na pam\u00e1tku. Skute\u010dn\u00fd \u201ekult osobnosti\u201c v dob\u00e1ch sov\u011btsk\u00e9ho v\u016fdce J. V. Stalina dosahoval rozm\u011br\u016f skoro n\u00e1bo\u017eensk\u00e9ho uct\u00edv\u00e1n\u00ed. Kdo by se na tom nepod\u00edlel, mohlo by ho st\u00e1t i \u017eivot. To sam\u00e9 se t\u00fdk\u00e1 Severn\u00ed Koreje.<\/p>\n<p>N\u011bjak\u00fd slab\u00fd odvar uct\u00edv\u00e1n\u00ed v\u016fdc\u016f ale vid\u00edme i dnes. Klasick\u00fdm p\u0159\u00edkladem je t\u0159eba Andrej Babi\u0161, kter\u00fd sliboval osobn\u011b rozn\u00e1\u0161et respir\u00e1tory za covidu, p\u0159ed kamerami podaroval bezdomovce bankovkou, kontroloval na parkovi\u0161ti p\u0159ed hypermarketem mra\u017een\u00e9 fil\u00e9 a m\u00e1lem zahubil Ale\u0161e Juchelku propaga\u010dn\u00edm v\u00fdstupem na kopec.<\/p>\n<p>Monika Babi\u0161ov\u00e1, kterou premi\u00e9r stylizovan\u011b proh\u00e1n\u011bl s poml\u00e1zkou, se zjevovala v \u010dasopisech (koupen\u00fdch Babi\u0161em, pr\u00fd aby se o n\u011bm \u201epsala pravda\u201c) a simulovala, jak pe\u010de v\u00e1no\u010dn\u00ed cukrov\u00ed. Jestli n\u011bco aspo\u0148 trochu p\u0159ipom\u00edn\u00e1 pom\u011bry v\u00fdchodn\u00edch despoci\u00ed, tak je to absolutn\u00ed Babi\u0161ova vl\u00e1da nad jeho stranou, \u00fatvarem jednoho mu\u017ee, kde on s\u00e1m nemus\u00ed ani dodr\u017eovat stanovy. Jako p\u0159\u00edslu\u0161n\u00edk kasty nepostihnuteln\u00fdch se m\u016f\u017ee vyh\u00fdbat i soudu.<\/p>\n<p>Denis Doksansk\u00fd je sou\u010d\u00e1st t\u00e9to kultovn\u00ed ma\u0161inerie a ud\u011blal by l\u00e9pe, kdyby tohle t\u00e9ma v\u016fbec neotv\u00edral.<\/p>\n","protected":false},"excerpt":{"rendered":"N\u00c1ZOR \/ Prvn\u00ed d\u00e1ma Eva Pavlov\u00e1 p\u0159ijela na prvn\u00ed den \u0161koly do z\u00e1kladn\u00ed \u0161koly v Roudnici nad Labem.&hellip;\n","protected":false},"author":2,"featured_media":200865,"comment_status":"","ping_status":"","sticky":false,"template":"","format":"standard","meta":{"footnotes":"","_share_on_mastodon":"0"},"categories":[7],"tags":[43,42,41,40],"class_list":["post-200864","post","type-post","status-publish","format-standard","has-post-thumbnail","category-cesko","tag-ceska-republika","tag-cesko","tag-czech-republic","tag-czechia"],"share_on_mastodon":{"url":"https:\/\/pubeurope.com\/@cz\/117205555103089120","error":""},"_links":{"self":[{"href":"https:\/\/www.europesays.com\/cz\/wp-json\/wp\/v2\/posts\/200864","targetHints":{"allow":["GET"]}}],"collection":[{"href":"https:\/\/www.europesays.com\/cz\/wp-json\/wp\/v2\/posts"}],"about":[{"href":"https:\/\/www.europesays.com\/cz\/wp-json\/wp\/v2\/types\/post"}],"author":[{"embeddable":true,"href":"https:\/\/www.europesays.com\/cz\/wp-json\/wp\/v2\/users\/2"}],"replies":[{"embeddable":true,"href":"https:\/\/www.europesays.com\/cz\/wp-json\/wp\/v2\/comments?post=200864"}],"version-history":[{"count":0,"href":"https:\/\/www.europesays.com\/cz\/wp-json\/wp\/v2\/posts\/200864\/revisions"}],"wp:featuredmedia":[{"embeddable":true,"href":"https:\/\/www.europesays.com\/cz\/wp-json\/wp\/v2\/media\/200865"}],"wp:attachment":[{"href":"https:\/\/www.europesays.com\/cz\/wp-json\/wp\/v2\/media?parent=200864"}],"wp:term":[{"taxonomy":"category","embeddable":true,"href":"https:\/\/www.europesays.com\/cz\/wp-json\/wp\/v2\/categories?post=200864"},{"taxonomy":"post_tag","embeddable":true,"href":"https:\/\/www.europesays.com\/cz\/wp-json\/wp\/v2\/tags?post=200864"}],"curies":[{"name":"wp","href":"https:\/\/api.w.org\/{rel}","templated":true}]}}