{"id":200866,"date":"2026-09-03T05:56:15","date_gmt":"2026-09-03T05:56:15","guid":{"rendered":"https:\/\/www.europesays.com\/cz\/200866\/"},"modified":"2026-09-03T05:56:15","modified_gmt":"2026-09-03T05:56:15","slug":"dynamo-nahani-hruzu-resi-ale-i-dulezite-tema-pesan-odmita-delat-one-man-show","status":"publish","type":"post","link":"https:\/\/www.europesays.com\/cz\/200866\/","title":{"rendered":"Dynamo nah\u00e1n\u00ed hr\u016fzu, \u0159e\u0161\u00ed ale i\u00a0d\u016fle\u017eit\u00e9 t\u00e9ma. Pe\u0161\u00e1n odm\u00edt\u00e1 d\u011blat one man show"},"content":{"rendered":"<p class=\"b_bA\">Osmadvacetilet\u00fd p\u0159edlo\u0148sk\u00fd mistr sv\u011bta na za\u010d\u00e1tku \u010dervence podepsal dvoucestn\u00fd kontrakt se San Jose a\u00a0pokus\u00ed se zabojovat o\u00a0m\u00edsto v\u00a0NHL, kterou si naposledy zahr\u00e1l v\u00a0prosinci roku 2022.<\/p>\n<p class=\"b_bA\">Pardubic\u00edm tak na soupisce zbylo jen sedm zad\u00e1k\u016f, co\u017e s\u00a0ohledem na n\u00e1ro\u010dn\u00fd program v\u00a0extralize a\u00a0Lize mistr\u016f nen\u00ed ide\u00e1ln\u00ed situace. Vypomoct si sice m\u016f\u017eou z\u00a0prvoligov\u00e9ho b\u00e9\u010dka, i\u00a0tak by ale hlavn\u00ed kou\u010d Dynama Filip Pe\u0161\u00e1n p\u0159iv\u00edtal mo\u017enost p\u0159\u00edchodu jednoho nov\u00e9ho beka.<\/p>\n<p><a data-dot=\"atm-link\" target=\"_self\" href=\"https:\/\/www.sport.cz\/clanek\/hokej-extraliga-cesky-mistr-sveta-se-po-trech-letech-vraci-z-pardubic-do-zamori-5502609\" class=\"b_V g_ia\" rel=\"nofollow noopener\"><img fetchpriority=\"high\" height=\"1350\" width=\"1800\" src=\"https:\/\/www.europesays.com\/cz\/wp-content\/uploads\/2026\/09\/nhl-hokej-libor-hajek-dynamo-pardubice.jpeg\" loading=\"eager\" decoding=\"sync\" class=\"b_B b_z\"\/><\/a><\/p>\n<p class=\"b_bA\">\u201eJe to p\u0159edm\u011btem hovor\u016f s (sportovn\u00edm mana\u017eerem) Petrem S\u00fdkorou i\u00a0majitelem Petrem D\u011bdkem. Libor chyb\u00ed a\u00a0chyb\u011bt bude,\u201c p\u0159ikyvuje Pe\u0161\u00e1n.<\/p>\n<p class=\"b_bA\">Z\u00e1rove\u0148 v\u0161ak p\u0159ipou\u0161t\u00ed, \u017ee k\u00a0panice nen\u00ed d\u016fvod. \u201e\u010cas n\u00e1s netla\u010d\u00ed, m\u00e1me kvalitn\u00ed obrann\u00e9 \u0159ady, i\u00a0kdy\u017e s\u00a0v\u00fdhledem na celou sezonu je i\u00a0kv\u016fli Lize mistr\u016f m\u00edt \u0161ir\u0161\u00ed k\u00e1dr ne\u017e v\u00a0sou\u010dasn\u00e9 chv\u00edli,\u201c dod\u00e1v\u00e1 \u0161\u00e9f pardubick\u00e9 st\u0159\u00edda\u010dky.<\/p>\n<p class=\"b_bA\">A kdo v\u00ed, t\u0159eba on\u00edm osm\u00fdm obr\u00e1ncem bude nakonec H\u00e1jek, pokud by v\u00a0z\u00e1mo\u0159\u00ed neusp\u011bl a\u00a0prvn\u00ed t\u00fdm Sharks neud\u011blal. \u201eLibor o\u00a0n\u011bj zabojuje, i\u00a0kdyby to m\u011blo b\u00fdt p\u0159es farmu. Po dvou a\u017e t\u0159ech m\u011bs\u00edc\u00edch si svou situaci ur\u010dit\u011b vyhodnot\u00ed a\u00a0my od n\u011bj dostaneme zp\u011btnou vazbu. Ano, t\u00e9ma osm\u00e9ho obr\u00e1nce je u\u00a0n\u00e1s v\u00a0\u0159e\u0161en\u00ed, ale m\u00e1me \u010das,\u201c p\u0159id\u00e1v\u00e1 se Petr S\u00fdkora.<\/p>\n<p><a data-dot=\"atm-link\" target=\"_self\" href=\"https:\/\/www.sport.cz\/clanek\/hokej-extraliga-mistri-uz-jsou-na-lede-i-se-stranskym-a-tomaskem-dve-ofenzivni-opory-ale-nestihnou-start-sezony-5506518\" class=\"b_V g_ia\" rel=\"nofollow noopener\"><img height=\"2559\" width=\"3412\" src=\"https:\/\/www.europesays.com\/cz\/wp-content\/uploads\/2026\/09\/david-tomasek.jpeg\" loading=\"eager\" decoding=\"sync\" class=\"b_B b_z\"\/><\/a><\/p>\n<p class=\"b_bA\">Pro Pardubice za\u010d\u00edn\u00e1 sezona u\u017e ve \u010dtvrtek dom\u00e1c\u00edm z\u00e1pasem Ligy mistr\u016f proti polsk\u00fdm Tych\u00e1m. A\u00a0k dispozici maj\u00ed a\u017e na zran\u011bn\u00e9 \u00fato\u010dn\u00edky Martina Kauta s\u00a0Jakubem Laukem kompletn\u00ed k\u00e1dr.<\/p>\n<p class=\"b_bA\">\u201eLauko u\u017e pracuje na led\u011b, i\u00a0kdy\u017e je\u0161t\u011b mimo t\u00fdm. Je ot\u00e1zka nejbli\u017e\u0161\u00edch t\u00fddn\u016f, kdy se k\u00a0n\u011bmu p\u0159ipoj\u00ed. U\u00a0Kauta je to slo\u017eit\u011bj\u0161\u00ed. Je\u0161t\u011b zhruba m\u011bs\u00edc bude muset m\u00edt rekonvalescenci, ne\u017e bude schopen nastoupit do ostr\u00e9ho tr\u00e9ninku,\u201c vypo\u010d\u00edt\u00e1v\u00e1 Pe\u0161\u00e1n.<\/p>\n<p class=\"b_bA\">V\u011b\u0159\u00ed, \u017ee zvu\u010dn\u00e9 posily Tom\u00e1\u0161ek, Str\u00e1nsk\u00fd a\u00a0Nosek do u\u017e tak hv\u011bzdn\u00e9ho k\u00e1dru dob\u0159e zapadnou a\u00a0Dynamo vytvo\u0159\u00ed mu\u017estvo, kter\u00e9 bude t\u00e1hnout za jeden provaz a\u00a0ega v\u0161ech hr\u00e1\u010d\u016f se pod\u0159\u00edd\u00ed t\u00fdmov\u00e9mu \u00fasp\u011bchu.<\/p>\n<p><img height=\"2733\"   width=\"4096\" src=\"https:\/\/www.europesays.com\/cz\/wp-content\/uploads\/2026\/09\/8044.jpeg\" loading=\"eager\" decoding=\"sync\" class=\"b_B b_z\"\/>Foto: Vost\u00e1rek Josef, \u010cTK<\/p>\n<p class=\"b_bA\">Zleva kapit\u00e1n hokejov\u00fdch Pardubic Luk\u00e1\u0161 Sedl\u00e1k, hlavn\u00ed tren\u00e9r Filip Pe\u0161\u00e1n a\u00a0majitel Dynama Petr D\u011bdek.<\/p>\n<p class=\"b_bA\">\u201eJe to n\u00e1\u0161 t\u00fdmov\u00fd \u00fakol, kter\u00fd je p\u0159edm\u011btem na\u0161ich dennodenn\u00edch debat. Rozhodn\u011b na to nejsem s\u00e1m, nen\u00ed to moje one man show v\u00a0rozhodov\u00e1n\u00ed. Kabina je pln\u00e1 l\u00eddr\u016f a\u00a0je to i\u00a0\u00fakol pro kapit\u00e1na Luk\u00e1\u0161e Sedl\u00e1ka a\u00a0jeho kolektiv nejbli\u017e\u0161\u00edch tahoun\u016f v\u00a0kabin\u011b,\u201c \u0159\u00edk\u00e1 Pe\u0161\u00e1n.<\/p>\n<p class=\"b_bA\">\u201eM\u00e1m radost, \u017ee p\u0159i\u0161li t\u0159i kluci, kte\u0159\u00ed hr\u00e1li v\u00a0top t\u00fdmech po sv\u011bt\u011b a\u00a0te\u010f sv\u00e9 zku\u0161enosti p\u0159inesou sem. Ka\u017ed\u00fd hr\u00e1\u010d je r\u00e1d, kdy\u017e je obklopen\u00fd dobr\u00fdmi hr\u00e1\u010di, kte\u0159\u00ed mu m\u016f\u017eou pomoct vyhr\u00e1vat z\u00e1pasy. Mysl\u00edm, \u017ee n\u00e1s v\u0161echny bude bavit hr\u00e1t spolu, vyhov\u011bt si, pomoct si navz\u00e1jem. Kluci skv\u011ble zapadli,\u201c je si jist\u00fd Sedl\u00e1k.<\/p>\n<p><a data-dot=\"atm-link\" target=\"_self\" href=\"https:\/\/www.sport.cz\/clanek\/hokej-extraliga-dedek-ze-pokrivuji-hokejovy-trh-to-jako-kdybyste-resili-kolik-ma-stat-houska-po-zdrazeni-mouky-5524930\" class=\"b_V g_ia\" rel=\"nofollow noopener\"><img height=\"2730\" width=\"3641\" src=\"https:\/\/www.europesays.com\/cz\/wp-content\/uploads\/2026\/09\/1788414975_9_2c42.jpeg\" loading=\"eager\" decoding=\"sync\" class=\"b_B b_z\"\/><\/a><\/p>\n","protected":false},"excerpt":{"rendered":"Osmadvacetilet\u00fd p\u0159edlo\u0148sk\u00fd mistr sv\u011bta na za\u010d\u00e1tku \u010dervence podepsal dvoucestn\u00fd kontrakt se San Jose a\u00a0pokus\u00ed se zabojovat o\u00a0m\u00edsto v\u00a0NHL,&hellip;\n","protected":false},"author":2,"featured_media":200867,"comment_status":"","ping_status":"","sticky":false,"template":"","format":"standard","meta":{"footnotes":"","_share_on_mastodon":"0"},"categories":[15],"tags":[17638,9140,4992,29,45947,37406,14163,21070,9797,94,93,2729,13454],"class_list":["post-200866","post","type-post","status-publish","format-standard","has-post-thumbnail","category-sport","tag-david-tomasek","tag-filip-pesan","tag-hc-dynamo-pardubice","tag-hokej","tag-jakub-lauko","tag-libor-hajek","tag-lukas-sedlak","tag-martin-kaut","tag-matej-stransky","tag-sport","tag-sports","tag-tipsport-extraliga","tag-tomas-nosek"],"share_on_mastodon":{"url":"https:\/\/pubeurope.com\/@cz\/117205571392203922","error":""},"_links":{"self":[{"href":"https:\/\/www.europesays.com\/cz\/wp-json\/wp\/v2\/posts\/200866","targetHints":{"allow":["GET"]}}],"collection":[{"href":"https:\/\/www.europesays.com\/cz\/wp-json\/wp\/v2\/posts"}],"about":[{"href":"https:\/\/www.europesays.com\/cz\/wp-json\/wp\/v2\/types\/post"}],"author":[{"embeddable":true,"href":"https:\/\/www.europesays.com\/cz\/wp-json\/wp\/v2\/users\/2"}],"replies":[{"embeddable":true,"href":"https:\/\/www.europesays.com\/cz\/wp-json\/wp\/v2\/comments?post=200866"}],"version-history":[{"count":0,"href":"https:\/\/www.europesays.com\/cz\/wp-json\/wp\/v2\/posts\/200866\/revisions"}],"wp:featuredmedia":[{"embeddable":true,"href":"https:\/\/www.europesays.com\/cz\/wp-json\/wp\/v2\/media\/200867"}],"wp:attachment":[{"href":"https:\/\/www.europesays.com\/cz\/wp-json\/wp\/v2\/media?parent=200866"}],"wp:term":[{"taxonomy":"category","embeddable":true,"href":"https:\/\/www.europesays.com\/cz\/wp-json\/wp\/v2\/categories?post=200866"},{"taxonomy":"post_tag","embeddable":true,"href":"https:\/\/www.europesays.com\/cz\/wp-json\/wp\/v2\/tags?post=200866"}],"curies":[{"name":"wp","href":"https:\/\/api.w.org\/{rel}","templated":true}]}}