{"id":200872,"date":"2026-09-03T06:01:10","date_gmt":"2026-09-03T06:01:10","guid":{"rendered":"https:\/\/www.europesays.com\/cz\/200872\/"},"modified":"2026-09-03T06:01:10","modified_gmt":"2026-09-03T06:01:10","slug":"ryzova-kase-pro-deti-z-albertu-obsahovala-nebezpecne-latky-zpusobujici-rakovinu","status":"publish","type":"post","link":"https:\/\/www.europesays.com\/cz\/200872\/","title":{"rendered":"R\u00fd\u017eov\u00e1 ka\u0161e pro d\u011bti z\u00a0Albertu obsahovala nebezpe\u010dn\u00e9 l\u00e1tky zp\u016fsobuj\u00edc\u00ed rakovinu"},"content":{"rendered":"<p class=\"c_bB\">Upozorn\u011bn\u00ed inspekce se t\u00fdk\u00e1 Nature\u00b4s promise Bio R\u00fd\u017eov\u00e9 ka\u0161e s\u00a0jahodami a\u00a0malinami s\u00a0ozna\u010den\u00edm \u0161ar\u017ee LOT 50426\u00a0a\u00a0datem minim\u00e1ln\u00ed trvanlivosti do 31.\u00a07.\u00a02027.\u00a0Ur\u010den\u00e1 je pro d\u011bti od jednoho roku. Dodavatelem je spole\u010dnost King Food Bohemia z\u00a0Prahy.<\/p>\n<p class=\"c_bB\">\u201eAnal\u00fdza v\u00a0akreditovan\u00e9 laborato\u0159i St\u00e1tn\u00ed zem\u011bd\u011blsk\u00e9 a\u00a0potravin\u00e1\u0159sk\u00e9 inspekce prok\u00e1zala v\u00a0potravin\u011b asi sedmin\u00e1sobn\u00e9 p\u0159ekro\u010den\u00ed maxim\u00e1ln\u00edho limitu pro p\u0159\u00edtomnost aflatoxinu B1,\u201c uvedl mluv\u010d\u00ed inspekce Pavel Kop\u0159iva.<\/p>\n<p class=\"c_bB\">Proto inspekce po\u017e\u00e1dala zdravotn\u00ed \u00fastav o\u00a0vyhodnocen\u00ed rizika, p\u0159i\u010dem\u017e \u00fastav konstatoval, \u017ee je potravina \u0161kodliv\u00e1 pro zdrav\u00ed. Nevyhovuj\u00edc\u00ed v\u00fdrobek inspekto\u0159i podle Kop\u0159ivy odebrali v\u00a0provozovn\u011b Albert v\u00a0E\u010derov\u011b ulici v\u00a0Brn\u011b a\u00a0na\u0159\u00eddili neprodlen\u00e9 sta\u017een\u00ed z\u00a0tr\u017en\u00ed s\u00edt\u011b prodejce.<\/p>\n<p class=\"c_bB\">\u201eAflatoxiny pat\u0159\u00ed do skupiny mykotoxin\u016f, kter\u00e9 vznikaj\u00ed jako produkt metabolismu pl\u00edsn\u00ed, \u0159ad\u00ed se ke karcinogenn\u00edm l\u00e1tk\u00e1m a\u00a0mohou se vyskytovat v\u00a0potravin\u00e1ch v\u00a0d\u016fsledku kontaminace pl\u00edsn\u011bmi,\u201c objasnil Kop\u0159iva.<\/p>\n<p class=\"c_bB\">Inspekce zah\u00e1j\u00ed spr\u00e1vn\u00ed \u0159\u00edzen\u00ed o\u00a0ulo\u017een\u00ed pokuty. Informaci z\u00e1rove\u0148 vlo\u017eila do evropsk\u00e9ho syst\u00e9mu rychl\u00e9ho varov\u00e1n\u00ed, aby bylo mo\u017en\u00e9 p\u0159\u00edpad do\u0159e\u0161it v\u00a0zemi p\u016fvodu potraviny.<\/p>\n<p><a data-dot=\"atm-link\" target=\"_self\" href=\"https:\/\/www.novinky.cz\/clanek\/ekonomika-albert-klamal-falesnymi-slevami-jeho-stiznost-na-pokuty-ustavni-soud-smetl-40594292\" class=\"c_I\" rel=\"nofollow noopener\"><img fetchpriority=\"high\" height=\"410\" width=\"729\" src=\"https:\/\/www.europesays.com\/cz\/wp-content\/uploads\/2026\/09\/1788415270_590_cenovka.jpeg\" loading=\"eager\" decoding=\"sync\" class=\"c_t c_r\"\/><\/a><\/p>\n","protected":false},"excerpt":{"rendered":"Upozorn\u011bn\u00ed inspekce se t\u00fdk\u00e1 Nature\u00b4s promise Bio R\u00fd\u017eov\u00e9 ka\u0161e s\u00a0jahodami a\u00a0malinami s\u00a0ozna\u010den\u00edm \u0161ar\u017ee LOT 50426\u00a0a\u00a0datem minim\u00e1ln\u00ed trvanlivosti do&hellip;\n","protected":false},"author":2,"featured_media":200873,"comment_status":"","ping_status":"","sticky":false,"template":"","format":"standard","meta":{"footnotes":"","_share_on_mastodon":"0"},"categories":[7],"tags":[43,42,41,40,444,4435,850,7292],"class_list":["post-200872","post","type-post","status-publish","format-standard","has-post-thumbnail","category-cesko","tag-ceska-republika","tag-cesko","tag-czech-republic","tag-czechia","tag-deti","tag-kauzy","tag-potraviny","tag-statni-zemedelska-a-potravinarska-inspekce-szpi"],"share_on_mastodon":{"url":"https:\/\/pubeurope.com\/@cz\/117205590773583109","error":""},"_links":{"self":[{"href":"https:\/\/www.europesays.com\/cz\/wp-json\/wp\/v2\/posts\/200872","targetHints":{"allow":["GET"]}}],"collection":[{"href":"https:\/\/www.europesays.com\/cz\/wp-json\/wp\/v2\/posts"}],"about":[{"href":"https:\/\/www.europesays.com\/cz\/wp-json\/wp\/v2\/types\/post"}],"author":[{"embeddable":true,"href":"https:\/\/www.europesays.com\/cz\/wp-json\/wp\/v2\/users\/2"}],"replies":[{"embeddable":true,"href":"https:\/\/www.europesays.com\/cz\/wp-json\/wp\/v2\/comments?post=200872"}],"version-history":[{"count":0,"href":"https:\/\/www.europesays.com\/cz\/wp-json\/wp\/v2\/posts\/200872\/revisions"}],"wp:featuredmedia":[{"embeddable":true,"href":"https:\/\/www.europesays.com\/cz\/wp-json\/wp\/v2\/media\/200873"}],"wp:attachment":[{"href":"https:\/\/www.europesays.com\/cz\/wp-json\/wp\/v2\/media?parent=200872"}],"wp:term":[{"taxonomy":"category","embeddable":true,"href":"https:\/\/www.europesays.com\/cz\/wp-json\/wp\/v2\/categories?post=200872"},{"taxonomy":"post_tag","embeddable":true,"href":"https:\/\/www.europesays.com\/cz\/wp-json\/wp\/v2\/tags?post=200872"}],"curies":[{"name":"wp","href":"https:\/\/api.w.org\/{rel}","templated":true}]}}