{"id":200878,"date":"2026-09-03T06:09:12","date_gmt":"2026-09-03T06:09:12","guid":{"rendered":"https:\/\/www.europesays.com\/cz\/200878\/"},"modified":"2026-09-03T06:09:12","modified_gmt":"2026-09-03T06:09:12","slug":"kuvajt-celil-dalsimu-iranskemu-utoku","status":"publish","type":"post","link":"https:\/\/www.europesays.com\/cz\/200878\/","title":{"rendered":"Kuvajt \u010delil dal\u0161\u00edmu \u00edr\u00e1nsk\u00e9mu \u00fatoku"},"content":{"rendered":"<p class=\"c_bB\">Obnoven\u00e9 vz\u00e1jemn\u00e9 \u00fatoky mezi Spojen\u00fdmi st\u00e1ty a\u00a0\u00cdr\u00e1nem za\u010daly v\u00a0ned\u011bli po m\u011bs\u00edci relativn\u00edho klidu americk\u00fdmi \u00fadery na \u00edr\u00e1nsk\u00fd ostrov L\u00e1rak v\u00a0Hormuzsk\u00e9m pr\u016flivu. \u00cdr\u00e1nsk\u00e9 ozbrojen\u00e9 s\u00edly v\u00a0reakci v\u00a0noci \u00fato\u010d\u00ed i\u00a0na zem\u011b jako Kuvajt, Bahrajn, SAE, Jord\u00e1nsko a\u00a0Ir\u00e1k, kde maj\u00ed USA vojensk\u00e9 z\u00e1kladny.<\/p>\n<p class=\"c_bB\">\u201eKuvajtsk\u00e1 protivzdu\u0161n\u00e1 obrana v\u00a0sou\u010dasn\u00e9 dob\u011b \u010del\u00ed nep\u0159\u00e1telsk\u00fdm raketov\u00fdm a\u00a0dronov\u00fdm \u00fatok\u016fm v\u00a0d\u016fsledku opovr\u017een\u00edhodn\u00e9 \u00edr\u00e1nsk\u00e9 agrese,\u201c napsala kuvajtsk\u00e1 arm\u00e1da na X.<\/p>\n<p class=\"c_bB\">\u00cdr\u00e1nsk\u00e1 st\u00e1tn\u00ed televize na stejn\u00e9 platform\u011b \u00fadery potvrdila. \u201eV reakci na zlo\u010diny sp\u00e1chan\u00e9 Amerikou proti \u00edr\u00e1nsk\u00e9mu lidu prob\u00edhaj\u00ed raketov\u00e9 a\u00a0dronov\u00e9 \u00fatoky proti americk\u00fdm z\u00e1kladn\u00e1m v\u00a0Kuvajtu,\u201c uvedla televize.<\/p>\n<p class=\"c_bB\">V \u00cdr\u00e1nu si v\u00a0\u00fater\u00fd ve\u010der americk\u00e9 \u00fadery podle m\u00edstn\u00edch m\u00e9di\u00ed vy\u017e\u00e1daly celkem 19\u00a0ob\u011bt\u00ed, v\u010detn\u011b p\u011bti na svatb\u011b.<\/p>\n<p><a data-dot=\"atm-link\" target=\"_self\" href=\"https:\/\/www.novinky.cz\/clanek\/valka-na-ukrajine-rusko-pomaha-vyvijet-iranu-nadzvukove-strely-proti-americkym-lodim-40595582\" class=\"c_I\" rel=\"nofollow noopener\"><img fetchpriority=\"high\" height=\"1012\" width=\"1800\" src=\"https:\/\/www.europesays.com\/cz\/wp-content\/uploads\/2026\/09\/1788415752_549_ghader-iran.jpeg\" loading=\"eager\" decoding=\"sync\" class=\"c_t c_r\"\/><\/a><\/p>\n","protected":false},"excerpt":{"rendered":"Obnoven\u00e9 vz\u00e1jemn\u00e9 \u00fatoky mezi Spojen\u00fdmi st\u00e1ty a\u00a0\u00cdr\u00e1nem za\u010daly v\u00a0ned\u011bli po m\u011bs\u00edci relativn\u00edho klidu americk\u00fdmi \u00fadery na \u00edr\u00e1nsk\u00fd ostrov&hellip;\n","protected":false},"author":2,"featured_media":200879,"comment_status":"","ping_status":"","sticky":false,"template":"","format":"standard","meta":{"footnotes":"","_share_on_mastodon":"0"},"categories":[11],"tags":[7480,353,6387,1290,808,1305,7825,7301,4554,6627,54,113,53,52],"class_list":["post-200878","post","type-post","status-publish","format-standard","has-post-thumbnail","category-svet","tag-bahrajn","tag-dronovy-utok","tag-hormuzsky-pruliv","tag-irak","tag-iran","tag-jordansko","tag-konflikt-usa-izrael-iran","tag-kuvajt","tag-rakety","tag-spojene-arabske-emiraty-sae","tag-svet","tag-usa","tag-world","tag-world-news"],"share_on_mastodon":{"url":"https:\/\/pubeurope.com\/@cz\/117205622286621741","error":""},"_links":{"self":[{"href":"https:\/\/www.europesays.com\/cz\/wp-json\/wp\/v2\/posts\/200878","targetHints":{"allow":["GET"]}}],"collection":[{"href":"https:\/\/www.europesays.com\/cz\/wp-json\/wp\/v2\/posts"}],"about":[{"href":"https:\/\/www.europesays.com\/cz\/wp-json\/wp\/v2\/types\/post"}],"author":[{"embeddable":true,"href":"https:\/\/www.europesays.com\/cz\/wp-json\/wp\/v2\/users\/2"}],"replies":[{"embeddable":true,"href":"https:\/\/www.europesays.com\/cz\/wp-json\/wp\/v2\/comments?post=200878"}],"version-history":[{"count":0,"href":"https:\/\/www.europesays.com\/cz\/wp-json\/wp\/v2\/posts\/200878\/revisions"}],"wp:featuredmedia":[{"embeddable":true,"href":"https:\/\/www.europesays.com\/cz\/wp-json\/wp\/v2\/media\/200879"}],"wp:attachment":[{"href":"https:\/\/www.europesays.com\/cz\/wp-json\/wp\/v2\/media?parent=200878"}],"wp:term":[{"taxonomy":"category","embeddable":true,"href":"https:\/\/www.europesays.com\/cz\/wp-json\/wp\/v2\/categories?post=200878"},{"taxonomy":"post_tag","embeddable":true,"href":"https:\/\/www.europesays.com\/cz\/wp-json\/wp\/v2\/tags?post=200878"}],"curies":[{"name":"wp","href":"https:\/\/api.w.org\/{rel}","templated":true}]}}