{"id":200880,"date":"2026-09-03T06:10:09","date_gmt":"2026-09-03T06:10:09","guid":{"rendered":"https:\/\/www.europesays.com\/cz\/200880\/"},"modified":"2026-09-03T06:10:09","modified_gmt":"2026-09-03T06:10:09","slug":"zmocnenec-vymysli-cestovku-turek-by-pry-barbore-u","status":"publish","type":"post","link":"https:\/\/www.europesays.com\/cz\/200880\/","title":{"rendered":"Zmocn\u011bnec vym\u00fd\u0161l\u00ed cestovku. Turek by pr\u00fd Barbo\u0159e U&#8230;"},"content":{"rendered":"<p>N\u00c1ZOR \/ Filip Turek se pustil do toho, co mu jde nejl\u00e9pe, toti\u017e do arogantn\u00edch v\u00fdlev\u016f. Na internetov\u00e9 televizi XTV, kde je jako doma, zat\u00edmco jindy p\u0159ed novin\u00e1\u0159i prch\u00e1, se pustil do V\u00edta Raku\u0161ana (STAN) a Barbory Urbanov\u00e9 (STAN). Byla to hezk\u00e1 uk\u00e1zka nabub\u0159el\u00e9ho \u010dinovn\u00edka bez z\u00e1bran.<\/p>\n<p>Abychom o to nep\u0159i\u0161li, cituj\u00ed Turka 2. z\u00e1\u0159\u00ed i Parlamentn\u00ed listy. Uv\u00e1d\u011bj\u00ed nejd\u0159\u00edve to, \u010d\u00edm Raku\u0161an Turka tak nah\u0159\u00e1l.<\/p>\n<p>\u201eB\u00e1ra Urbanov\u00e1 nesm\u00ed na Ukrajinu. M\u00edstop\u0159edsedkyn\u011b Poslaneck\u00e9 sn\u011bmovny dostala stopku od pana p\u0159edsedy. Pt\u00e1te se pro\u010d? J\u00e1 nev\u00edm. Asi proto, \u017ee <a href=\"https:\/\/www.forum24.cz\/temata\/tomio-okamura\" target=\"_blank\" rel=\"noreferrer noopener nofollow\">Tomio Okamura<\/a> Ukrajinu nem\u00e1 r\u00e1d. Ukrajin\u011b nefand\u00ed. A pro\u010d by tam m\u011bl n\u011bkdo z na\u0161eho parlamentu jezdit? Pamatujete si vy, pam\u011btn\u00edci, je\u0161t\u011b na to, kdy se v osmdes\u00e1tk\u00e1ch nesm\u011blo cestovat?\u201c cituj\u00ed PL V\u00edta Raku\u0161ana.<\/p>\n<p>Filip Turek s t\u00edm ale nem\u00e1 probl\u00e9m. Pot\u00e9, co Raku\u0161ana ozna\u010dil za hlup\u00e1ka, \u201eza kter\u00fdm je asi \u0161est a\u017e osm mrtv\u00fdch osob v Dozimetru\u201c, poslankyni Urbanovou charakterizoval jako politi\u010dku, kter\u00e1 se \u201easi po st\u00e9m pokusu stala m\u00edstop\u0159edsedkyn\u00ed Sn\u011bmovny\u201c. \u201eAby tedy m\u011bla to auto s \u0159idi\u010dem, kdy\u017e nem\u00e1 vlastn\u00ed. To ch\u00e1pu,\u201c tvrd\u00ed Turek, \u017ee n\u011bco ch\u00e1pe. (\u00dapln\u011b nejv\u00edc toho ch\u00e1pe, kdy\u017e se ve vrtuln\u00edku s \u0161amp\u00e1n\u011bm v ruce vzn\u00e1\u0161\u00ed nad tov\u00e1rnami. To je chytr\u00fd jako Klaus zk\u0159\u00ed\u017een\u00fd se Zemanem.)<\/p>\n<p>Zmocn\u011bnec hned doplnil, \u017ee by se vl\u00e1dn\u00ed poslanci m\u011bli nad Urbanovou slitovat. Pak zvolil stejnou argumentaci jako \u0161\u00e9f prorusk\u00e9ho fa\u0161istoidn\u00edho \u00fatvaru SPD Okamura.<\/p>\n<p>\u201eOno je to teda le\u017e, ono nikdo nezak\u00e1zal jet na Ukrajinu, ono j\u00ed jenom nikdo asi neschv\u00e1lil, aby tam m\u011bla jako na ofici\u00e1ln\u00ed n\u00e1v\u0161t\u011bvu, aby j\u00ed byla placena cesta. St\u00e1tem. Mysl\u00edm si, \u017ee to je asi to, co se j\u00ed nel\u00edb\u00ed. Ale j\u00e1 jsem to vymyslel. Poj\u010fme se na ni slo\u017eit,\u201c pokusil se Turek o humor. Vymyslel tak\u00e9, \u017ee by j\u00edzdenka na Ukrajinu byla jednosm\u011brn\u00e1, a navrhuje i datum.<\/p>\n<p>\u201eMysl\u00edm, \u017ee i datum 11. 9. by byl skv\u011bl\u00fd. M\u016f\u017ee tam i z\u016fstat. Nikdo samoz\u0159ejm\u011b nikomu nebr\u00e1n\u00ed jezdit na Ukrajinu. Je to demagogie, je to le\u017e pana Raku\u0161ana,\u201c roz\u010d\u00edlil se zmocn\u011bnec.<\/p>\n<p>Nen\u00ed zn\u00e1mo, v \u010dem se Filip Turek n\u011bjak l\u00e9pe orientuje, ale politika to nejsp\u00ed\u0161 nen\u00ed. M\u00edstop\u0159edsedkyn\u011b sn\u011bmovny Urbanov\u00e1 dostala pozv\u00e1n\u00ed od m\u00edstop\u0159edsedkyn\u011b ukrajinsk\u00e9ho parlamentu. To nen\u00ed to sam\u00e9, jako kdy\u017e se k\u00e1mo\u0161ky domlouvaj\u00ed, \u017ee si zajdou pokecat na kafe. Kdy\u017e na Ukrajinu vyrazil Turek, <a href=\"https:\/\/ct24.ceskatelevize.cz\/clanek\/domaci\/slova-primo-z-ruske-propagandy-rika-k-turkovym-vyrokum-v-kyjeve-gregorova-369112\" target=\"_blank\" rel=\"noreferrer noopener nofollow\">byl to dost debakl<\/a>.<\/p>\n<p>P\u0159ipome\u0148me si, jak\u00e1 moudra z n\u011bj padala. \u00a0O <a href=\"https:\/\/www.forum24.cz\/temata\/valka-na-ukrajine\" target=\"_blank\" rel=\"noreferrer noopener nofollow\">v\u00e1lce<\/a>, kter\u00e1 se mu jist\u011b nel\u00edb\u00ed, t\u0159eba tvrdil: \u201eTo, \u017ee k tomu\u00a0vedla ale \u0161patn\u00e1 zahrani\u010dn\u00ed politika, to je n\u011bco, na \u010dem j\u00e1 trv\u00e1m, a opakoval jsem to mnohokr\u00e1t.\u201c Nebo n\u011bco o \u0161patn\u00e9 zahrani\u010dn\u00ed politice supervelmoc\u00ed, kter\u00e1 pr\u00fd k v\u00e1lce p\u0159isp\u011bla.  \u201eJedn\u00edm z t\u011bch argument\u016f je samoz\u0159ejm\u011b n\u011bjak\u00e9 roz\u0161i\u0159ov\u00e1n\u00ed NATO a hlavn\u00edm argumentem ur\u010dit\u011b je, \u017ee ty p\u0159ede\u0161l\u00e9 vl\u00e1dy m\u011bly mnoho byznys\u016f s Ruskem a dejme tomu ten v\u00fdchod Ukrajiny mohli Rusov\u00e9 a n\u011bkte\u0159\u00ed oligarchov\u00e9 a mo\u017en\u00e1 i re\u017eim ur\u010dit\u00fdm zp\u016fsobem ekonomicky drancovat,\u201c padalo z n\u011bj v Kyjev\u011b p\u0159ed rozbombardovan\u00fdm domem. \u201eTen konflikt m\u00e1 samoz\u0159ejm\u011b mnoho d\u016fvod\u016f. A pak to jsou samoz\u0159ejm\u011b n\u011bjak\u00e9 etnick\u00e9 d\u016fvody.\u201c<\/p>\n<p>Z\u0159ejm\u011b to vy\u010detl v n\u011bkter\u00e9 ze sv\u00fdch \u010detn\u00fdch knih, co m\u00e1 v gar\u00e1\u017ei.<\/p>\n<p>Turek zat\u00edm nep\u0159edvedl, \u017ee by byl v n\u011b\u010dem kompetentn\u00ed. O \u017eivotn\u00edm prost\u0159ed\u00ed a klimatick\u00e9 zm\u011bn\u011b nev\u00ed nic a hl\u00e1s\u00e1 pav\u011bdeck\u00e9 nesmysly. O zahrani\u010dn\u00ed politice m\u00e1 z\u0159ejm\u011b p\u0159edstavy jako Institut V\u00e1clava Klause, tedy deformovan\u00e9. P\u0159itom se p\u016fvodn\u011b p\u0159edpokl\u00e1dalo, \u017ee tento Nezn\u00e1lek m\u011bl b\u00fdt ministrem zahrani\u010d\u00ed \u010di ministrem \u017eivotn\u00edho prost\u0159ed\u00ed. D\u011bsiv\u00e1 p\u0159edstava.<\/p>\n<p>Pokud je n\u011bjak\u00e1 osoba, kter\u00e1 by m\u011bla dostat jednosm\u011brnou j\u00edzdenku, byl by Filip Turek vhodn\u00fdm kandid\u00e1tem. Jeho z\u00e1hadn\u00e1 funkce by se mohla bez n\u00e1hrady zru\u0161it a zmocn\u011bnec Turek by byl odmocn\u011bn. Jen se ob\u00e1v\u00e1me, \u017ee by n\u00e1m ho rychle vr\u00e1tili i z Ji\u017en\u00edho S\u00fad\u00e1nu nebo Z\u00e1padn\u00ed Sahary. Maj\u00ed tam sv\u00fdch starost\u00ed dost.<\/p>\n","protected":false},"excerpt":{"rendered":"N\u00c1ZOR \/ Filip Turek se pustil do toho, co mu jde nejl\u00e9pe, toti\u017e do arogantn\u00edch v\u00fdlev\u016f. Na internetov\u00e9&hellip;\n","protected":false},"author":2,"featured_media":200881,"comment_status":"","ping_status":"","sticky":false,"template":"","format":"standard","meta":{"footnotes":"","_share_on_mastodon":"0"},"categories":[7],"tags":[43,42,41,40],"class_list":["post-200880","post","type-post","status-publish","format-standard","has-post-thumbnail","category-cesko","tag-ceska-republika","tag-cesko","tag-czech-republic","tag-czechia"],"share_on_mastodon":{"url":"https:\/\/pubeurope.com\/@cz\/117205626075640969","error":""},"_links":{"self":[{"href":"https:\/\/www.europesays.com\/cz\/wp-json\/wp\/v2\/posts\/200880","targetHints":{"allow":["GET"]}}],"collection":[{"href":"https:\/\/www.europesays.com\/cz\/wp-json\/wp\/v2\/posts"}],"about":[{"href":"https:\/\/www.europesays.com\/cz\/wp-json\/wp\/v2\/types\/post"}],"author":[{"embeddable":true,"href":"https:\/\/www.europesays.com\/cz\/wp-json\/wp\/v2\/users\/2"}],"replies":[{"embeddable":true,"href":"https:\/\/www.europesays.com\/cz\/wp-json\/wp\/v2\/comments?post=200880"}],"version-history":[{"count":0,"href":"https:\/\/www.europesays.com\/cz\/wp-json\/wp\/v2\/posts\/200880\/revisions"}],"wp:featuredmedia":[{"embeddable":true,"href":"https:\/\/www.europesays.com\/cz\/wp-json\/wp\/v2\/media\/200881"}],"wp:attachment":[{"href":"https:\/\/www.europesays.com\/cz\/wp-json\/wp\/v2\/media?parent=200880"}],"wp:term":[{"taxonomy":"category","embeddable":true,"href":"https:\/\/www.europesays.com\/cz\/wp-json\/wp\/v2\/categories?post=200880"},{"taxonomy":"post_tag","embeddable":true,"href":"https:\/\/www.europesays.com\/cz\/wp-json\/wp\/v2\/tags?post=200880"}],"curies":[{"name":"wp","href":"https:\/\/api.w.org\/{rel}","templated":true}]}}