{"id":200888,"date":"2026-09-03T06:20:07","date_gmt":"2026-09-03T06:20:07","guid":{"rendered":"https:\/\/www.europesays.com\/cz\/200888\/"},"modified":"2026-09-03T06:20:07","modified_gmt":"2026-09-03T06:20:07","slug":"praha-chysta-pate-metro-spoji-smichovske-nadrazi-pankrac-i-letnany-idnes-cz","status":"publish","type":"post","link":"https:\/\/www.europesays.com\/cz\/200888\/","title":{"rendered":"Praha chyst\u00e1 p\u00e1t\u00e9 metro. Spoj\u00ed sm\u00edchovsk\u00e9 n\u00e1dra\u017e\u00ed, Pankr\u00e1c i Let\u0148any &#8211; iDNES.cz"},"content":{"rendered":"<p><a href=\"https:\/\/news.google.com\/rss\/articles\/CBMizAFBVV95cUxQZERhQkpiRFo1T3g5V0NMeWN4N2V1aXJyOGRLVkVwOUlDLW9zY2EyWlJROWR0RzNNd2lNODY1ZjJjRzlLRUpPeUttOU1IeGVXNk8yTl9NMVZKT3BkekNLblBOSVZCREx2ZXlUTmszdDFiamxZX0RfdWtqZFFXZUs2TlFvYmdRME5TbUNKOXZfVUpjR1JETkdjVWxQaUx1NTBrd2p3NGtubWNzVVlSU2dkMGp2OHJkOWdfcmVpakl1ZzBUeVFVV2JWVlpsd1k?oc=5\" target=\"_blank\" rel=\"nofollow noopener\">Praha chyst\u00e1 p\u00e1t\u00e9 metro. Spoj\u00ed sm\u00edchovsk\u00e9 n\u00e1dra\u017e\u00ed, Pankr\u00e1c i Let\u0148any<\/a>&nbsp;&nbsp;iDNES.cz<a href=\"https:\/\/news.google.com\/rss\/articles\/CBMixwFBVV95cUxQY29HQkJOVUNOX2poeklWdDg5YjlUSnItZXFfWno5LVBLVHZXYTRQQUZkdUxzaGNQVTBjbDc0djBvejA5UWhBZjNncWVlLWVyOGdfbk5UdDZfM0k3ckRQWVBYZFFYaDBPd0hBS3hkbjhUaGV0NkhxOGFxaWh3UDNQdjlDQUhRbWJSSlFfRDh6Y0UwZXIwOHZnMmQxMzJkTXlrbUQwNUxOdTlWakZXTTZaMURLT29RT3BscjhNcmkybjROeDVkZkRv?oc=5\" target=\"_blank\" rel=\"nofollow noopener\">Metro E propoj\u00ed Prahu dokola. M\u00e1 dostat lidi z aut do MHD<\/a>&nbsp;&nbsp;Novinky<a href=\"https:\/\/news.google.com\/rss\/articles\/CBMiywFBVV95cUxOQnVoeGhmS2xuUWozVXBaWTF1SkpnYzRkUlFzS3NFSjg1OFZocHAzY0std3hpMDVVVlMtMTROUVpRWk5hNlVCS0Q5U1RrNHBxUkYtVE9ELWdjSjR6Nk9yMlVZNjRzbTd6UUpPZUlfY0k0cFBHT0hQbFFOVGdncTJTQVZvOTJITVRucGtRNGlsWFMxRjBjQ2VaVlNNekp2MmpES1BXOTdmdXpIRlJEdVRyTHdFMUpYMU5iZTBIU09vRGZyTEdNZ0lxbnJJWQ?oc=5\" target=\"_blank\" rel=\"nofollow noopener\">Metro E: Rychlotramvaj, hybrid na gum\u00e1ch, nebo klasika. Za\u010d\u00edn\u00e1 hled\u00e1n\u00ed uzl\u016f a technologie pro okru\u017en\u00ed linku<\/a>&nbsp;&nbsp;Zdopravy.cz<a href=\"https:\/\/news.google.com\/rss\/articles\/CBMinwFBVV95cUxPNzgxSGtXNG9HbEgwWVpOSU1oTDREVllWYmdHNlZVTGV6OE1iOVpJR1V1N19qUTBWR0ZmMC1UUWpxeFV5MmlZTUdoR25rV01QcXZ4MVI0STV3b2Zab21yX29NblVBVFRlREtPRm9qMTZoeWhqUGhBZk1idWJZLWhTZlFReFAyc3ROc1BrYzdvNXd3NHkwNG02Mk1vWDNqWlk?oc=5\" target=\"_blank\" rel=\"nofollow noopener\">Praha pl\u00e1nuje p\u00e1t\u00e9 metro. Studie proveditelnosti m\u00e1 rozhodnout o trase<\/a>&nbsp;&nbsp;N\u00e1\u0161 REGION<a href=\"https:\/\/news.google.com\/rss\/articles\/CBMisgFBVV95cUxNSTdOZ1BwLVJOMGk2ZXM1Y3ZteHhUMTNoMGR5NVBSTjVyNjZrWVAtc2o0dnFPMWY2UFdqWDVWNHV3cEprWnU3dEc3OUxNblFOMWI3dHFkdmxTdk1yX3piQXctUmVqaVprSWJEQkNWWlg3Y1NPb0JDdkV3dGNYbmVJbEpyV21helRxWlo5aEVvMnlfWC1pMkZjd2lYSzNFQ3UxTmJMdWxLaWtLYmN3WWVBUGxR?oc=5\" target=\"_blank\" rel=\"nofollow noopener\">Nov\u00e1 trasa metra O: Nutnost, utopie \u010di pouh\u00fd p\u0159edvolebn\u00ed tah\u00e1k? Pra\u017e\u0161t\u00ed l\u00edd\u0159i se neshodnou<\/a>&nbsp;&nbsp;CNN Prima NEWS<\/p>\n","protected":false},"excerpt":{"rendered":"Praha chyst\u00e1 p\u00e1t\u00e9 metro. Spoj\u00ed sm\u00edchovsk\u00e9 n\u00e1dra\u017e\u00ed, Pankr\u00e1c i Let\u0148any&nbsp;&nbsp;iDNES.czMetro E propoj\u00ed Prahu dokola. M\u00e1 dostat lidi z&hellip;\n","protected":false},"author":2,"featured_media":200889,"comment_status":"","ping_status":"","sticky":false,"template":"","format":"standard","meta":{"footnotes":"","_share_on_mastodon":"0"},"categories":[7],"tags":[43,42,41,40],"class_list":["post-200888","post","type-post","status-publish","format-standard","has-post-thumbnail","category-cesko","tag-ceska-republika","tag-cesko","tag-czech-republic","tag-czechia"],"share_on_mastodon":{"url":"https:\/\/pubeurope.com\/@cz\/117205665464099027","error":""},"_links":{"self":[{"href":"https:\/\/www.europesays.com\/cz\/wp-json\/wp\/v2\/posts\/200888","targetHints":{"allow":["GET"]}}],"collection":[{"href":"https:\/\/www.europesays.com\/cz\/wp-json\/wp\/v2\/posts"}],"about":[{"href":"https:\/\/www.europesays.com\/cz\/wp-json\/wp\/v2\/types\/post"}],"author":[{"embeddable":true,"href":"https:\/\/www.europesays.com\/cz\/wp-json\/wp\/v2\/users\/2"}],"replies":[{"embeddable":true,"href":"https:\/\/www.europesays.com\/cz\/wp-json\/wp\/v2\/comments?post=200888"}],"version-history":[{"count":0,"href":"https:\/\/www.europesays.com\/cz\/wp-json\/wp\/v2\/posts\/200888\/revisions"}],"wp:featuredmedia":[{"embeddable":true,"href":"https:\/\/www.europesays.com\/cz\/wp-json\/wp\/v2\/media\/200889"}],"wp:attachment":[{"href":"https:\/\/www.europesays.com\/cz\/wp-json\/wp\/v2\/media?parent=200888"}],"wp:term":[{"taxonomy":"category","embeddable":true,"href":"https:\/\/www.europesays.com\/cz\/wp-json\/wp\/v2\/categories?post=200888"},{"taxonomy":"post_tag","embeddable":true,"href":"https:\/\/www.europesays.com\/cz\/wp-json\/wp\/v2\/tags?post=200888"}],"curies":[{"name":"wp","href":"https:\/\/api.w.org\/{rel}","templated":true}]}}