{"id":200896,"date":"2026-09-03T06:30:11","date_gmt":"2026-09-03T06:30:11","guid":{"rendered":"https:\/\/www.europesays.com\/cz\/200896\/"},"modified":"2026-09-03T06:30:11","modified_gmt":"2026-09-03T06:30:11","slug":"prvni-propusteny-z-dozivoti-soud-rozhodne-o-zadosti-trojnasobneho-vraha-hejny-idnes-cz","status":"publish","type":"post","link":"https:\/\/www.europesays.com\/cz\/200896\/","title":{"rendered":"Prvn\u00ed propu\u0161t\u011bn\u00fd z do\u017eivot\u00ed? Soud rozhodne o \u017e\u00e1dosti trojn\u00e1sobn\u00e9ho vraha Hejny &#8211; iDNES.cz"},"content":{"rendered":"<p><a href=\"https:\/\/news.google.com\/rss\/articles\/CBMi0wFBVV95cUxPVDF0VWttbE9FZ25qRkE3TXFfZ291R0NCZjNWMjlYdTdUU1ZZS0JpX2N1UExqLThUclM3VEN5WENTVXRFd05abERHaUd0QU1HVVBfcHhtOTNKMDU3d3REMGUtNkVjeWlKTHg4LTdtSG9SMURJTW1tTjlRUzI5Z3ZOcEpmUjJjcVJTN2pFQnJ5dGtocF8zZWRUdE1Pb3FTQW1EX0ttNVlBb242YmV4eWhlV1dyMF9rZWFITVlKLTdRSWZEY01pVGhGVGwxaHdPLVZlbjRj?oc=5\" target=\"_blank\" rel=\"nofollow noopener\">Prvn\u00ed propu\u0161t\u011bn\u00fd z do\u017eivot\u00ed? Soud rozhodne o \u017e\u00e1dosti trojn\u00e1sobn\u00e9ho vraha Hejny<\/a>&nbsp;&nbsp;iDNES.cz<a href=\"https:\/\/news.google.com\/rss\/articles\/CBMi8AFBVV95cUxOeW9xUWtWY2V2ekF6TUpLbDY2R3BVSnpFUVhGX24wLS1JTVp3SDZTNVFkUXRpM05GVHNva2NTRmJqaGU3RkNoTDFQY0x0OWN6aDd4RDFyci1CemRPcEQtRWhVNHdMbVdXZGV3QWRsT1VRVUVvZWtpTExYRGVfVTlKOHdwN3c4eWZubEtSMDRYVnRlRjg3Z1F1aFZXQl94bkZYeXRpOUg3dFBZRkhmU1pDZ2lXbTZidmhpdkU5MU5yTkkwUHZLYkdnTE1BT0FyZVFBSXBNNVJ4Qzh4SGRYak5Qdkl0M1VJWXlEbUhYZHRnWmg?oc=5\" target=\"_blank\" rel=\"nofollow noopener\">\u0160umpersk\u00fd soud bude znovu rozhodovat o propu\u0161t\u011bn\u00ed do\u017eivotn\u011b odsouzen\u00e9ho Hejny<\/a>&nbsp;&nbsp;Metro.cz<a href=\"https:\/\/news.google.com\/rss\/articles\/CBMiqwFBVV95cUxQTzNhalZSbGZ4M01GeGoxV0lKWFZ4YmJ0NHhVbVpBTWR1a2hSNGlWRjAtTjI0WEw3MlZpRUt5ZkF6QmgtbFNBWnE0dlVzUFJBOUEwcnhpemEwUWlfc2hyb1Z3V0dCUVBmck4zOFo3TGRWVWdRd0sxekJOaVZyRDdXMmZaRnpJc2FkMjQyUUkySTBCUGFyWGJ6M1djeFlIYlFiSXVrZjNBUFU2V2s?oc=5\" target=\"_blank\" rel=\"nofollow noopener\">Trojn\u00e1sobn\u00fd vrah \u017e\u00e1d\u00e1 o svobodu. M\u016f\u017ee jako prvn\u00ed prolomit do\u017eivotn\u00ed trest<\/a>&nbsp;&nbsp;impuls.cz<a href=\"https:\/\/news.google.com\/rss\/articles\/CBMi3wFBVV95cUxPR2V0TGUwdUFqNkpvak4zTGgxN1R2cDBqMi1pUThyWS0tVjlPYldTZ2dOVzZTN2tVejdfYk1EOTdfN3lBSjRsUThXMkVnZ2Rld3V4Tzhrb1FTZUpUMkptTHcwTWxfUkJfTXFCSzNNMXlvMmNmWUhHSWdRT0NONUxBZUdLZ0FOSmJUNms3ZjlSTFItdlNXclZIY0NJYS1Fd0o3WWY0MDJKMDUxSFpwbUNqTHgtOXhWeU9RaFlGU2U2M2d5R3JVTGNnV3JteHhqUWcxdzBrUFRFcUxIR09vUEpF?oc=5\" target=\"_blank\" rel=\"nofollow noopener\">Trojn\u00e1sobn\u00fd vrah Hejna str\u00e1vil polovinu \u017eivota za m\u0159\u00ed\u017eemi. Te\u010f \u017e\u00e1d\u00e1 o svobodu<\/a>&nbsp;&nbsp;iDNES.cz<\/p>\n","protected":false},"excerpt":{"rendered":"Prvn\u00ed propu\u0161t\u011bn\u00fd z do\u017eivot\u00ed? Soud rozhodne o \u017e\u00e1dosti trojn\u00e1sobn\u00e9ho vraha Hejny&nbsp;&nbsp;iDNES.cz\u0160umpersk\u00fd soud bude znovu rozhodovat o propu\u0161t\u011bn\u00ed do\u017eivotn\u011b&hellip;\n","protected":false},"author":2,"featured_media":200897,"comment_status":"","ping_status":"","sticky":false,"template":"","format":"standard","meta":{"footnotes":"","_share_on_mastodon":"0"},"categories":[7],"tags":[43,42,41,40],"class_list":["post-200896","post","type-post","status-publish","format-standard","has-post-thumbnail","category-cesko","tag-ceska-republika","tag-cesko","tag-czech-republic","tag-czechia"],"share_on_mastodon":{"url":"https:\/\/pubeurope.com\/@cz\/117205704644402179","error":""},"_links":{"self":[{"href":"https:\/\/www.europesays.com\/cz\/wp-json\/wp\/v2\/posts\/200896","targetHints":{"allow":["GET"]}}],"collection":[{"href":"https:\/\/www.europesays.com\/cz\/wp-json\/wp\/v2\/posts"}],"about":[{"href":"https:\/\/www.europesays.com\/cz\/wp-json\/wp\/v2\/types\/post"}],"author":[{"embeddable":true,"href":"https:\/\/www.europesays.com\/cz\/wp-json\/wp\/v2\/users\/2"}],"replies":[{"embeddable":true,"href":"https:\/\/www.europesays.com\/cz\/wp-json\/wp\/v2\/comments?post=200896"}],"version-history":[{"count":0,"href":"https:\/\/www.europesays.com\/cz\/wp-json\/wp\/v2\/posts\/200896\/revisions"}],"wp:featuredmedia":[{"embeddable":true,"href":"https:\/\/www.europesays.com\/cz\/wp-json\/wp\/v2\/media\/200897"}],"wp:attachment":[{"href":"https:\/\/www.europesays.com\/cz\/wp-json\/wp\/v2\/media?parent=200896"}],"wp:term":[{"taxonomy":"category","embeddable":true,"href":"https:\/\/www.europesays.com\/cz\/wp-json\/wp\/v2\/categories?post=200896"},{"taxonomy":"post_tag","embeddable":true,"href":"https:\/\/www.europesays.com\/cz\/wp-json\/wp\/v2\/tags?post=200896"}],"curies":[{"name":"wp","href":"https:\/\/api.w.org\/{rel}","templated":true}]}}