{"id":200906,"date":"2026-09-03T06:40:10","date_gmt":"2026-09-03T06:40:10","guid":{"rendered":"https:\/\/www.europesays.com\/cz\/200906\/"},"modified":"2026-09-03T06:40:10","modified_gmt":"2026-09-03T06:40:10","slug":"skoda-pri-srazce-vlaku-s-popelarskym-vozem-v-prostejove-dosahla-osmi-milionu","status":"publish","type":"post","link":"https:\/\/www.europesays.com\/cz\/200906\/","title":{"rendered":"\u0160koda p\u0159i sr\u00e1\u017ece vlaku s\u00a0popel\u00e1\u0159sk\u00fdm vozem v\u00a0Prost\u011bjov\u011b dos\u00e1hla osmi milion\u016f"},"content":{"rendered":"<p class=\"c_bB\">\u201eZah\u00e1jili jsme vlastn\u00ed \u0161et\u0159en\u00ed t\u00e9to mimo\u0159\u00e1dn\u00e9 ud\u00e1losti, v\u010detn\u011b zpracov\u00e1n\u00ed z\u00e1v\u011bre\u010dn\u00e9 zpr\u00e1vy. Na m\u00edst\u011b \u0161et\u0159\u00ed p\u0159\u00ed\u010diny a\u00a0okolnosti jej\u00edho vzniku t\u0159i na\u0161i inspekto\u0159i,\u201c informoval mluv\u010d\u00ed Dr\u00e1\u017en\u00ed inspekce Martin Dr\u00e1pal s\u00a0t\u00edm, \u017ee \u0161koda na vlaku \u010din\u00ed dva miliony korun, na trati 20\u00a0tis\u00edc korun a\u00a0na n\u00e1kladn\u00edm automobilu \u0161est milion\u016f korun.<\/p>\n<p class=\"c_bB\">\u201e\u017delezni\u010dn\u00ed p\u0159ejezd je zabezpe\u010den pouze v\u00fdstra\u017en\u00fdmi k\u0159\u00ed\u017ei. Na takto zabezpe\u010den\u00e9m p\u0159ejezdu maj\u00ed \u0159idi\u010di v\u017edy povinnost se p\u0159esv\u011bd\u010dit, zda se k\u00a0p\u0159ejezdu nebl\u00ed\u017e\u00ed vlak,\u201c dodal Dr\u00e1pal.<\/p>\n<p class=\"c_bB\">Doprava na trati, jak uvedl mluv\u010d\u00ed Spr\u00e1vy \u017eeleznic Martin Kavka, byla \u0161est a\u00a0p\u016fl hodiny zastavena.<\/p>\n<p class=\"c_bB\">\u201eMotorov\u00fd v\u016fz se n\u00e1m poda\u0159ilo s\u00a0pomoc\u00ed dvou je\u0159\u00e1b\u016f vr\u00e1tit na koleje kolem osmn\u00e1ct\u00e9 hodiny. Pak jsme z\u00a0koleji\u0161t\u011b odstranili n\u00e1kladn\u00ed automobil. Odta\u017een\u00ed vlaku si zajistil dopravce n\u00e1hradn\u00ed lokomotivou,\u201c konstatoval Kavka a\u00a0dodal, \u017ee provoz na trati byl obnoven ve 20:25\u00a0hodin.<\/p>\n<p class=\"c_bB\">Po dobu uzav\u0159en\u00ed trati zajistily \u010cesk\u00e9 dr\u00e1hy mezi Prost\u011bjovem a\u00a0Kostelcem na Han\u00e9 n\u00e1hradn\u00ed autobusovou dopravu. Vlaky nab\u00edraly m\u00edrn\u00e9 zpo\u017ed\u011bn\u00ed.<\/p>\n<p class=\"c_bB\">U ud\u00e1losti zasahovaly s\u00a0hasi\u010di ze Spr\u00e1vy \u017eeleznic i\u00a0t\u0159i jednotky krajsk\u00fdch hasi\u010d\u016f. Asistovaly zdravotnick\u00e9 z\u00e1chrann\u00e9 slu\u017eb\u011b a\u00a0leteck\u00e9 z\u00e1chrann\u00e9 slu\u017eb\u011b v\u00a0p\u00e9\u010di o\u00a0cestuj\u00edc\u00ed a\u00a0pom\u00e1haly p\u0159i transportech do vozidel. <\/p>\n<p><img fetchpriority=\"high\" height=\"696\"   width=\"1549\" src=\"https:\/\/www.europesays.com\/cz\/wp-content\/uploads\/2026\/09\/motorovy-vuz-se-podarilo-vratit-na-koleje-dvema-jeraby.jpeg\" loading=\"eager\" decoding=\"sync\" class=\"c_t c_r\"\/>Foto: Spr\u00e1va \u017eeleznic<\/p>\n<p class=\"c_bB\">Motorov\u00fd v\u016fz se poda\u0159ilo vr\u00e1tit na koleje dv\u011bma je\u0159\u00e1by<\/p>\n<p><a data-dot=\"atm-link\" target=\"_self\" href=\"https:\/\/www.novinky.cz\/clanek\/krimi-osm-zranenych-po-stretu-vlaku-s-popelarskym-vozem-u-prostejova-40595681\" class=\"c_I\" rel=\"nofollow noopener\"><img height=\"706\" width=\"1255\" src=\"https:\/\/www.europesays.com\/cz\/wp-content\/uploads\/2026\/09\/1788417610_177_nehoda-na-zeleznici-u-prostejova.jpeg\" loading=\"eager\" decoding=\"sync\" class=\"c_t c_r\"\/><\/a><\/p>\n","protected":false},"excerpt":{"rendered":"\u201eZah\u00e1jili jsme vlastn\u00ed \u0161et\u0159en\u00ed t\u00e9to mimo\u0159\u00e1dn\u00e9 ud\u00e1losti, v\u010detn\u011b zpracov\u00e1n\u00ed z\u00e1v\u011bre\u010dn\u00e9 zpr\u00e1vy. Na m\u00edst\u011b \u0161et\u0159\u00ed p\u0159\u00ed\u010diny a\u00a0okolnosti jej\u00edho vzniku&hellip;\n","protected":false},"author":2,"featured_media":200907,"comment_status":"","ping_status":"","sticky":false,"template":"","format":"standard","meta":{"footnotes":"","_share_on_mastodon":"0"},"categories":[7],"tags":[43,42,41,40,6189,395,1592,13438,23406],"class_list":["post-200906","post","type-post","status-publish","format-standard","has-post-thumbnail","category-cesko","tag-ceska-republika","tag-cesko","tag-czech-republic","tag-czechia","tag-nehody-vlaku","tag-olomoucky-kraj","tag-prostejov","tag-prostejovsko","tag-zeleznicni-prejezd"],"share_on_mastodon":{"url":"https:\/\/pubeurope.com\/@cz\/117205744437724771","error":""},"_links":{"self":[{"href":"https:\/\/www.europesays.com\/cz\/wp-json\/wp\/v2\/posts\/200906","targetHints":{"allow":["GET"]}}],"collection":[{"href":"https:\/\/www.europesays.com\/cz\/wp-json\/wp\/v2\/posts"}],"about":[{"href":"https:\/\/www.europesays.com\/cz\/wp-json\/wp\/v2\/types\/post"}],"author":[{"embeddable":true,"href":"https:\/\/www.europesays.com\/cz\/wp-json\/wp\/v2\/users\/2"}],"replies":[{"embeddable":true,"href":"https:\/\/www.europesays.com\/cz\/wp-json\/wp\/v2\/comments?post=200906"}],"version-history":[{"count":0,"href":"https:\/\/www.europesays.com\/cz\/wp-json\/wp\/v2\/posts\/200906\/revisions"}],"wp:featuredmedia":[{"embeddable":true,"href":"https:\/\/www.europesays.com\/cz\/wp-json\/wp\/v2\/media\/200907"}],"wp:attachment":[{"href":"https:\/\/www.europesays.com\/cz\/wp-json\/wp\/v2\/media?parent=200906"}],"wp:term":[{"taxonomy":"category","embeddable":true,"href":"https:\/\/www.europesays.com\/cz\/wp-json\/wp\/v2\/categories?post=200906"},{"taxonomy":"post_tag","embeddable":true,"href":"https:\/\/www.europesays.com\/cz\/wp-json\/wp\/v2\/tags?post=200906"}],"curies":[{"name":"wp","href":"https:\/\/api.w.org\/{rel}","templated":true}]}}