{"id":200916,"date":"2026-09-03T06:48:21","date_gmt":"2026-09-03T06:48:21","guid":{"rendered":"https:\/\/www.europesays.com\/cz\/200916\/"},"modified":"2026-09-03T06:48:21","modified_gmt":"2026-09-03T06:48:21","slug":"izrael-neni-na-odchodu-z-pasma-gazy-rekl-netanjahu-na-palestinskem-uzemi","status":"publish","type":"post","link":"https:\/\/www.europesays.com\/cz\/200916\/","title":{"rendered":"Izrael nen\u00ed na odchodu z\u00a0P\u00e1sma Gazy, \u0159ekl Netanjahu na palestinsk\u00e9m \u00fazem\u00ed"},"content":{"rendered":"<p class=\"e_bX\">Izrael nen\u00ed na odchodu z\u00a0P\u00e1sma Gazy a\u00a0z\u016fst\u00e1v\u00e1 na takzvan\u00e9 \u017elut\u00e9 linii. Ve st\u0159edu to podle <a data-dot=\"atm-link\" target=\"_blank\" rel=\"noopener nofollow\" href=\"https:\/\/www.gov.il\/en\/pages\/event-line020926\" class=\"e_n\">prohl\u00e1\u0161en\u00ed<\/a> izraelsk\u00fdch \u00fa\u0159ad\u016f \u0159ekl izraelsk\u00fd premi\u00e9r Benjamin Netanjahu, kter\u00fd nav\u0161t\u00edvil izraelsk\u00e9 jednotky rozm\u00edst\u011bn\u00e9 na tomto palestinsk\u00e9m \u00fazem\u00ed. Podle n\u011bj se poda\u0159ilo z\u00a0velk\u00e9 \u010d\u00e1sti dos\u00e1hnout toho, \u017ee P\u00e1smo Gazy nep\u0159edstavuje pro Izrael ohro\u017een\u00ed. Po \u0159\u00edjnov\u00e9m p\u0159\u00edm\u011b\u0159\u00ed s\u00a0teroristick\u00fdm hnut\u00edm Ham\u00e1s izraelsk\u00e1 arm\u00e1da obsadila velkou \u010d\u00e1st P\u00e1sma Gazy, zat\u00edmco men\u0161\u00ed \u010d\u00e1st \u00fazem\u00ed kontroluje Ham\u00e1s. Hranic\u00ed je takzvan\u00e1 \u017elut\u00e1 linie, na kter\u00e9 hl\u00eddkuj\u00ed izrael\u0161t\u00ed voj\u00e1ci.<\/p>\n<p class=\"e_bX\">Voj\u00e1ky na \u017elut\u00e9 linii ve st\u0159edu podle prohl\u00e1\u0161en\u00ed sv\u00e9 kancel\u00e1\u0159e Netanjahu nav\u0161t\u00edvil. \u201eM\u00e1me pod kontrolou oblast a\u00a0z\u016fst\u00e1v\u00e1me na t\u00e9to linii,\u201c uvedl premi\u00e9r. Dodal, \u017ee Izrael kontroluje na 60\u00a0procent P\u00e1sma Gazy, zat\u00edmco tiskov\u00e9 agentury v\u00a0minulosti uv\u00e1d\u011bly, \u017ee je to zhruba 70\u00a0procent.<\/p>\n<p class=\"e_bX\">Netanjahu zd\u016fraznil, \u017ee Izrael nem\u00e1 v\u00a0\u00famyslu st\u00e1hnout se z\u00a0P\u00e1sma Gazy. \u201eUd\u011bl\u00e1me v\u0161e pro dosa\u017een\u00ed na\u0161eho c\u00edle: odzbrojen\u00ed Ham\u00e1su a\u00a0demilitarizace P\u00e1sma Gazy,\u201c uvedl Netanjahu. Podle n\u011bj Izrael chce zajistit, aby P\u00e1smo Gazy pro n\u011bj nebylo hrozbou.<\/p>\n<p class=\"e_bX\">Zprost\u0159edkovatel\u00e9 jedn\u00e1n\u00ed mezi Izraelem a\u00a0Ham\u00e1sem a\u00a0Rada m\u00edru, kter\u00e1 m\u00e1 dohl\u00ed\u017eet na zav\u00e1d\u011bn\u00ed m\u00edrov\u00e9 dohody z\u00a0lo\u0148sk\u00e9ho z\u00e1\u0159\u00ed, p\u0159ipravili v\u00a0srpnu pl\u00e1n odzbrojen\u00ed Ham\u00e1su a\u00a0dal\u0161\u00edch palestinsk\u00fdch skupin v\u00a0P\u00e1smu Gazy a\u00a0sta\u017een\u00ed izraelsk\u00e9 arm\u00e1dy. Izrael v\u0161ak pl\u00e1n odm\u00edtl.<\/p>\n<p><a data-dot=\"mol-article-card-media\" aria-hidden=\"true\" tabindex=\"-1\" href=\"https:\/\/www.seznamzpravy.cz\/clanek\/zahranicni-izrael-je-pripraven-odsunout-palestince-z-gazy-ale-ceka-na-usa-314473\" class=\"e_n f_l8\" rel=\"nofollow noopener\" target=\"_blank\"><img fetchpriority=\"high\" height=\"2304\"   width=\"4096\" src=\"https:\/\/www.europesays.com\/cz\/wp-content\/uploads\/2026\/09\/israel-katz-jisrael-kac.jpeg\" loading=\"eager\" decoding=\"sync\" class=\"e_aa e_Z\"\/><\/a><\/p>\n<p class=\"e_bX\">Izraelsk\u00fd ministr obrany Jisrael Kac dnes \u0159ekl, \u017ee vl\u00e1da m\u00e1 p\u0159ipraven\u00fd pl\u00e1n odsunu Palestinc\u016f z\u00a0P\u00e1sma Gazy. Podle n\u011bj se ale \u010dek\u00e1 na to, aby Spojen\u00e9 st\u00e1ty dojednaly, kam by Palestinci byli p\u0159em\u00edst\u011bni. \u201eMigraci\u201c palestinsk\u00e9ho obyvatelstva ozna\u010dil Kac za jedin\u00e9 \u0159e\u0161en\u00ed pro P\u00e1smo Gazy.<\/p>\n<p class=\"e_bX\">V\u00e1lka v\u00a0P\u00e1smu Gazy vypukla v\u00a0\u0159\u00edjnu 2023\u00a0pot\u00e9, co Ham\u00e1s a\u00a0jeho spojenci p\u0159i \u00fatoku na jihu Izraele pozab\u00edjeli na 1200\u00a0lid\u00ed, v\u011bt\u0161inou civilist\u016f, a\u00a0dal\u0161\u00edch 251\u00a0osob unesli. Izrael pak zah\u00e1jil rozs\u00e1hlou vojenskou operaci. Podle ministerstva zdravotnictv\u00ed v\u00a0P\u00e1smu Gazy, kter\u00e9 podl\u00e9h\u00e1 Ham\u00e1su, izraelsk\u00e1 arm\u00e1da od po\u010d\u00e1tku v\u00e1lky zabila nejm\u00e9n\u011b 73\u00a0470\u00a0lid\u00ed. Tyto \u00fadaje, kter\u00e9 OSN pova\u017euje za spolehliv\u00e9, nerozli\u0161uj\u00ed mezi civilisty a\u00a0ozbrojenci, ale podle zahrani\u010dn\u00edch nevl\u00e1dn\u00edch organizac\u00ed p\u0159es 80\u00a0procent ob\u011bt\u00ed byli civilist\u00e9. Podle <a data-dot=\"atm-link\" target=\"_blank\" rel=\"noopener nofollow\" href=\"https:\/\/www.gov.il\/en\/pages\/swords-of-iron-idf-casualties\" class=\"e_n\">webu<\/a> izraelsk\u00e9ho ministerstva zahrani\u010d\u00ed p\u0159i pozemn\u00edch operac\u00edch v\u00a0P\u00e1smu Gazy od 27.\u00a0\u0159\u00edjna 2023\u00a0padlo 472\u00a0izraelsk\u00fdch voj\u00e1k\u016f, zat\u00edmco celkem v\u00a0boji od 7.\u00a0\u0159\u00edjna 2023\u00a0padlo 968\u00a0voj\u00e1k\u016f. Jedn\u00e1 se o\u00a0\u00fadaje aktualizovan\u00e9 k\u00a0\u010dervenci 2026.\u00a0Od \u0159\u00edjnov\u00e9ho p\u0159\u00edm\u011b\u0159\u00ed zahynulo p\u0159i izraelsk\u00fdch \u00fatoc\u00edch p\u0159es 1330\u00a0Palestinc\u016f. Izraelsk\u00e1 arm\u00e1da uvedla, \u017ee od p\u0159\u00edm\u011b\u0159\u00ed p\u0159i \u00fatoc\u00edch ozbrojenc\u016f padlo p\u011bt izraelsk\u00fdch voj\u00e1k\u016f.<\/p>\n<p><a data-dot=\"mol-article-card-media\" aria-hidden=\"true\" tabindex=\"-1\" href=\"https:\/\/www.seznamzpravy.cz\/clanek\/zahranicni-z-tajne-analyzy-velitele-se-bouri-proti-hegsethovi-kvuli-iranu-a-cistkam-314352\" class=\"e_n f_l8\" rel=\"nofollow noopener\" target=\"_blank\"><img height=\"2304\"   width=\"4096\" src=\"https:\/\/www.europesays.com\/cz\/wp-content\/uploads\/2026\/09\/1788418100_250_pete-hegseth.jpeg\" loading=\"eager\" decoding=\"sync\" class=\"e_aa e_Z\"\/><\/a><a data-dot=\"mol-article-card-media\" aria-hidden=\"true\" tabindex=\"-1\" href=\"https:\/\/www.seznamzpravy.cz\/clanek\/zahranicni-trump-zuril-kdyz-se-to-dozvedel-proc-usa-vycouvaly-z-eskalace-v-iranu-313139\" class=\"e_n f_l8\" rel=\"nofollow noopener\" target=\"_blank\"><img height=\"794\"   width=\"1412\" src=\"https:\/\/www.europesays.com\/cz\/wp-content\/uploads\/2026\/09\/1788418100_569_djt.jpeg\" loading=\"eager\" decoding=\"sync\" class=\"e_aa e_Z\"\/><\/a><\/p>\n","protected":false},"excerpt":{"rendered":"Izrael nen\u00ed na odchodu z\u00a0P\u00e1sma Gazy a\u00a0z\u016fst\u00e1v\u00e1 na takzvan\u00e9 \u017elut\u00e9 linii. Ve st\u0159edu to podle prohl\u00e1\u0161en\u00ed izraelsk\u00fdch \u00fa\u0159ad\u016f&hellip;\n","protected":false},"author":2,"featured_media":200917,"comment_status":"","ping_status":"","sticky":false,"template":"","format":"standard","meta":{"footnotes":"","_share_on_mastodon":"0"},"categories":[11],"tags":[1493,638,2013,17768,2002,54,53,52],"class_list":["post-200916","post","type-post","status-publish","format-standard","has-post-thumbnail","category-svet","tag-benjamin-netanjahu","tag-izrael","tag-izraelsko-palestinsky-konflikt","tag-palestinci","tag-pasmo-gazy","tag-svet","tag-world","tag-world-news"],"share_on_mastodon":{"url":"https:\/\/pubeurope.com\/@cz\/117205775903539431","error":""},"_links":{"self":[{"href":"https:\/\/www.europesays.com\/cz\/wp-json\/wp\/v2\/posts\/200916","targetHints":{"allow":["GET"]}}],"collection":[{"href":"https:\/\/www.europesays.com\/cz\/wp-json\/wp\/v2\/posts"}],"about":[{"href":"https:\/\/www.europesays.com\/cz\/wp-json\/wp\/v2\/types\/post"}],"author":[{"embeddable":true,"href":"https:\/\/www.europesays.com\/cz\/wp-json\/wp\/v2\/users\/2"}],"replies":[{"embeddable":true,"href":"https:\/\/www.europesays.com\/cz\/wp-json\/wp\/v2\/comments?post=200916"}],"version-history":[{"count":0,"href":"https:\/\/www.europesays.com\/cz\/wp-json\/wp\/v2\/posts\/200916\/revisions"}],"wp:featuredmedia":[{"embeddable":true,"href":"https:\/\/www.europesays.com\/cz\/wp-json\/wp\/v2\/media\/200917"}],"wp:attachment":[{"href":"https:\/\/www.europesays.com\/cz\/wp-json\/wp\/v2\/media?parent=200916"}],"wp:term":[{"taxonomy":"category","embeddable":true,"href":"https:\/\/www.europesays.com\/cz\/wp-json\/wp\/v2\/categories?post=200916"},{"taxonomy":"post_tag","embeddable":true,"href":"https:\/\/www.europesays.com\/cz\/wp-json\/wp\/v2\/tags?post=200916"}],"curies":[{"name":"wp","href":"https:\/\/api.w.org\/{rel}","templated":true}]}}