{"id":200928,"date":"2026-09-03T06:58:11","date_gmt":"2026-09-03T06:58:11","guid":{"rendered":"https:\/\/www.europesays.com\/cz\/200928\/"},"modified":"2026-09-03T06:58:11","modified_gmt":"2026-09-03T06:58:11","slug":"turiste-na-safari-si-nevsimli-slona-za-zady-ten-je-poradne-prohnal","status":"publish","type":"post","link":"https:\/\/www.europesays.com\/cz\/200928\/","title":{"rendered":"Turist\u00e9 na safari si nev\u0161imli slona za z\u00e1dy. Ten je po\u0159\u00e1dn\u011b prohnal"},"content":{"rendered":"<p class=\"c_bB\">K incidentu do\u0161lo v\u00a0z\u00e1v\u011bru srpna na odlehl\u00fdch travnat\u00fdch pl\u00e1n\u00edch provincie Nakhon Ratchasima ve st\u0159edn\u00edm Thajsku. Pr\u016fvodkyn\u011b vyrazila s\u00a0turisty za divok\u00fdmi slony, jej\u00ed skupinka se v\u0161ak rozd\u011blila a\u00a0\u010d\u00e1st se zdr\u017eela v\u00a0bl\u00edzkosti pozorovatelny.<\/p>\n<p class=\"c_bB\">Pr\u00e1v\u011b tito n\u00e1v\u0161t\u011bvn\u00edci si pozd\u011bji nev\u0161imli, \u017ee se k\u00a0nim jeden slon p\u0159ibl\u00ed\u017eil. Pr\u016fvodkyn\u011b se je sna\u017eila zpovzd\u00e1l\u00ed upozornit, jej\u00ed varov\u00e1n\u00ed v\u0161ak nebylo sly\u0161et. Nakonec se turist\u00e9 museli kv\u016fli zv\u00ed\u0159eti trochu prob\u011bhnout, ve skupince p\u0159itom byly i\u00a0star\u0161\u00ed osoby. Z\u00e1b\u011bry z\u00a0\u00faprku zve\u0159ejnila agentura AP.<\/p>\n<p class=\"c_bB\">N\u00e1v\u0161t\u011bvn\u00edk\u016fm p\u0159isp\u011bchali na pomoc range\u0159i, kte\u0159\u00ed je odvedli do bezpe\u010dn\u00e9 vzd\u00e1lenosti. Nikdo z\u00a0nich nep\u0159i\u0161el k\u00a0\u00fajm\u011b.<\/p>\n<p class=\"c_bB\">Thajsko je domovem zhruba 3500\u00a0divok\u00fdch slon\u016f, jejich po\u010dty se v\u00a0posledn\u00edch letech zv\u00fd\u0161ily. V\u00a0porovn\u00e1n\u00ed se za\u010d\u00e1tkem 20.\u00a0stolet\u00ed, kdy se jich v\u00a0zemi proh\u00e1n\u011blo na 300\u00a0tis\u00edc, jde v\u0161ak st\u00e1le o\u00a0zlomek. P\u0159\u00ed\u010dinou \u00fabytku slon\u00ed populace je jednak ztr\u00e1ta p\u0159irozen\u00e9ho prost\u0159ed\u00ed, ale tak\u00e9 pytl\u00e1ctv\u00ed.<\/p>\n<p><a data-dot=\"atm-link\" target=\"_self\" href=\"https:\/\/www.novinky.cz\/clanek\/cestovani-turiste-z-evropy-ostrouhaji-thajsko-jim-uz-za-dva-tydny-zkrati-bezvizovy-styk-na-polovinu-40595550\" class=\"c_I\" rel=\"nofollow noopener\"><img fetchpriority=\"high\" height=\"2268\" width=\"4032\" src=\"https:\/\/www.europesays.com\/cz\/wp-content\/uploads\/2026\/09\/1788418691_293_thajsko-railay-beach.mpo.jpeg\" loading=\"eager\" decoding=\"sync\" class=\"c_t c_r\"\/><\/a><\/p>\n","protected":false},"excerpt":{"rendered":"K incidentu do\u0161lo v\u00a0z\u00e1v\u011bru srpna na odlehl\u00fdch travnat\u00fdch pl\u00e1n\u00edch provincie Nakhon Ratchasima ve st\u0159edn\u00edm Thajsku. Pr\u016fvodkyn\u011b vyrazila s\u00a0turisty&hellip;\n","protected":false},"author":2,"featured_media":200929,"comment_status":"","ping_status":"","sticky":false,"template":"","format":"standard","meta":{"footnotes":"","_share_on_mastodon":"0"},"categories":[11],"tags":[3345,54,2467,53,52],"class_list":["post-200928","post","type-post","status-publish","format-standard","has-post-thumbnail","category-svet","tag-slon","tag-svet","tag-thajsko","tag-world","tag-world-news"],"share_on_mastodon":{"url":"https:\/\/pubeurope.com\/@cz\/117205815193299661","error":""},"_links":{"self":[{"href":"https:\/\/www.europesays.com\/cz\/wp-json\/wp\/v2\/posts\/200928","targetHints":{"allow":["GET"]}}],"collection":[{"href":"https:\/\/www.europesays.com\/cz\/wp-json\/wp\/v2\/posts"}],"about":[{"href":"https:\/\/www.europesays.com\/cz\/wp-json\/wp\/v2\/types\/post"}],"author":[{"embeddable":true,"href":"https:\/\/www.europesays.com\/cz\/wp-json\/wp\/v2\/users\/2"}],"replies":[{"embeddable":true,"href":"https:\/\/www.europesays.com\/cz\/wp-json\/wp\/v2\/comments?post=200928"}],"version-history":[{"count":0,"href":"https:\/\/www.europesays.com\/cz\/wp-json\/wp\/v2\/posts\/200928\/revisions"}],"wp:featuredmedia":[{"embeddable":true,"href":"https:\/\/www.europesays.com\/cz\/wp-json\/wp\/v2\/media\/200929"}],"wp:attachment":[{"href":"https:\/\/www.europesays.com\/cz\/wp-json\/wp\/v2\/media?parent=200928"}],"wp:term":[{"taxonomy":"category","embeddable":true,"href":"https:\/\/www.europesays.com\/cz\/wp-json\/wp\/v2\/categories?post=200928"},{"taxonomy":"post_tag","embeddable":true,"href":"https:\/\/www.europesays.com\/cz\/wp-json\/wp\/v2\/tags?post=200928"}],"curies":[{"name":"wp","href":"https:\/\/api.w.org\/{rel}","templated":true}]}}