{"id":200930,"date":"2026-09-03T06:59:08","date_gmt":"2026-09-03T06:59:08","guid":{"rendered":"https:\/\/www.europesays.com\/cz\/200930\/"},"modified":"2026-09-03T06:59:08","modified_gmt":"2026-09-03T06:59:08","slug":"vladni-paradox-sliby-politiku-plati-penize-na-jejich-splneni-ale-skolstvi-nedostane","status":"publish","type":"post","link":"https:\/\/www.europesays.com\/cz\/200930\/","title":{"rendered":"Vl\u00e1dn\u00ed paradox: Sliby politik\u016f plat\u00ed, pen\u00edze na jejich spln\u011bn\u00ed ale \u0161kolstv\u00ed nedostane"},"content":{"rendered":"<p class=\"c_bB\">\u201eKl\u00ed\u010dov\u00e9 je pro m\u011b vl\u00e1dn\u00ed programov\u00e9 prohl\u00e1\u0161en\u00ed. Tedy ne, \u017ee by m\u011b st\u0159edn\u011bdob\u00e9 v\u00fddajov\u00e9 r\u00e1mce nezaj\u00edmaly, ale technicky je pro m\u011b d\u016fle\u017eit\u011bj\u0161\u00ed to, co podepsalo 108\u00a0poslanc\u016f,\u201c uvedl Plaga k\u00a0rozpor\u016fm mezi pl\u00e1novan\u00fdm sni\u017eov\u00e1n\u00edm v\u00fddaj\u016f v\u00a0kapitole \u0161kolstv\u00ed a\u00a0pl\u00e1ny vl\u00e1dy.<\/p>\n<p class=\"c_bB\">Plaga se aktu\u00e1ln\u011b pot\u00fdk\u00e1 ji\u017e s\u00a0rozpo\u010dtem na p\u0159\u00ed\u0161t\u00ed rok. Ministryn\u011b financ\u00ed v\u00a0n\u011bm jeho resortu \u201ep\u0159id\u011blila\u201c 287,9\u00a0miliardy korun. \u0160kolstv\u00ed tud\u00ed\u017e podle ministra sch\u00e1z\u00ed minim\u00e1ln\u011b \u0161est miliard korun, p\u0159i\u010dem\u017e asi polovina z\u00a0\u010d\u00e1stky p\u0159ipad\u00e1 na mandatorn\u00ed v\u00fddaje pro soukrom\u00e9 a\u00a0c\u00edrkevn\u00ed \u0161koly. Plaga se proto chyst\u00e1 o\u00a0nav\u00fd\u0161en\u00ed pen\u011bz d\u00e1le jednat. <\/p>\n<p class=\"c_bB\">Z\u00e1rove\u0148 tvrd\u00ed, \u017ee vl\u00e1da programov\u00e9 prohl\u00e1\u0161en\u00ed hodl\u00e1 naplnit. \u201eZa m\u011b slib trv\u00e1. M\u00e1m p\u0159\u00edslib ministryn\u011b financ\u00ed na postupn\u00e9 nav\u00fd\u0161en\u00ed v\u00fddaj\u016f a\u00a0nem\u00e1m d\u016fvod nev\u011b\u0159it tomu, \u017ee ten z\u00e1vazek napln\u00edme,\u201c \u0159ekl. M\u00edsto odpov\u011bdi na ot\u00e1zku, pro\u010d se politick\u00e9 sliby kabinetu neodr\u00e1\u017e\u00ed v\u00a0rozpo\u010dtov\u00e9m pl\u00e1nov\u00e1n\u00ed, ministr odk\u00e1zal na resort financ\u00ed, kter\u00fd st\u0159edn\u011bdob\u00fd v\u00fdhled p\u0159ipravil.<\/p>\n<p><a data-dot=\"atm-link\" target=\"_self\" href=\"https:\/\/www.novinky.cz\/clanek\/domaci-skolstvi-dostane-pristi-rok-jen-292-miliard-korun-ustoupil-jsem-vymenou-za-prislib-do-dalsich-let-rika-plaga-40594950\" class=\"c_I\" rel=\"nofollow noopener\"><img fetchpriority=\"high\" height=\"2304\" width=\"4096\" src=\"https:\/\/www.europesays.com\/cz\/wp-content\/uploads\/2026\/09\/c7e9.jpeg\" loading=\"eager\" decoding=\"sync\" class=\"c_t c_r\"\/><\/a><\/p>\n<p class=\"c_bB\">V\u00fddaje na region\u00e1ln\u00ed \u0161kolstv\u00ed, kter\u00e9 jsou nejv\u011bt\u0161\u00ed v\u00fddajovou polo\u017ekou rozpo\u010dtu M\u0160MT, maj\u00ed v\u00a0p\u0159\u00ed\u0161t\u00edm roce \u010dinit 220,4\u00a0miliardy korun. Pro rok 2028\u00a0je to 213,7\u00a0miliardy a\u00a0pro rok 2029\u00a0u\u017e jen 208,4\u00a0miliardy. <\/p>\n<p class=\"c_bB\">Ministerstvo financ\u00ed (MF) pokles od\u016fvod\u0148uje t\u00edm, \u017ee od leto\u0161n\u00edho roku se na financov\u00e1n\u00ed z\u00e1kladn\u00edch a\u00a0st\u0159edn\u00edch \u0161kol v\u00fdrazn\u011bji pod\u00edlej\u00ed i\u00a0m\u011bsta a\u00a0kraje. Samospr\u00e1vy jsou nov\u011b zodpov\u011bdn\u00e9 za platy \u0161koln\u00edk\u016f, kucha\u0159ek, hospod\u00e1\u0159ek a\u00a0dal\u0161\u00edch nepedagogick\u00fdch zam\u011bstnanc\u016f sv\u00fdch \u0161kol \u010di za n\u00e1kupy u\u010debnic. Tyto pen\u00edze ji\u017e nejdou do vzd\u011bl\u00e1v\u00e1n\u00ed z\u00a0rozpo\u010dtu M\u0160MT, ale skrze p\u0159erozd\u011blov\u00e1n\u00ed da\u0148ov\u00fdch v\u00fdnos\u016f.<\/p>\n<p>Vl\u00e1da obelh\u00e1v\u00e1 voli\u010de, m\u00edn\u00ed odborn\u00edk<\/p>\n<p class=\"c_bB\">MF tud\u00ed\u017e tvrd\u00ed, \u017ee celkov\u00e9 v\u00fddaje na vzd\u011bl\u00e1v\u00e1n\u00ed neklesnou. \u201eVzhledem k\u00a0tomu, \u017ee region\u00e1ln\u00ed \u0161kolstv\u00ed je financov\u00e1no ze st\u00e1tn\u00edho rozpo\u010dtu a\u00a0z rozpo\u010dt\u016f kraj\u016f, obc\u00ed a\u00a0dobrovoln\u00fdch svazk\u016f obc\u00ed, nen\u00ed mo\u017en\u00e9 z\u00a0n\u00e1vrhu st\u00e1tn\u00edho rozpo\u010dtu vyvozovat sn\u00ed\u017een\u00ed celkov\u00fdch v\u00fddaj\u016f na vzd\u011bl\u00e1v\u00e1n\u00ed v\u00a0\u010cesku,\u201c uvedla mluv\u010d\u00ed resortu Gabriela Kru\u0161inov\u00e1.<\/p>\n<p class=\"c_bB\">Nap\u0159\u00edklad platy u\u010ditel\u016f, kter\u00e9 maj\u00ed podle z\u00e1kona i\u00a0programov\u00e9ho prohl\u00e1\u0161en\u00ed kabinetu Andreje Babi\u0161e (ANO) dos\u00e1hnout 130\u00a0procent pr\u016fm\u011brn\u00e9 hrub\u00e9 mzdy, ale st\u00e1le mus\u00ed zaplatit ministerstvo \u0161kolstv\u00ed. Z\u00a0v\u00fdpo\u010dt\u016f odborn\u00edk\u016f z\u00a0organizac\u00ed v\u011bnuj\u00edc\u00edch se \u0161kolstv\u00ed vypl\u00fdv\u00e1, \u017ee jen ke spln\u011bn\u00ed tohoto slibu by bylo pot\u0159eba 35\u00a0miliard korun nav\u00edc oproti leto\u0161n\u00edmu rozpo\u010dtu ve v\u00fd\u0161i 284\u00a0miliard korun. Na rok 2029\u00a0ale ministerstvo financ\u00ed navrhuje rozpo\u010det je\u0161t\u011b o\u00a014,4\u00a0miliardy ni\u017e\u0161\u00ed ne\u017e letos.<\/p>\n<p class=\"c_bB\">\u201ePodle programov\u00e9ho prohl\u00e1\u0161en\u00ed vl\u00e1dy se garance pr\u016fm\u011brn\u00e9ho platu u\u010ditel\u016f ve v\u00fd\u0161i 75\u00a0tis\u00edc korun vztahuje ke konci volebn\u00edho obdob\u00ed. Tento slib st\u00e1le plat\u00ed,\u201c uvedla Kru\u0161inov\u00e1.<\/p>\n<p class=\"c_bB\">\u201eJe to bohapust\u00e9 obelh\u00e1v\u00e1n\u00ed lid\u00ed. Spol\u00e9haj\u00ed se na to, \u017ee lid\u00e9 si nebudou za t\u00fdden pamatovat, co se dnes \u0159eklo,\u201c okomentoval situaci ekonom a\u00a0v\u00fdkonn\u00fd \u0159editel institutu IDEA Daniel M\u00fcnich. Vl\u00e1da podle n\u011bj \u0161kolstv\u00ed ozna\u010duje za prioritu, ale pen\u00edze do n\u011bj p\u0159id\u00e1vat nechce.<\/p>\n<p class=\"c_bB\">\u201eRealita je takov\u00e1, \u017ee tam pen\u00edze b\u00fdt nemohou, pokud nedojde k\u00a0z\u00e1sadn\u00ed konsolidaci ve\u0159ejn\u00fdch rozpo\u010dt\u016f na stran\u011b v\u00fddaj\u016f i\u00a0p\u0159\u00edjm\u016f. K\u00a0tomu ale nedojde, proto\u017ee vl\u00e1da na stole nem\u00e1 ani z\u00e1kladn\u00ed teze. Nav\u00edc v\u00a0dob\u011b bl\u00ed\u017e\u00edc\u00edch se voleb je jasn\u00e9, \u017ee \u017e\u00e1dn\u00e1 konsolidace nebude,\u201c doplnil.<\/p>\n<p><a data-dot=\"atm-link\" target=\"_self\" href=\"https:\/\/www.novinky.cz\/clanek\/domaci-vysoke-skoly-dostanou-mene-penez-nez-letos-rektori-hrozi-ze-prijmou-mene-studentu-40595389\" class=\"c_I\" rel=\"nofollow noopener\"><img height=\"2304\" width=\"4096\" src=\"https:\/\/www.europesays.com\/cz\/wp-content\/uploads\/2026\/09\/skola-studenti-zaci.jpeg\" loading=\"eager\" decoding=\"sync\" class=\"c_t c_r\"\/><\/a><\/p>\n","protected":false},"excerpt":{"rendered":"\u201eKl\u00ed\u010dov\u00e9 je pro m\u011b vl\u00e1dn\u00ed programov\u00e9 prohl\u00e1\u0161en\u00ed. Tedy ne, \u017ee by m\u011b st\u0159edn\u011bdob\u00e9 v\u00fddajov\u00e9 r\u00e1mce nezaj\u00edmaly, ale technicky&hellip;\n","protected":false},"author":2,"featured_media":200931,"comment_status":"","ping_status":"","sticky":false,"template":"","format":"standard","meta":{"footnotes":"","_share_on_mastodon":"0"},"categories":[7],"tags":[297,43,42,41,40,4242,4243,5416,442,3502,1717],"class_list":["post-200930","post","type-post","status-publish","format-standard","has-post-thumbnail","category-cesko","tag-alena-schillerova","tag-ceska-republika","tag-cesko","tag-czech-republic","tag-czechia","tag-ministerstvo-skolstvi","tag-mladeze-a-telovychovy-msmt","tag-robert-plaga","tag-skolstvi","tag-statni-rozpocet","tag-vzdelavani"],"share_on_mastodon":{"url":"https:\/\/pubeurope.com\/@cz\/117205818848643749","error":""},"_links":{"self":[{"href":"https:\/\/www.europesays.com\/cz\/wp-json\/wp\/v2\/posts\/200930","targetHints":{"allow":["GET"]}}],"collection":[{"href":"https:\/\/www.europesays.com\/cz\/wp-json\/wp\/v2\/posts"}],"about":[{"href":"https:\/\/www.europesays.com\/cz\/wp-json\/wp\/v2\/types\/post"}],"author":[{"embeddable":true,"href":"https:\/\/www.europesays.com\/cz\/wp-json\/wp\/v2\/users\/2"}],"replies":[{"embeddable":true,"href":"https:\/\/www.europesays.com\/cz\/wp-json\/wp\/v2\/comments?post=200930"}],"version-history":[{"count":0,"href":"https:\/\/www.europesays.com\/cz\/wp-json\/wp\/v2\/posts\/200930\/revisions"}],"wp:featuredmedia":[{"embeddable":true,"href":"https:\/\/www.europesays.com\/cz\/wp-json\/wp\/v2\/media\/200931"}],"wp:attachment":[{"href":"https:\/\/www.europesays.com\/cz\/wp-json\/wp\/v2\/media?parent=200930"}],"wp:term":[{"taxonomy":"category","embeddable":true,"href":"https:\/\/www.europesays.com\/cz\/wp-json\/wp\/v2\/categories?post=200930"},{"taxonomy":"post_tag","embeddable":true,"href":"https:\/\/www.europesays.com\/cz\/wp-json\/wp\/v2\/tags?post=200930"}],"curies":[{"name":"wp","href":"https:\/\/api.w.org\/{rel}","templated":true}]}}