{"id":200932,"date":"2026-09-03T07:03:14","date_gmt":"2026-09-03T07:03:14","guid":{"rendered":"https:\/\/www.europesays.com\/cz\/200932\/"},"modified":"2026-09-03T07:03:14","modified_gmt":"2026-09-03T07:03:14","slug":"signal-festival-miri-poprve-do-dejvic-havel-na-radnici-obri-laser-i-1500-svetel","status":"publish","type":"post","link":"https:\/\/www.europesays.com\/cz\/200932\/","title":{"rendered":"Signal Festival m\u00ed\u0159\u00ed poprv\u00e9 do Dejvic: Havel na radnici, ob\u0159\u00ed laser i 1500 sv\u011btel"},"content":{"rendered":"<p>Nov\u00e1 trasa zavede n\u00e1v\u0161t\u011bvn\u00edky do Dejvic, kam se po\u0159adatel\u00e9 cht\u011bli s festivalem dostat u\u017e del\u0161\u00ed dobu. \u201eMysl\u00edm, \u017ee je to asi p\u011bt let, kdy jsme u\u017e obch\u00e1zeli ty trasy, obch\u00e1zeli ta m\u00edsta Dejvic,\u201c uvedl ve st\u0159edu na tiskov\u00e9 konferenci \u0159editel festivalu Martin Po\u0161ta. Festival se letos rozd\u011bl\u00ed mezi centrum Prahy a Dejvice, 13 instalac\u00ed bude p\u0159\u00edstupn\u00fdch zdarma a osm se objev\u00ed v placen\u00e9 z\u00f3n\u011b Signal INSIDE.\u00a0<\/p>\n<p>    <a aria-label=\"Kam v z\u00e1\u0159\u00ed v Praze zdarma? Korunova\u010dn\u00ed klenoty, leteck\u00fd den i festivaly pro d\u011bti\" title=\"Kam v z\u00e1\u0159\u00ed v Praze zdarma? Korunova\u010dn\u00ed klenoty, leteck\u00fd den i festivaly pro d\u011bti\" href=\"https:\/\/www.blesk.cz\/clanek\/regiony-praha-praha-volny-cas\/847271\/kam-v-zari-v-praze-zdarma-korunovacni-klenoty-letecky-den-i-festivaly-pro-deti.html\" class=\"article-card article-card--type-1 artobj\" data-track-click=\"{&quot;clickTo&quot;:&quot;button&quot;,&quot;link&quot;:{&quot;type&quot;:&quot;article-card&quot;,&quot;text&quot;:&quot;Kam v z\u00e1\u0159\u00ed v Praze zdarma? Korunova\u010dn\u00ed klenoty, leteck\u00fd den i festivaly pro d\u011bti&quot;,&quot;url&quot;:&quot;https:\/\/www.blesk.cz\/clanek\/regiony-praha-praha-volny-cas\/847271\/kam-v-zari-v-praze-zdarma-korunovacni-klenoty-letecky-den-i-festivaly-pro-deti.html&quot;,&quot;location&quot;:&quot;page&quot;}}\" data-track-element-id=\"artobject-article-link-1-847271\" data-track-list=\"{\" item=\"\" v=\"\" z=\"\" praze=\"\" zdarma=\"\" korunova=\"\" klenoty=\"\" leteck=\"\" den=\"\" i=\"\" festivaly=\"\" pro=\"\" d=\"\" rel=\"nofollow noopener\" target=\"_blank\"><\/p>\n<p>\t<img decoding=\"async\" src=\"https:\/\/www.europesays.com\/cz\/wp-content\/uploads\/2026\/09\/2765203.jpg\" alt=\"Obecn\u00ed d\u016fm v Praze.\" title=\"\" width=\"238\" height=\"158,67\" class=\"\" style=\"aspect-ratio: 238 \/ 158,67\" loading=\"lazy\"\/><\/p>\n<p>    Kam v z\u00e1\u0159\u00ed v Praze zdarma? Korunova\u010dn\u00ed klenoty, leteck\u00fd den i festivaly pro d\u011bti<\/p>\n<p>    <\/a><\/p>\n<p>Na Starom\u011bstsk\u00e9 radnici se objev\u00ed videomapping \u017divot v pravd\u011b ukrajinsk\u00e9 um\u011blkyn\u011b Svitlany Reinish. D\u00edlo vych\u00e1z\u00ed z my\u0161lenek V\u00e1clava Havla a jeho eseje Moc bezmocn\u00fdch. Na fas\u00e1d\u011b se maj\u00ed objevovat slova jako Pravda, Svoboda, Spravedlnost, L\u00e1ska nebo Demokracie. Reinish po za\u010d\u00e1tku v\u00e1lky na Ukrajin\u011b n\u011bjak\u00fd \u010das \u017eila v Praze, dnes bydl\u00ed v Lille. \u201eD\u00edlo je v\u011bnovan\u00e9 V\u00e1clavu Havlovi, nen\u00ed ale p\u0159\u00edmo o n\u011bm. Je o t\u00e9matech, kter\u00e1 otev\u0159el v Moci bezmocn\u00fdch,\u201c \u0159ekla Reinish.<\/p>\n<p>Druh\u00fd videomapping p\u0159iprav\u00ed n\u011bmeck\u00fd um\u011blec z Mnichova Felix Frank. Jeho Missing Interval prom\u011bn\u00ed pr\u016f\u010del\u00ed Arcibiskupsk\u00e9ho semin\u00e1\u0159e v Dejvic\u00edch. V parku gener\u00e1la L\u00e1zara C\u00e1rdenase bude st\u00e1t Scattered Light americk\u00e9ho um\u011blce Jima Campbella. Instalaci tvo\u0159\u00ed 1 500 LED sv\u011btel, z nich\u017e se p\u0159i pohledu z ur\u010dit\u00e9 vzd\u00e1lenosti skl\u00e1daj\u00ed pohybuj\u00edc\u00ed se lidsk\u00e9 postavy. Campbellova d\u00edla byla v minulosti vystavena nap\u0159\u00edklad v New Yorku.\u00a0<\/p>\n<p>    <a aria-label=\"Kdo si hraje, nezlob\u00ed: V Praze 6 otev\u0159eli skluzavku pro dosp\u011bl\u00e9, m\u00e1 p\u0159es 40 metr\u016f!\" title=\"Kdo si hraje, nezlob\u00ed: V Praze 6 otev\u0159eli skluzavku pro dosp\u011bl\u00e9, m\u00e1 p\u0159es 40 metr\u016f!\" href=\"https:\/\/www.blesk.cz\/clanek\/regiony-praha-praha-zpravy\/847326\/kdo-si-hraje-nezlobi-v-praze-6-otevreli-skluzavku-pro-dospele-ma-pres-40-metru.html\" class=\"article-card article-card--type-1 artobj\" data-track-click=\"{&quot;clickTo&quot;:&quot;button&quot;,&quot;link&quot;:{&quot;type&quot;:&quot;article-card&quot;,&quot;text&quot;:&quot;Kdo si hraje, nezlob\u00ed: V Praze 6 otev\u0159eli skluzavku pro dosp\u011bl\u00e9, m\u00e1 p\u0159es 40 metr\u016f!&quot;,&quot;url&quot;:&quot;https:\/\/www.blesk.cz\/clanek\/regiony-praha-praha-zpravy\/847326\/kdo-si-hraje-nezlobi-v-praze-6-otevreli-skluzavku-pro-dospele-ma-pres-40-metru.html&quot;,&quot;location&quot;:&quot;page&quot;}}\" data-track-element-id=\"artobject-article-link-2-847326\" data-track-list=\"{\" item=\"\" si=\"\" hraje=\"\" nezlob=\"\" v=\"\" praze=\"\" otev=\"\" skluzavku=\"\" pro=\"\" dosp=\"\" m=\"\" p=\"\" metr=\"\" ote rel=\"nofollow noopener\" target=\"_blank\"><\/p>\n<p>\t<img decoding=\"async\" src=\"https:\/\/www.europesays.com\/cz\/wp-content\/uploads\/2026\/09\/9955205.jpg\" alt=\"Kdo si hraje nezlob\u00ed: Na Praze 6 otev\u0159eli skluzavku pro dosp\u011bl\u00e9, m\u00e1 p\u0159es 40 metr\u016f!\" title=\"\" width=\"238\" height=\"158,67\" class=\"\" style=\"aspect-ratio: 238 \/ 158,67\" loading=\"lazy\"\/><\/p>\n<p>    Kdo si hraje, nezlob\u00ed: V Praze 6 otev\u0159eli skluzavku pro dosp\u011bl\u00e9, m\u00e1 p\u0159es 40 metr\u016f!<\/p>\n<p>    <\/a><\/p>\n<p>Star\u00e1 \u010dist\u00edrna odpadn\u00edch vod<\/p>\n<p>Nedaleko Star\u00e9 \u010dist\u00edrny odpadn\u00edch vod v Buben\u010di vznikne laserov\u00e1 instalace tchajwansk\u00e9ho um\u011blce Aka Changa. Laser bude um\u00edst\u011bn\u00fd a\u017e deset metr\u016f nad slep\u00fdm ramenem Vltavy a jeho paprsky se budou odr\u00e1\u017eet od hladiny. Samotn\u00e1 \u010dist\u00edrna se stane d\u011bji\u0161t\u011bm projektu Voda souboru Laterna magika, kter\u00fd spoj\u00ed zp\u011bv, nonverb\u00e1ln\u00ed divadlo, videomapping a akrobacii.\u00a0<\/p>\n<p>Sou\u010d\u00e1st\u00ed dejvick\u00e9 trasy bude tak\u00e9 z\u00f3na Student Visions, do n\u00ed\u017e se zapoj\u00ed studenti \u010cVUT a V\u0160CHT. N\u00e1v\u0161t\u011bvn\u00edci uvid\u00ed nap\u0159\u00edklad studentskou elektrickou formuli e-Force, interaktivn\u00ed projekty nebo chemickou show. \u201eUmo\u017e\u0148ujeme i na\u0161im student\u016fm, aby uk\u00e1zali to, co um\u00ed,\u201c uvedla kancl\u00e9\u0159ka \u010cVUT Romana Pikulov\u00e1.\u00a0<\/p>\n<p>    <a aria-label=\"Prom\u011bna \u0160v\u00fdc\u00e1rny v zahrad\u011b Kinsk\u00fdch: Vznikne tam inova\u010dn\u00ed centrum? Praha nech\u00e1 zpracovat studii\" title=\"Prom\u011bna \u0160v\u00fdc\u00e1rny v zahrad\u011b Kinsk\u00fdch: Vznikne tam inova\u010dn\u00ed centrum? Praha nech\u00e1 zpracovat studii\" href=\"https:\/\/www.blesk.cz\/clanek\/regiony-praha-praha-zpravy\/847243\/promena-svycarny-v-zahrade-kinskych-vznikne-tam-inovacni-centrum-praha-necha-zpracovat-studii.html\" class=\"article-card article-card--type-1 artobj\" data-track-click=\"{&quot;clickTo&quot;:&quot;button&quot;,&quot;link&quot;:{&quot;type&quot;:&quot;article-card&quot;,&quot;text&quot;:&quot;Prom\u011bna \u0160v\u00fdc\u00e1rny v zahrad\u011b Kinsk\u00fdch: Vznikne tam inova\u010dn\u00ed centrum? Praha nech\u00e1 zpracovat studii&quot;,&quot;url&quot;:&quot;https:\/\/www.blesk.cz\/clanek\/regiony-praha-praha-zpravy\/847243\/promena-svycarny-v-zahrade-kinskych-vznikne-tam-inovacni-centrum-praha-necha-zpracovat-studii.html&quot;,&quot;location&quot;:&quot;page&quot;}}\" data-track-element-id=\"artobject-article-link-3-847243\" data-track-list=\"{\" item=\"\" v=\"\" zahrad=\"\" kinsk=\"\" vznikne=\"\" tam=\"\" inova=\"\" centrum=\"\" praha=\"\" nech=\"\" zpracovat=\"\" studii=\"\" rel=\"nofollow noopener\" target=\"_blank\"><\/p>\n<p>\t<img decoding=\"async\" src=\"https:\/\/www.europesays.com\/cz\/wp-content\/uploads\/2026\/09\/9953804.jpg\" alt=\"\u0160v\u00fdc\u00e1rna v zahrad\u011b Kinsk\u00fdch\" title=\"\" width=\"238\" height=\"158,67\" class=\"\" style=\"aspect-ratio: 238 \/ 158,67\" loading=\"lazy\"\/><\/p>\n<p>    Prom\u011bna \u0160v\u00fdc\u00e1rny v zahrad\u011b Kinsk\u00fdch: Vznikne tam inova\u010dn\u00ed centrum? Praha nech\u00e1 zpracovat studii<\/p>\n<p>    <\/a><\/p>\n<p>V Dejvic\u00edch p\u0159edstav\u00ed svou instalaci tak\u00e9 Milan Cais. Jeho projekt vznik\u00e1 ze slov, kter\u00e1 p\u0159edem vyb\u00edrali samotn\u00ed lid\u00e9, a pr\u00e1v\u011b z nich budou vznikat v\u00fdsledn\u00e9 obrazov\u00e9 a rytmick\u00e9 struktury. \u201eJ\u00e1 jsem tam vyrostl a m\u00e1m Prahu 6 prost\u011b r\u00e1d, tak\u017ee jsem moc r\u00e1d, \u017ee m\u016f\u017eu m\u00edt svou instalaci na \u00fazem\u00ed Prahy 6,\u201c \u0159ekl Cais. V Kampusu Hybernsk\u00e1 se uskute\u010dn\u00ed tak\u00e9 program pro d\u011bti, p\u0159i n\u011bm\u017e si ty star\u0161\u00ed budou moci za pomoci p\u00e1jky vyrobit vlastn\u00ed sv\u00edt\u00edc\u00ed med\u00fazu.<\/p>\n<p>          <a class=\"galleryNext\" href=\"https:\/\/www.blesk.cz\/galerie\/regiony-praha-praha-volny-cas\/1496892\/signal-festival-miri-poprve-do-dejvic-havel-na-radnici-obri-laser-i-1500-svetel?foto=2\" rel=\"nofollow noopener\" target=\"_blank\"><\/p>\n<p>          <\/a><br \/>\n          <a href=\"https:\/\/www.blesk.cz\/galerie\/regiony-praha-praha-volny-cas\/1496892\/signal-festival-miri-poprve-do-dejvic-havel-na-radnici-obri-laser-i-1500-svetel?foto=1\" class=\"photoIn\" rel=\"nofollow noopener\" target=\"_blank\"><br \/>\n            <img decoding=\"async\" src=\"https:\/\/www.europesays.com\/cz\/wp-content\/uploads\/2026\/09\/9955735.jpg\" title=\"Signal Festival se letos kon\u00e1 od 15. do 18. \u0159\u00edjna a nab\u00eddne celkem 21 instalac\u00ed.\" alt=\"Signal Festival se letos kon\u00e1 od 15. do 18. \u0159\u00edjna a nab\u00eddne celkem 21 instalac\u00ed.\" width=\"520\" loading=\"lazy\"\/><br \/>\n          <\/a><\/p>\n<p>Signal Festival se letos kon\u00e1 od 15. do 18. \u0159\u00edjna a nab\u00eddne celkem 21 instalac\u00ed.<\/p>\n<p>Autor:\u00a0Frederikke Anna Toman &#8211; Blesk.cz<\/p>\n","protected":false},"excerpt":{"rendered":"Nov\u00e1 trasa zavede n\u00e1v\u0161t\u011bvn\u00edky do Dejvic, kam se po\u0159adatel\u00e9 cht\u011bli s festivalem dostat u\u017e del\u0161\u00ed dobu. \u201eMysl\u00edm, \u017ee&hellip;\n","protected":false},"author":2,"featured_media":200933,"comment_status":"","ping_status":"","sticky":false,"template":"","format":"standard","meta":{"footnotes":"","_share_on_mastodon":"0"},"categories":[30],"tags":[1037,10879,2906,46003,98,99,1017,7964,2947,46002,10240],"class_list":["post-200932","post","type-post","status-publish","format-standard","has-post-thumbnail","category-praha","tag-dejvice","tag-festival","tag-instalace","tag-jim-campbell","tag-prague","tag-praha","tag-praha-6","tag-staromestska-radnice","tag-vaclav-havel","tag-video-mapping","tag-vltava"],"share_on_mastodon":{"url":"https:\/\/pubeurope.com\/@cz\/117205834686226587","error":""},"_links":{"self":[{"href":"https:\/\/www.europesays.com\/cz\/wp-json\/wp\/v2\/posts\/200932","targetHints":{"allow":["GET"]}}],"collection":[{"href":"https:\/\/www.europesays.com\/cz\/wp-json\/wp\/v2\/posts"}],"about":[{"href":"https:\/\/www.europesays.com\/cz\/wp-json\/wp\/v2\/types\/post"}],"author":[{"embeddable":true,"href":"https:\/\/www.europesays.com\/cz\/wp-json\/wp\/v2\/users\/2"}],"replies":[{"embeddable":true,"href":"https:\/\/www.europesays.com\/cz\/wp-json\/wp\/v2\/comments?post=200932"}],"version-history":[{"count":0,"href":"https:\/\/www.europesays.com\/cz\/wp-json\/wp\/v2\/posts\/200932\/revisions"}],"wp:featuredmedia":[{"embeddable":true,"href":"https:\/\/www.europesays.com\/cz\/wp-json\/wp\/v2\/media\/200933"}],"wp:attachment":[{"href":"https:\/\/www.europesays.com\/cz\/wp-json\/wp\/v2\/media?parent=200932"}],"wp:term":[{"taxonomy":"category","embeddable":true,"href":"https:\/\/www.europesays.com\/cz\/wp-json\/wp\/v2\/categories?post=200932"},{"taxonomy":"post_tag","embeddable":true,"href":"https:\/\/www.europesays.com\/cz\/wp-json\/wp\/v2\/tags?post=200932"}],"curies":[{"name":"wp","href":"https:\/\/api.w.org\/{rel}","templated":true}]}}