{"id":200964,"date":"2026-09-03T07:23:11","date_gmt":"2026-09-03T07:23:11","guid":{"rendered":"https:\/\/www.europesays.com\/cz\/200964\/"},"modified":"2026-09-03T07:23:11","modified_gmt":"2026-09-03T07:23:11","slug":"recenze-dokonaly-den-se-zadneho-romantickeho-klise-neboji","status":"publish","type":"post","link":"https:\/\/www.europesays.com\/cz\/200964\/","title":{"rendered":"RECENZE: Dokonal\u00fd den se \u017e\u00e1dn\u00e9ho romantick\u00e9ho kli\u0161\u00e9 neboj\u00ed"},"content":{"rendered":"<p class=\"c_bB\">Zat\u00edmco Pr\u00e1zdniny s\u00a0Brou\u010dkem dostaly p\u0159\u00edvlastek rodinn\u00e1, Dokonal\u00fd den m\u00e1 b\u00fdt romantick\u00fd. Ob\u011bma film\u016fm v\u0161ak p\u0159edev\u0161\u00edm chyb\u00ed to, co by jejich za\u0159azen\u00ed mezi komedie skute\u010dn\u011b od\u016fvod\u0148ovalo.<\/p>\n<p class=\"c_bB\">Matou\u0161ek tak nato\u010dil jen dal\u0161\u00ed z\u00a0film\u016f, v\u00a0nich\u017e je od po\u010d\u00e1tku naprosto jasn\u00e9, jak \u201eti dva\u201c skon\u010d\u00ed, tak\u017ee zaj\u00edmav\u00e9 m\u016f\u017ee b\u00fdt leda pozorovat, p\u0159es jak\u00e9 zvraty a\u00a0komplikace se to stane. M\u016f\u017ee, ale tak\u00e9 nemus\u00ed, nenajdou-li tv\u016frci aspo\u0148 trochu originality. Co\u017e se bohu\u017eel v\u00a0p\u0159\u00edpad\u011b Dokonal\u00e9ho dne nestalo, naopak se neb\u00e1li, a\u00a0skoro by se cht\u011blo napsat, \u017ee se nestyd\u011bli pou\u017e\u00edt v\u0161echna mysliteln\u00e1 kli\u0161\u00e9.<\/p>\n<p class=\"c_bB\">Ti dva, Anna (Kate\u0159ina Marie Fialov\u00e1) a\u00a0Eda (Vladim\u00edr Pol\u00edvka), se n\u00e1hodou potkaj\u00ed pot\u00e9, co se J\u00cd cestou na d\u016fle\u017eit\u00fd pracovn\u00ed pohovor do Berl\u00edna rozbije auto, a\u00a0ona mus\u00ed p\u0159esednout do vlaku, kter\u00fdm cestuje ON.<\/p>\n<p><a data-dot=\"atm-link\" target=\"_self\" href=\"https:\/\/www.novinky.cz\/clanek\/kultura-tv-streaming-recenze-lajf-je-drsna-i-vtipna-komedie-o-smrti-zivote-i-nadeji-40574340\" class=\"c_I\" rel=\"nofollow noopener\"><img fetchpriority=\"high\" height=\"787\" width=\"1400\" src=\"https:\/\/www.europesays.com\/cz\/wp-content\/uploads\/2026\/09\/1788420189_565_televize-ceska-televize.jpeg\" loading=\"eager\" decoding=\"sync\" class=\"c_t c_r\"\/><\/a><\/p>\n<p class=\"c_bB\">Slovo d\u00e1 slovo, pohled d\u00e1 pohled, a\u00a0kdy\u017e m\u00e1 Eda vystoupit, vyl\u00e1k\u00e1 trikem hodn\u00fdm \u0161koln\u00edho d\u00edt\u011bte Annu z\u00a0vlaku. Na\u010de\u017e pro\u017eij\u00ed \u201edokonal\u00fd den\u201c, b\u011bhem n\u011bho\u017e Anna za\u010d\u00edn\u00e1 zji\u0161\u0165ovat, \u017ee dojmout se u\u00a0pomn\u00ed\u010dku, kde p\u0159i autonehod\u011b zahynuli oba Edovi rodi\u010de, vyl\u00e9zt na rozhlednu, zaposlouchat se do kosteln\u00edho zp\u011bvu, zaplavat si v\u00a0rybn\u00edku a\u00a0\u0161lohnout fla\u0161ku na ciz\u00ed svatb\u011b, p\u0159edstavuje ten prav\u00fd \u017eivot a\u00a0romantiku. <\/p>\n<p class=\"c_bB\">Mnohem d\u016fle\u017eit\u011bj\u0161\u00ed a\u00a0podstatn\u011bj\u0161\u00ed ne\u017e p\u0159ijmout lukrativn\u00ed pr\u00e1ci v\u00a0presti\u017en\u00ed galerii v\u00a0kanadsk\u00e9m Torontu, na kterou se cel\u00fd sv\u016fj dosavadn\u00ed \u017eivot, i\u00a0d\u00edky sv\u00e9 ambici\u00f3zn\u00ed, ale miluj\u00edc\u00ed matce (Tereza Kostkov\u00e1), p\u0159ipravovala.<\/p>\n<p class=\"c_bB\">\u017de j\u00ed toto budouc\u00ed proz\u0159en\u00ed za\u010d\u00edn\u00e1 blikat p\u016fvabnou hlavou, pozn\u00e1me hlavn\u011b podle toho, \u017ee j\u00ed to Eda pon\u011bkud \u00fanavn\u011b do t\u00e9 hlavi\u010dky vtlouk\u00e1 a\u00a0ona je z\u00a0toho cel\u00e1 zara\u017een\u00e1.<\/p>\n<p class=\"c_bB\">Je\u0161t\u011b n\u011bkolikr\u00e1t se nastupuje a\u00a0vystupuje z\u00a0vlaku (\u010cesk\u00e9 dr\u00e1hy jsou jedn\u00edm z\u00a0hlavn\u00edch partner\u016f filmu), Anna chce, nechce a\u00a0zase chce odjet do Kanady, s\u00a0Edou se rozch\u00e1zej\u00ed, trp\u00ed odlou\u010den\u00edm a\u00a0pak se raduj\u00ed ze setk\u00e1n\u00ed. <\/p>\n<p><img height=\"941\"   width=\"1672\" src=\"https:\/\/www.europesays.com\/cz\/wp-content\/uploads\/2026\/09\/katerina-marie-fialova-vladimir-polivka-film-dokonaly-den.png\" loading=\"eager\" decoding=\"sync\" class=\"c_t c_r\"\/>Foto: Donart Film<\/p>\n<p class=\"c_bB\">Tahle svatba nen\u00ed Anny (Kate\u0159ina Marie Fialov\u00e1) a\u00a0Edy (Vladim\u00edr Pol\u00edvka).<\/p>\n<p class=\"c_bB\">V\u0161e podmalov\u00e1v\u00e1 n\u00e1vodn\u00e1 hudba a\u00a0anglick\u00e9 texty \u010desk\u00fdch i\u00a0zahrani\u010dn\u00edch skladatel\u016f. Hudby a\u00a0p\u00edsni\u010dek je hodn\u011b, vypln\u00ed dost jinak pr\u00e1zdn\u00e9ho \u010dasu a\u00a0sna\u017e\u00ed se i\u00a0p\u0159ekr\u00fdt dialogy jako \u201eZ \u010deho ty m\u00e1\u0161 nejv\u011bt\u0161\u00ed strach?\u201c \u201eZ hloupejch lid\u00ed,\u201c p\u0159\u00edpadn\u011b \u201eLidi kolem m\u011b jen p\u0159edst\u00edraj\u00ed, a\u00a0j\u00e1 s\u00a0nima.\u201c<\/p>\n<p class=\"c_bB\">Nechyb\u00ed rozvern\u00e9 zkou\u0161en\u00ed klobouk\u016f a\u00a0slune\u010dn\u00edch br\u00fdl\u00ed, \u00fat\u011bky pln\u00e9 sm\u00edchu tu p\u0159ed majiteli chaty, kde se v\u00a0jejich nep\u0159\u00edtomnosti schovali p\u0159ed ne\u010dekan\u00fdm de\u0161t\u011bm (a m\u00e1lem pol\u00edbili), jindy p\u0159ed rozzu\u0159en\u00fdmi svateb\u010dany. Nen\u00ed t\u0159eba b\u00fdt ani moc velk\u00fdm cynikem, aby se \u010dlov\u011bk \u00fatrpn\u011b sm\u00e1l.<\/p>\n<p class=\"c_bB\">Lze p\u0159ipustit, \u017ee na druh\u00fd film je Dokonal\u00fd den slu\u0161n\u011b nato\u010den\u00fd, a\u00a0\u017ee Vladim\u00edr Pol\u00edvka m\u00e1 s\u00a0postavami v\u00a0tomto typu film\u016f bohat\u00e9 zku\u0161enosti, tak\u017ee chybu neud\u011bl\u00e1, jen u\u017e, pokud \u010dlov\u011bk nen\u00ed jeho oddan\u00e1 fanynka, pon\u011bkud nud\u00ed. A\u00a0p\u0159ev\u00e1\u017en\u011b seri\u00e1lov\u00e1 a\u00a0televizn\u00ed here\u010dka Kate\u0159ina Marie Fialov\u00e1 odevzdala to, co se od tohoto typu postav \u010dek\u00e1: je hezk\u00e1 a\u00a0um\u00ed se sm\u00e1t, zasn\u011bn\u011b hled\u011bt i\u00a0plakat.<\/p>\n<p class=\"c_bB\">Ov\u0161em jak\u017e tak\u017e bavit se m\u016f\u017ee na Dokonal\u00e9m dnu snad jen ten, kdo m\u00e1 doma celou edici prvorepublikov\u00e9 \u010derven\u00e9 knihovny a\u00a0opakovan\u011b se k\u00a0n\u00ed vrac\u00ed.<\/p>\n<p>Dokonal\u00fd den\u010cesko 2026, 89 min., Re\u017eie: Ji\u0159\u00ed Matou\u0161ek, hraj\u00ed: Vladim\u00edr Pol\u00edvka, Kate\u0159ina Marie Fialov\u00e1, Tereza Kostkov\u00e1 a dal\u0161\u00edHodnocen\u00ed: 35 %<a data-dot=\"atm-link\" target=\"_self\" href=\"https:\/\/www.novinky.cz\/clanek\/kultura-tv-streaming-recenze-serial-bozi-plan-ma-snad-v-zaloze-druhy-plan-40594680\" class=\"c_I\" rel=\"nofollow noopener\"><img height=\"1080\" width=\"1920\" src=\"https:\/\/www.europesays.com\/cz\/wp-content\/uploads\/2026\/09\/1788420191_472_15b3.jpeg\" loading=\"eager\" decoding=\"sync\" class=\"c_t c_r\"\/><\/a><\/p>\n","protected":false},"excerpt":{"rendered":"Zat\u00edmco Pr\u00e1zdniny s\u00a0Brou\u010dkem dostaly p\u0159\u00edvlastek rodinn\u00e1, Dokonal\u00fd den m\u00e1 b\u00fdt romantick\u00fd. Ob\u011bma film\u016fm v\u0161ak p\u0159edev\u0161\u00edm chyb\u00ed to, co&hellip;\n","protected":false},"author":2,"featured_media":200965,"comment_status":"","ping_status":"","sticky":false,"template":"","format":"standard","meta":{"footnotes":"","_share_on_mastodon":"0"},"categories":[14],"tags":[79,33383,45678,7874,3927,13491,80],"class_list":["post-200964","post","type-post","status-publish","format-standard","has-post-thumbnail","category-zabava","tag-entertainment","tag-film-dokonaly-den","tag-katerina-marie-fialova","tag-kina","tag-tereza-kostkova","tag-vladimir-polivka","tag-zabava"],"share_on_mastodon":{"url":"https:\/\/pubeurope.com\/@cz\/117205913311944606","error":""},"_links":{"self":[{"href":"https:\/\/www.europesays.com\/cz\/wp-json\/wp\/v2\/posts\/200964","targetHints":{"allow":["GET"]}}],"collection":[{"href":"https:\/\/www.europesays.com\/cz\/wp-json\/wp\/v2\/posts"}],"about":[{"href":"https:\/\/www.europesays.com\/cz\/wp-json\/wp\/v2\/types\/post"}],"author":[{"embeddable":true,"href":"https:\/\/www.europesays.com\/cz\/wp-json\/wp\/v2\/users\/2"}],"replies":[{"embeddable":true,"href":"https:\/\/www.europesays.com\/cz\/wp-json\/wp\/v2\/comments?post=200964"}],"version-history":[{"count":0,"href":"https:\/\/www.europesays.com\/cz\/wp-json\/wp\/v2\/posts\/200964\/revisions"}],"wp:featuredmedia":[{"embeddable":true,"href":"https:\/\/www.europesays.com\/cz\/wp-json\/wp\/v2\/media\/200965"}],"wp:attachment":[{"href":"https:\/\/www.europesays.com\/cz\/wp-json\/wp\/v2\/media?parent=200964"}],"wp:term":[{"taxonomy":"category","embeddable":true,"href":"https:\/\/www.europesays.com\/cz\/wp-json\/wp\/v2\/categories?post=200964"},{"taxonomy":"post_tag","embeddable":true,"href":"https:\/\/www.europesays.com\/cz\/wp-json\/wp\/v2\/tags?post=200964"}],"curies":[{"name":"wp","href":"https:\/\/api.w.org\/{rel}","templated":true}]}}