{"id":200984,"date":"2026-09-03T07:37:09","date_gmt":"2026-09-03T07:37:09","guid":{"rendered":"https:\/\/www.europesays.com\/cz\/200984\/"},"modified":"2026-09-03T07:37:09","modified_gmt":"2026-09-03T07:37:09","slug":"zharsky-utok-v-mnichove-horela-technologicka-a-obranna-firma","status":"publish","type":"post","link":"https:\/\/www.europesays.com\/cz\/200984\/","title":{"rendered":"\u017dh\u00e1\u0159sk\u00fd \u00fatok v\u00a0Mnichov\u011b: Ho\u0159ela technologick\u00e1 a\u00a0obrann\u00e1 firma"},"content":{"rendered":"<p class=\"c_bB\">Incident se odehr\u00e1l kolem p\u016flnoci, informuje den\u00edk <a data-dot=\"atm-link\" target=\"_blank\" rel=\"noopener nofollow\" href=\"https:\/\/www.bild.de\/regional\/bayern\/brandattacke-auf-deutschen-ruestungskonzern-zwei-festnahmen-6a9914fbf4aff45fc7b3428f#fromWall\" class=\"c_I\">Bild<\/a>. Sv\u011bdek policii nahl\u00e1sil, \u017ee na staveni\u0161t\u011b n\u011bkdo z\u00a0auta hodil dv\u011b z\u00e1paln\u00e9 n\u00e1lo\u017ee. Jedna vzpl\u00e1la pobl\u00ed\u017e stavebn\u00edch kontejner\u016f. Zp\u016fsoben\u00fd po\u017e\u00e1r uhasila policejn\u00ed hl\u00eddka, kter\u00e1 na m\u00edsto dorazila. <\/p>\n<p class=\"c_bB\">Spole\u010dnost, na jej\u00ed\u017e s\u00eddlo \u017eh\u00e1\u0159i za\u00fato\u010dili, vyr\u00e1b\u00ed zabezpe\u010den\u00e9 komunika\u010dn\u00ed syst\u00e9my, kter\u00e9 dod\u00e1v\u00e1 n\u011bmeck\u00fdm ozbrojen\u00fdm sil\u00e1m. Policie kr\u00e1tce po \u00fatoku na nedalek\u00e9 benz\u00ednov\u00e9 stanici zadr\u017eela dvojici podez\u0159el\u00fdch.<\/p>\n<p class=\"c_bB\">Podle medi\u00e1ln\u00edch informac\u00ed by se m\u011blo jednat o\u00a0osmadvacetiletou \u017eenu a\u00a0o deset let star\u0161\u00edho mu\u017ee. Oba jsou bulharsk\u00e9 n\u00e1rodnosti. P\u0159esn\u00fd motiv zlo\u010dinu z\u016fst\u00e1v\u00e1 nejasn\u00fd, ale podle vy\u0161et\u0159ovatel\u016f by mohl m\u00edt politick\u00e9 pozad\u00ed.<\/p>\n<p class=\"c_bB\">\u017dh\u00e1\u0159sk\u00fd \u00fatok v\u00a0Mnichov\u011b se odehr\u00e1l p\u00e1r hodin po sabot\u00e1\u017e\u00edch na n\u011bmeck\u00e9 elektrick\u00e9 s\u00edti. V\u00a0rozvodn\u011b na Braniborsku se ve st\u0159edu na\u0161lo dvacet podom\u00e1cku vyroben\u00fdch v\u00fdbu\u0161n\u00fdch za\u0159\u00edzen\u00ed, kter\u00e1 m\u011bla do veden\u00ed vysok\u00e9ho nap\u011bt\u00ed vyst\u0159elit m\u011bd\u011bn\u00e9 dr\u00e1ty, \u010d\u00edm\u017e m\u011bla zp\u016fsobit zkrat. <\/p>\n<p class=\"c_bB\">Dal\u0161\u00ed podobn\u00fd incident byl zaznamen\u00e1n v\u00a0rozvodn\u011b pobl\u00ed\u017e Bergheimu u\u00a0Kol\u00edna nad R\u00fdnem. M\u00edstn\u00ed nahl\u00e1sili, \u017ee v\u00a0n\u00ed vid\u011bli z\u00e1blesky sv\u011btla a\u00a0sly\u0161eli v\u00fdbuchy. Oba incidenty jsou vy\u0161et\u0159ov\u00e1ny pro podez\u0159en\u00ed z\u00a0teroristick\u00e9ho \u00fatoku. <\/p>\n<p class=\"c_bB\">N\u011bmeck\u00e1 vl\u00e1da rovn\u011b\u017e v\u00a0pond\u011bl\u00ed informovala, \u017ee za srpnov\u00fdm dronov\u00fdm \u00fatokem na leti\u0161ti v\u00a0Lipsku st\u00e1l Kreml. Toto ozn\u00e1men\u00ed vedlo k\u00a0eskalaci nap\u011bt\u00ed mezi ob\u011bma st\u00e1ty, p\u0159i\u010dem\u017e rusk\u00e9 veden\u00ed hroz\u00ed odvetou za jak\u00e9koliv n\u011bmeck\u00e9 protiopat\u0159en\u00ed. <\/p>\n<p><a data-dot=\"atm-link\" target=\"_self\" href=\"https:\/\/www.novinky.cz\/clanek\/zahranicni-solovjov-vyzyva-k-obnoveni-ndr-40595729\" class=\"c_I\" rel=\"nofollow noopener\"><img fetchpriority=\"high\" height=\"666\" width=\"1184\" src=\"https:\/\/www.europesays.com\/cz\/wp-content\/uploads\/2026\/09\/1788421029_77_solovjov-vladimir.jpeg\" loading=\"eager\" decoding=\"sync\" class=\"c_t c_r\"\/><\/a><\/p>\n","protected":false},"excerpt":{"rendered":"Incident se odehr\u00e1l kolem p\u016flnoci, informuje den\u00edk Bild. Sv\u011bdek policii nahl\u00e1sil, \u017ee na staveni\u0161t\u011b n\u011bkdo z\u00a0auta hodil dv\u011b&hellip;\n","protected":false},"author":2,"featured_media":200985,"comment_status":"","ping_status":"","sticky":false,"template":"","format":"standard","meta":{"footnotes":"","_share_on_mastodon":"0"},"categories":[10],"tags":[15295,152,17,21,9945,13390,111,375,16,325,61,4109,18,19,22,10327,20],"class_list":["post-200984","post","type-post","status-publish","format-standard","has-post-thumbnail","category-zpravy","tag-braniborsko","tag-bulharsko","tag-headlines","tag-hlavni-udalosti","tag-kolin-nad-rynem","tag-lipsko","tag-mnichov","tag-nemecko","tag-news","tag-policie","tag-rusko","tag-terorismus","tag-top-news","tag-top-stories","tag-udalosti-dne","tag-zharstvi","tag-zpravy"],"share_on_mastodon":{"url":"https:\/\/pubeurope.com\/@cz\/117205968453739810","error":""},"_links":{"self":[{"href":"https:\/\/www.europesays.com\/cz\/wp-json\/wp\/v2\/posts\/200984","targetHints":{"allow":["GET"]}}],"collection":[{"href":"https:\/\/www.europesays.com\/cz\/wp-json\/wp\/v2\/posts"}],"about":[{"href":"https:\/\/www.europesays.com\/cz\/wp-json\/wp\/v2\/types\/post"}],"author":[{"embeddable":true,"href":"https:\/\/www.europesays.com\/cz\/wp-json\/wp\/v2\/users\/2"}],"replies":[{"embeddable":true,"href":"https:\/\/www.europesays.com\/cz\/wp-json\/wp\/v2\/comments?post=200984"}],"version-history":[{"count":0,"href":"https:\/\/www.europesays.com\/cz\/wp-json\/wp\/v2\/posts\/200984\/revisions"}],"wp:featuredmedia":[{"embeddable":true,"href":"https:\/\/www.europesays.com\/cz\/wp-json\/wp\/v2\/media\/200985"}],"wp:attachment":[{"href":"https:\/\/www.europesays.com\/cz\/wp-json\/wp\/v2\/media?parent=200984"}],"wp:term":[{"taxonomy":"category","embeddable":true,"href":"https:\/\/www.europesays.com\/cz\/wp-json\/wp\/v2\/categories?post=200984"},{"taxonomy":"post_tag","embeddable":true,"href":"https:\/\/www.europesays.com\/cz\/wp-json\/wp\/v2\/tags?post=200984"}],"curies":[{"name":"wp","href":"https:\/\/api.w.org\/{rel}","templated":true}]}}