{"id":200986,"date":"2026-09-03T07:39:07","date_gmt":"2026-09-03T07:39:07","guid":{"rendered":"https:\/\/www.europesays.com\/cz\/200986\/"},"modified":"2026-09-03T07:39:07","modified_gmt":"2026-09-03T07:39:07","slug":"sberne-dvory-budou-dostupnejsi-rozsiri-se-sobotni-oteviraci-doba-a-pribudou-reuse-pointy","status":"publish","type":"post","link":"https:\/\/www.europesays.com\/cz\/200986\/","title":{"rendered":"Sb\u011brn\u00e9 dvory budou dostupn\u011bj\u0161\u00ed. Roz\u0161\u00ed\u0159\u00ed se sobotn\u00ed otev\u00edrac\u00ed doba a p\u0159ibudou Reuse pointy"},"content":{"rendered":"<p>              P\u0159edchoz\u00ed \u010dl\u00e1nky<\/p>\n<p>                  <a href=\" https:\/\/www.nasepraha.cz\/festival-volneho-casu-v-praze-13-nabidne-sport-zabavu-i-inspiraci\/\" class=\"article__next_and_prev__link\">Festival voln\u00e9ho \u010dasu v Praze 13 nab\u00eddne sport, z\u00e1bavu i inspiraci<\/a><\/p>\n<p class=\"article__next_and_prev__desc\">Praha 13 op\u011bt o\u017eije Festivalem voln\u00e9ho \u010dasu. Obl\u00edben\u00e1 akce nab\u00eddne d\u011btem, rodi\u010d\u016fm i senior\u016fm mo\u017enost poznat pestrou nab\u00eddku sportovn\u00edch, kulturn\u00edch, volno\u010dasov\u00fdch a z\u00e1jmov\u00fdch aktivit, kter\u00fdm se mohou &#8230;<\/p>\n<p>                  <a href=\" https:\/\/www.nasepraha.cz\/jiri-fort-21-srpen-patri-pamatce-okupace-proc-se-prave-dnes-na-praze-7-slavi-ukrajina\/\" class=\"article__next_and_prev__link\">Ji\u0159\u00ed Fo\u0159t: 21. srpen pat\u0159\u00ed pam\u00e1tce okupace. Pro\u010d se pr\u00e1v\u011b dnes na Praze 7 slav\u00ed Ukrajina?<\/a><\/p>\n<p class=\"article__next_and_prev__desc\">21. srpen 1968. Jeden z nejtemn\u011bj\u0161\u00edch dn\u016f na\u0161ich novodob\u00fdch d\u011bjin. Do \u010ceskoslovenska vtrhla vojska Var\u0161avsk\u00e9 smlouvy veden\u00e1 Sov\u011btsk\u00fdm svazem. P\u0159i\u0161la okupace, strach, ztr\u00e1ta svobody a tak\u00e9 ob\u011bti. Na te&#8230;<\/p>\n<p>                  <a href=\" https:\/\/www.nasepraha.cz\/miss-czech-republic-lucie-piskova-z-atletickeho-ovalu-na-trun-krasy\/\" class=\"article__next_and_prev__link\">Miss Czech Republic Lucie Piskov\u00e1: Z atletick\u00e9ho ov\u00e1lu na tr\u016fn kr\u00e1sy<\/a><\/p>\n<p class=\"article__next_and_prev__desc\">Je j\u00ed dvaadvacet let, je \u00fa\u0159aduj\u00edc\u00ed Miss Czech Republic 2026 a zvl\u00e1d\u00e1 studium, pr\u00e1ci i des\u00edtky spole\u010densk\u00fdch akc\u00ed. B\u00fdval\u00e1 republikov\u00e1 \u0161ampionka ve skoku do d\u00e1lky Lucie Piskov\u00e1 prozrazuje, pro\u010d vym\u011bnila&#8230;<\/p>\n<p>                  <a href=\" https:\/\/www.nasepraha.cz\/jan-cizek-rekonstrukce-jiriho-z-podebrad-je-nevyuzita-prilezitost\/\" class=\"article__next_and_prev__link\">Jan \u010c\u00ed\u017eek: Rekonstrukce Ji\u0159\u00edho z Pod\u011bbrad je nevyu\u017eit\u00e1 p\u0159\u00edle\u017eitost<\/a><\/p>\n<p class=\"article__next_and_prev__desc\">\u010cekali jsme toho na n\u00e1m\u011bst\u00ed Ji\u0159\u00edho z Pod\u011bbrad hodn\u011b. Podzemn\u00ed parkovi\u0161t\u011b, nov\u00e9 funk\u010dnosti spole\u010densk\u00e9ho vyu\u017eit\u00ed, estetiku, modernost. Rozpo\u010det tomu napov\u00eddal. Bez p\u00e1r korun p\u016fl miliardy. Slovy \u010d\u00edsel 4&#8230;<\/p>\n<p>                  <a href=\" https:\/\/www.nasepraha.cz\/tipy-na-konec-leta-kam-se-vydat-za-pivem-i-vinem\/\" class=\"article__next_and_prev__link\">Tipy na konec l\u00e9ta: kam se vydat za pivem i v\u00ednem<\/a><\/p>\n<p class=\"article__next_and_prev__desc\">M\u00e1te r\u00e1di horsk\u00e9 klima, nebo si vrn\u00edte blahem p\u0159i vy\u0161\u0161\u00edch teplot\u00e1ch? A\u0165 u\u017e zvol\u00edte tu \u010di onu variantu, m\u00e1me pro v\u00e1s zaj\u00edmav\u00e9 tipy, kde m\u016f\u017eete str\u00e1vit konec leto\u0161n\u00edch pr\u00e1zdnin.<\/p>\n<p>                  <a href=\" https:\/\/www.nasepraha.cz\/starosta-prahy-5-lukas-herold-smichov-city-zmeni-cele-uzemi-na-desitky-let-dopredu\/\" class=\"article__next_and_prev__link\">Starosta Prahy 5 Luk\u00e1\u0161 Herold: Sm\u00edchov City zm\u011bn\u00ed cel\u00e9 \u00fazem\u00ed na des\u00edtky let dop\u0159edu<\/a><\/p>\n<p class=\"article__next_and_prev__desc\">Starosta p\u00e1t\u00e9 pra\u017esk\u00e9 \u010d\u00e1sti Luk\u00e1\u0161 Herold (ODS) mluv\u00ed o tom, pro\u010d je Sm\u00edchov City kl\u00ed\u010dov\u00fdm projektem pro budoucnost cel\u00e9 m\u011bstsk\u00e9 \u010d\u00e1sti, jak se m\u011bn\u00ed bezpe\u010dnost kolem Sm\u00edchovsk\u00e9ho n\u00e1dra\u017e\u00ed, co p\u0159inese nov&#8230;<\/p>\n<p>                  <a href=\" https:\/\/www.nasepraha.cz\/praha-2-prispeje-rodinam-az-4-000-kc-na-skolu-i-krouzky\/\" class=\"article__next_and_prev__link\">Praha 2 p\u0159isp\u011bje rodin\u00e1m a\u017e 4 000 K\u010d na \u0161kolu i krou\u017eky<\/a><\/p>\n<p class=\"article__next_and_prev__desc\">S bl\u00ed\u017e\u00edc\u00edm se za\u010d\u00e1tkem \u0161koln\u00edho roku p\u0159ich\u00e1z\u00ed Praha 2 s konkr\u00e9tn\u00ed pomoc\u00ed pro rodiny, kter\u00e9 to pot\u0159ebuj\u00ed. Prost\u0159ednictv\u00edm nada\u010dn\u00edho fondu Dvojka srdcem, kter\u00fd m\u011bstsk\u00e1 \u010d\u00e1st \u00fasp\u011b\u0161n\u011b provozuje ji\u017e osm let&#8230;<\/p>\n<p>                  <a href=\" https:\/\/www.nasepraha.cz\/petr-lachnit-evropska-identita-drahy-parfem-na-stare-jizvy\/\" class=\"article__next_and_prev__link\">Petr Lachnit: Evropsk\u00e1 identita: drah\u00fd parf\u00e9m na star\u00e9 jizvy<\/a><\/p>\n<p class=\"article__next_and_prev__desc\">Evropsk\u00e9 hodnoty jsou n\u011bco jako rodinn\u00e9 st\u0159\u00edbro, kter\u00e9 se d\u011bd\u00ed z generace na generaci \u2013 jen\u017ee kdy\u017e se ta sk\u0159\u00ed\u0148 kone\u010dn\u011b otev\u0159e, zjist\u00edme, \u017ee uvnit\u0159 le\u017e\u00ed jen zapr\u00e1\u0161en\u00e1 krabice od bot. Ale v\u0161ichni se tv\u00e1&#8230;<\/p>\n<p>                  <a href=\" https:\/\/www.nasepraha.cz\/street-art-fest-potreti-ovladne-gutovku\/\" class=\"article__next_and_prev__link\">Street Art Fest pot\u0159et\u00ed ovl\u00e1dne Gutovku<\/a><\/p>\n<p class=\"article__next_and_prev__desc\">Are\u00e1l Gutovka bude v ned\u011bli 30. srpna pat\u0159it pouli\u010dn\u00edm sport\u016fm, hudb\u011b, tanci a um\u011bn\u00ed. Od 11.00 do 19.00 hodin se zde uskute\u010dn\u00ed t\u0159et\u00ed ro\u010dn\u00edk multi\u017e\u00e1nrov\u00e9ho festivalu Street Art Fest. Program je zam\u011b\u0159en&#8230;<\/p>\n<p>                  <a href=\" https:\/\/www.nasepraha.cz\/vyhrajte-vstupenky-na-vase-posledni-predstaveni\/\" class=\"article__next_and_prev__link\">Vyhrajte vstupenky na va\u0161e posledn\u00ed p\u0159edstaven\u00ed\u2026<\/a><\/p>\n<p class=\"article__next_and_prev__desc\">D\u00e1my a p\u00e1nov\u00e9, zb\u00fdv\u00e1 n\u00e1m hodina \u017eivota. K Zemi se toti\u017e \u0159\u00edt\u00ed asteroid o velikosti Brna. I tak mal\u00fd a bezv\u00fdznamn\u00fd k\u00e1men ale podle v\u011bdc\u016f zni\u010d\u00ed v\u0161e, co na planet\u011b Zemi \u017eije. Krom\u011b \u017eelvu\u0161ek.* Na posledn\u00ed &#8230;<\/p>\n<p>                  <a href=\" https:\/\/www.nasepraha.cz\/politici-potili-trika-tempo-bude-jeste-rychlejsi-slibuje-portlik\/\" class=\"article__next_and_prev__link\">Politici potili trika. \u201eTempo bude je\u0161t\u011b rychlej\u0161\u00ed!\u201c slibuje Portl\u00edk<\/a><\/p>\n<p class=\"article__next_and_prev__desc\">Koalice SPOLU pro Prahu uspo\u0159\u00e1dala ve Sportovn\u00edm centru Bran\u00edk sportovn\u00ed den. T\u00fdmy slo\u017een\u00e9 z kandid\u00e1t\u016f, \u010dlen\u016f i podporovatel\u016f se utkaly ve volejbalu a nohejbalu o Poh\u00e1r SPOLU pro Prahu. <\/p>\n<p>                  <a href=\" https:\/\/www.nasepraha.cz\/poradek-v-nuslich-a-michli-pomaha-hlidat-bezpecnostni-agentura\/\" class=\"article__next_and_prev__link\">Po\u0159\u00e1dek v Nusl\u00edch a Michli pom\u00e1h\u00e1 hl\u00eddat bezpe\u010dnostn\u00ed agentura<\/a><\/p>\n<p class=\"article__next_and_prev__desc\">M\u011bstsk\u00e1 \u010d\u00e1st Praha 4 zajistila na vlastn\u00ed n\u00e1klady bezpe\u010dnostn\u00ed agenturu, kter\u00e1 pom\u016f\u017ee policii a str\u00e1\u017en\u00edk\u016fm dohl\u00ed\u017eet na ve\u0159ejn\u00fd po\u0159\u00e1dek. D\u016fvodem je p\u0159es l\u00e9to se zvy\u0161uj\u00edc\u00ed po\u010det lid\u00ed bez domova a z\u00e1visl&#8230;<\/p>\n<p>                  <a href=\" https:\/\/www.nasepraha.cz\/nejvetsim-saboterem-sexu-neni-nedostatek-touhy\/\" class=\"article__next_and_prev__link\">Nejv\u011bt\u0161\u00edm sabot\u00e9rem sexu nen\u00ed nedostatek touhy<\/a><\/p>\n<p class=\"article__next_and_prev__desc\">Nejde o nev\u011bru, rozd\u00edln\u00e9 libido ani nedostatek p\u0159ita\u017elivosti. Nejv\u011bt\u0161\u00edm sabot\u00e9rem sexu je nejasn\u00e1 komunikace p\u0159i jeho iniciov\u00e1n\u00ed \u2013 partne\u0159i si jednodu\u0161e neum\u011bj\u00ed \u0159\u00edct, \u017ee po sob\u011b tou\u017e\u00ed. <\/p>\n<p>                  <a href=\" https:\/\/www.nasepraha.cz\/hudba-tanec-a-chute-z-celeho-sveta-opet-rozzari-podvini\/\" class=\"article__next_and_prev__link\">Hudba, tanec a chut\u011b z cel\u00e9ho sv\u011bta op\u011bt rozz\u00e1\u0159\u00ed Podvin\u00ed<\/a><\/p>\n<p class=\"article__next_and_prev__desc\">V sobotu 29. srpna se Park Podvin\u00ed v Praze 9 op\u011bt prom\u011bn\u00ed v m\u00edsto setk\u00e1v\u00e1n\u00ed kultur z cel\u00e9ho sv\u011bta. Od 12.00 do 21.00 h. nab\u00eddne 22. ro\u010dn\u00edk festivalu Barevn\u00e1 dev\u00edtka pestr\u00fd program pln\u00fd mezin\u00e1rodn\u00ed hud&#8230;<\/p>\n<p>                  <a href=\" https:\/\/www.nasepraha.cz\/policiste-patraji-po-agresivnim-boxerovi\/\" class=\"article__next_and_prev__link\">Policist\u00e9 p\u00e1traj\u00ed po agresivn\u00edm \u201eboxerovi\u201c<\/a><\/p>\n<p class=\"article__next_and_prev__desc\">K napaden\u00ed do\u0161lo 18. \u010dervence kr\u00e1tce po p\u016flnoci v Letensk\u00fdch sadech vedle kyvadla. Nezn\u00e1m\u00fd mu\u017e tam po p\u0159edchoz\u00ed slovn\u00ed rozep\u0159i ude\u0159il po\u0161kozen\u00e9ho p\u011bst\u00ed do obli\u010deje tak siln\u011b, \u017ee upadl a ude\u0159il se hlav&#8230;<\/p>\n<p>                  <a href=\" https:\/\/www.nasepraha.cz\/570-milionu-za-strasnickou-promenadu-zlodejina-certi-se-obyvatele-prahy-10\/\" class=\"article__next_and_prev__link\">570 milion\u016f za Stra\u0161nickou promen\u00e1du? Zlod\u011bjina, \u010dert\u00ed se obyvatel\u00e9 Prahy 10<\/a><\/p>\n<p class=\"article__next_and_prev__desc\">Vr\u0161ovick\u00e1 dr\u00e1\u017en\u00ed promen\u00e1da m\u00e1 vybran\u00e9 projektanty. Za projektovou p\u0159\u00edpravu zaplat\u00ed Praha t\u00e9m\u011b\u0159 71 milion\u016f korun, n\u00e1klady na samotnou stavbu se podle sou\u010dasn\u00fdch odhad\u016f mohou pohybovat mezi 300 a 500 mi&#8230;<\/p>\n<p>                  <a href=\" https:\/\/www.nasepraha.cz\/david-vodrazka-proc-je-dulezite-aby-mestska-cast-mela-jasnou-identitu\/\" class=\"article__next_and_prev__link\">David Vodr\u00e1\u017eka: Pro\u010d je d\u016fle\u017eit\u00e9, aby m\u011bstsk\u00e1 \u010d\u00e1st m\u011bla jasnou identitu<\/a><\/p>\n<p class=\"article__next_and_prev__desc\">Pro m\u011b m\u00e1 ka\u017ed\u00e1 m\u011bstsk\u00e1 \u010d\u00e1st sv\u016fj vlastn\u00ed p\u0159\u00edb\u011bh. N\u011bkter\u00e9 se vyv\u00edjely stovky let, jin\u00e9 vznikaly postupn\u011b a organicky. A pak je tu Praha 13 \u2014 m\u00edsto, kter\u00e9 se b\u011bhem n\u011bkolika m\u00e1lo let prom\u011bnilo z mal\u00fdch &#8230;<\/p>\n<p>                  <a href=\" https:\/\/www.nasepraha.cz\/vitezslav-novak-ironmanem-v-52-letech-a-ted-kandidatem-na-starostu\/\" class=\"article__next_and_prev__link\">V\u00edt\u011bzslav Nov\u00e1k: IronManem v 52 letech. A te\u010f kandid\u00e1tem na starostu<\/a><\/p>\n<p class=\"article__next_and_prev__desc\">Je\u0161t\u011b p\u0159ed p\u00e1r lety by m\u011b nenapadlo, \u017ee jednou usly\u0161\u00edm v c\u00edli slavnou v\u011btu: \u201eYou are an Ironman!\u201c Letos v srpnu se to ve \u0161v\u00e9dsk\u00e9m Kalmaru opravdu stalo. Ironman nen\u00ed \u00fapln\u011b kr\u00e1tk\u00fd v\u00fdlet. \u010cek\u00e1 v\u00e1s 3,8 k&#8230;<\/p>\n<p>                  <a href=\" https:\/\/www.nasepraha.cz\/tretina-lidi-hlavne-zen-lituje-vyberu-sveho-partnera\/\" class=\"article__next_and_prev__link\">T\u0159etina lid\u00ed, hlavn\u011b \u017een, lituje v\u00fdb\u011bru sv\u00e9ho partnera<\/a><\/p>\n<p class=\"article__next_and_prev__desc\">Nov\u00fd americk\u00fd pr\u016fzkum mezi v\u00edce ne\u017e 4 000 p\u00e1ry odhalil p\u0159ekvapiv\u00e9 zji\u0161t\u011bn\u00ed: ka\u017ed\u00fd t\u0159et\u00ed \u010dlov\u011bk m\u00e1 pocit, \u017ee p\u0159i v\u00fdb\u011bru partnera slevil ze sv\u00fdch n\u00e1rok\u016f. V\u00fdrazn\u011bj\u0161\u00ed pochyby maj\u00ed \u017eeny, z nich\u017e v\u00edce ne\u017e t&#8230;<\/p>\n<p>                  <a href=\" https:\/\/www.nasepraha.cz\/praha-konci-doprava-ne-certousy-mohou-byt-klicem-k-doprave-na-vychode-metropole\/\" class=\"article__next_and_prev__link\">Praha kon\u010d\u00ed, doprava ne. \u010certousy mohou b\u00fdt kl\u00ed\u010dem k doprav\u011b na v\u00fdchod\u011b metropole<\/a><\/p>\n<p class=\"article__next_and_prev__desc\">Ka\u017ed\u00e9 r\u00e1no m\u00ed\u0159\u00ed do Prahy tis\u00edce lid\u00ed ze St\u0159edo\u010desk\u00e9ho kraje a velk\u00e1 \u010d\u00e1st z nich p\u0159ij\u00ed\u017ed\u00ed autem. Horn\u00ed Po\u010dernice jsou jedn\u00edm z m\u00edst, p\u0159es kter\u00e1 tato doprava do metropole p\u0159irozen\u011b vstupuje. V\u00fdsledkem j&#8230;<\/p>\n<p>                  <a href=\" https:\/\/www.nasepraha.cz\/kostnicke-namesti-ozivi-pocta-ceske-krajce\/\" class=\"article__next_and_prev__link\">Kostnick\u00e9 n\u00e1m\u011bst\u00ed o\u017eiv\u00ed pocta \u010desk\u00e9 krajce<\/a><\/p>\n<p class=\"article__next_and_prev__desc\">Na Kostnick\u00e9m n\u00e1m\u011bst\u00ed v Praze 3 vznik\u00e1 v r\u00e1mci leto\u0161n\u00edho ro\u010dn\u00edku Mezin\u00e1rodn\u00edho mural artov\u00e9ho festivalu Urban Pictus nov\u00fd mural polsk\u00e9 um\u011blkyn\u011b NeSpoon, kter\u00e1 ve sv\u00e9 tvorb\u011b propojuje tradi\u010dn\u00ed krajk\u00e1\u0159s&#8230;<\/p>\n<p>                  <a href=\" https:\/\/www.nasepraha.cz\/strasnice-na-hrane-jeden-z-mistnich-byl-napaden-a-musel-vystrelit-na-varovani-uz-se-bojime-vyjit-za-branku-rikaji-mistni\/\" class=\"article__next_and_prev__link\">Stra\u0161nice na hran\u011b: Jeden z m\u00edstn\u00edch byl napaden a musel vyst\u0159elit na varov\u00e1n\u00ed. \u201eU\u017e se boj\u00edme vyj\u00edt za branku,\u201c \u0159\u00edkaj\u00ed m\u00edstn\u00ed<\/a><\/p>\n<p class=\"article__next_and_prev__desc\">Bezpe\u010dnostn\u00ed situace v \u010d\u00e1sti Stra\u0161nic se podle m\u00edstn\u00edch d\u00e1l vyost\u0159uje. Po s\u00e9rii vloup\u00e1n\u00ed, kv\u016fli nim\u017e obyvatel\u00e9 zavedli vlastn\u00ed no\u010dn\u00ed hl\u00eddky a do ulic povolali profesion\u00e1ln\u00ed bezpe\u010dnostn\u00ed agenturu, nyn\u00ed&#8230;<\/p>\n<p>                  <a href=\" https:\/\/www.nasepraha.cz\/vzkaz-portlika-vlade-novou-nemocnici-chci-v-letnanech\/\" class=\"article__next_and_prev__link\">Vzkaz Portl\u00edka vl\u00e1d\u011b: Novou nemocnici chci v Let\u0148anech<\/a><\/p>\n<p class=\"article__next_and_prev__desc\">Praha pot\u0159ebuje novou nemocnici. Ot\u00e1zkou ale z\u016fst\u00e1v\u00e1, kde by m\u011bla st\u00e1t. Zat\u00edmco vl\u00e1da nyn\u00ed uva\u017euje o are\u00e1lu Fakultn\u00ed nemocnice Kr\u00e1lovsk\u00e9 Vinohrady, kandid\u00e1t na pra\u017esk\u00e9ho prim\u00e1tora Tom\u00e1\u0161 Portl\u00edk trv\u00e1 n&#8230;<\/p>\n<p>                  <a href=\" https:\/\/www.nasepraha.cz\/westfield-cerny-most-zve-na-vikend-back-to-school-pro-celou-rodinu\/\" class=\"article__next_and_prev__link\">Westfield \u010cern\u00fd Most zve na v\u00edkend Back to School pro celou rodinu<\/a><\/p>\n<p class=\"article__next_and_prev__desc\">Posledn\u00ed pr\u00e1zdninov\u00fd v\u00edkend bude ve Westfield \u010cern\u00fd Most pat\u0159it cel\u00e9 rodin\u011b, sportovc\u016fm i v\u0161em, kte\u0159\u00ed cht\u011bj\u00ed nahl\u00e9dnout do pr\u00e1ce Celn\u00ed spr\u00e1vy \u010cesk\u00e9 republiky. V sobotu 29. srpna nab\u00eddne centrum hned n&#8230;<\/p>\n<p>                  <a href=\" https:\/\/www.nasepraha.cz\/praha-10-porada-rodinne-odpoledne-na-gutovce\/\" class=\"article__next_and_prev__link\">Praha 10 po\u0159\u00e1d\u00e1 rodinn\u00e9 odpoledne na Gutovce<\/a><\/p>\n<p class=\"article__next_and_prev__desc\">M\u011bstsk\u00e1 \u010d\u00e1st Praha 10 p\u0159ipravila na prvn\u00ed \u0161koln\u00ed den rodinn\u00e9 odpoledne, kter\u00e9 d\u011btem i rodi\u010d\u016fm zp\u0159\u00edjemn\u00ed n\u00e1vrat do \u0161kol a \u0161kolek. Akce Zah\u00e1jen\u00ed \u0161koln\u00edho roku na Des\u00edtce se uskute\u010dn\u00ed v \u00fater\u00fd 1. z\u00e1\u0159\u00ed od &#8230;<\/p>\n<p>                  <a href=\" https:\/\/www.nasepraha.cz\/michelsky-kostel-ma-300-let-prijdte-ho-prozkoumat\/\" class=\"article__next_and_prev__link\">Michelsk\u00fd kostel m\u00e1 300 let. P\u0159ij\u010fte ho prozkoumat<\/a><\/p>\n<p class=\"article__next_and_prev__desc\">V\u00edte, kde stoj\u00ed michelsk\u00fd kostel? Mo\u017en\u00e1 to v\u00edte, mo\u017en\u00e1 ne. Najdete ho v Baarov\u011b ulici za BB Centrem Brumlovka. Vedle jeho nov\u00fdch budov je sice mal\u00fd, ale t\u00edm sp\u00ed\u0161 ka\u017ed\u00e9ho mile p\u0159ekvap\u00ed, a nav\u00edc letos o&#8230;<\/p>\n<p>                  <a href=\" https:\/\/www.nasepraha.cz\/drza-kradez-motocyklu-za-bileho-dne-policiste-hledaji-zlodeje-i-stroj\/\" class=\"article__next_and_prev__link\">Drz\u00e1 kr\u00e1de\u017e motocyklu za b\u00edl\u00e9ho dne. Policist\u00e9 hledaj\u00ed zlod\u011bje i stroj<\/a><\/p>\n<p class=\"article__next_and_prev__desc\">Ke kr\u00e1de\u017ei do\u0161lo v polovin\u011b \u010dervence kr\u00e1tce p\u0159ed jeden\u00e1ctou hodinou dopoledne v ulici Tibetsk\u00e1 v Praze 6. Nezn\u00e1m\u00fd mu\u017e prozat\u00edm nezji\u0161t\u011bn\u00fdm zp\u016fsobem odcizil zaparkovan\u00fd motocykl a odjel na n\u011bm ulic\u00ed Ev&#8230;<\/p>\n<p>                  <a href=\" https:\/\/www.nasepraha.cz\/nadace-anezka-rozsiruje-pomoc-rodinam-deti-s-handicapem-spousti-bezplatnou-odbornou-poradnu-pro-rodice\/\" class=\"article__next_and_prev__link\">Nadace Ane\u017eka roz\u0161i\u0159uje pomoc rodin\u00e1m d\u011bt\u00ed s handicapem. Spou\u0161t\u00ed bezplatnou odbornou poradnu pro rodi\u010de<\/a><\/p>\n<p class=\"article__next_and_prev__desc\">P\u00e9\u010de o d\u00edt\u011b se zdravotn\u00edm handicapem zdaleka nekon\u010d\u00ed u rehabilitace. Rodiny se \u010dasto mus\u00ed vyrovn\u00e1vat s psychickou z\u00e1t\u011b\u017e\u00ed a z\u00e1rove\u0148 hledat cestu slo\u017eit\u00fdm syst\u00e9mem zdravotn\u00ed a soci\u00e1ln\u00ed p\u00e9\u010de. Nadace Ane\u017e&#8230;<\/p>\n<p>                  <a href=\" https:\/\/www.nasepraha.cz\/soutez-kazdy-muze-byt-umelcem-zna-viteze-a-pripravuje-vystavu\/\" class=\"article__next_and_prev__link\">Sout\u011b\u017e Ka\u017ed\u00fd m\u016f\u017ee b\u00fdt um\u011blcem zn\u00e1 v\u00edt\u011bze a p\u0159ipravuje v\u00fdstavu<\/a><\/p>\n<p class=\"article__next_and_prev__desc\">V\u00fdstava obraz\u016f v\u00fdtvarn\u00e9 sout\u011b\u017ee lid\u00ed s ment\u00e1ln\u00edm posti\u017een\u00edm Ka\u017ed\u00fd m\u016f\u017ee b\u00fdt um\u011blcem se bude konat 15\u201325. z\u00e1\u0159\u00ed op\u011bt v pra\u017esk\u00e9m Museu Kampa a nab\u00eddne 111 nejzaj\u00edmav\u011bj\u0161\u00edch d\u011bl.<\/p>\n<p>                  <a href=\" https:\/\/www.nasepraha.cz\/kde-a-kdy-nepotece-pristi-tyden-voda\/\" class=\"article__next_and_prev__link\">Kde a kdy nepote\u010de p\u0159\u00ed\u0161t\u00ed t\u00fdden voda?<\/a><\/p>\n<p class=\"article__next_and_prev__desc\">Z d\u016fvodu pl\u00e1novan\u00fdch oprav na n\u011bkter\u00fdch pra\u017esk\u00fdch adres\u00e1ch nepote\u010de n\u011bkolik hodin pitn\u00e1 voda.<\/p>\n<p>                  <a href=\" https:\/\/www.nasepraha.cz\/sportxperience-predstavi-sportovni-moznosti-na-desitce\/\" class=\"article__next_and_prev__link\">SportXperience p\u0159edstav\u00ed sportovn\u00ed mo\u017enosti na Des\u00edtce<\/a><\/p>\n<p class=\"article__next_and_prev__desc\">Male\u0161ick\u00fd park bude v ned\u011bli 6. z\u00e1\u0159\u00ed pat\u0159it sportu a pohybu. Praha 10 zde od 10.00 do 18.00 h. po\u0159\u00e1d\u00e1 t\u0159et\u00ed ro\u010dn\u00edk akce SportXperience: Najdi sv\u016fj t\u00fdm na Des\u00edtce. Na jednom m\u00edst\u011b se p\u0159edstav\u00ed p\u0159es 25 &#8230;<\/p>\n<p>                  <a href=\" https:\/\/www.nasepraha.cz\/petr-lachnit-stari-ktere-je-vic-cool-nez-dnesni-influenceri\/\" class=\"article__next_and_prev__link\">Petr Lachnit: St\u00e1\u0159\u00ed, kter\u00e9 je v\u00edc cool ne\u017e dne\u0161n\u00ed \u201einfluence\u0159i\u201c<\/a><\/p>\n<p class=\"article__next_and_prev__desc\">N\u011bkdy sta\u010d\u00ed proj\u00edt se m\u011bstem v podve\u010der. Sv\u011btla se rozsv\u011bcuj\u00ed, tramvaje zpomaluj\u00ed a lid\u00e9 se vracej\u00ed dom\u016f. V\u0161echno m\u00e1 najednou m\u011bk\u010d\u00ed obrysy. A mezi t\u011bmi, kdo kr\u00e1\u010dej\u00ed ulic\u00ed, jsou i lid\u00e9 v seniorsk\u00e9m v\u011bk&#8230;<\/p>\n<p>                  <a href=\" https:\/\/www.nasepraha.cz\/deti-mohou-v-podoli-objevit-kouzlo-olympijskeho-sportu\/\" class=\"article__next_and_prev__link\">D\u011bti mohou v Podol\u00ed objevit kouzlo olympijsk\u00e9ho sportu<\/a><\/p>\n<p class=\"article__next_and_prev__desc\">V\u00edtr, voda, dobrodru\u017estv\u00ed, nov\u00ed kamar\u00e1di a sport, kter\u00fd m\u016f\u017ee bavit celou rodinu. \u010cesk\u00fd Yacht Klub zve d\u011bti ve v\u011bku od 7 do 10 let, aby si p\u0159i\u0161ly vyzkou\u0161et jachting. N\u00e1borov\u00e9 dny se uskute\u010dn\u00ed ve st\u0159edu&#8230;<\/p>\n<p>                  <a href=\" https:\/\/www.nasepraha.cz\/v-malesicich-zmizi-budova-znama-z-filmu-i-televiznich-serialu\/\" class=\"article__next_and_prev__link\">V Male\u0161ic\u00edch zmiz\u00ed budova zn\u00e1m\u00e1 z film\u016f i televizn\u00edch seri\u00e1l\u016f<\/a><\/p>\n<p class=\"article__next_and_prev__desc\">V Male\u0161ic\u00edch pr\u00e1v\u011b za\u010d\u00edn\u00e1 demolice jedn\u00e9 z dominant zdej\u0161\u00ed pr\u016fmyslov\u00e9 z\u00f3ny. Budova, kter\u00e1 byla po des\u00edtky let sou\u010d\u00e1st\u00ed are\u00e1lu tisk\u00e1rny Svoboda Press a pozd\u011bji TTC Dataparku, v n\u00e1sleduj\u00edc\u00edch dnech defi&#8230;<\/p>\n<p>                  <a href=\" https:\/\/www.nasepraha.cz\/nova-skola-za-dva-roky-portlik-kdyz-to-zvladnou-mestske-casti-musi-zrychlit-i-praha\/\" class=\"article__next_and_prev__link\">Nov\u00e1 \u0161kola za dva roky. Portl\u00edk: Kdy\u017e to zvl\u00e1dnou m\u011bstsk\u00e9 \u010d\u00e1sti, mus\u00ed zrychlit i Praha<\/a><\/p>\n<p class=\"article__next_and_prev__desc\">Od z\u00edsk\u00e1n\u00ed pozemku po hotovou \u0161kolu neuplynuly ani dva roky. Praha 9 dokon\u010dila v Hrdlo\u0159ez\u00edch novou Z\u0160 Zelen\u00e9 M\u011bsto, kter\u00e1 u\u017e v nov\u00e9m \u0161koln\u00edm roce p\u0159iv\u00edt\u00e1 prvn\u00ed d\u011bti. Dal\u0161\u00ed \u0161koly vznikaj\u00ed nebo se p\u0159ipr&#8230;<\/p>\n<p>                  <a href=\" https:\/\/www.nasepraha.cz\/svoz-bioodpadu-prebraly-prazske-sluzby-pro-obcany-se-temer-nic-nezmenilo\/\" class=\"article__next_and_prev__link\">Svoz bioodpadu p\u0159ebraly Pra\u017esk\u00e9 slu\u017eby. Pro ob\u010dany se t\u00e9m\u011b\u0159 nic nezm\u011bnilo<\/a><\/p>\n<p class=\"article__next_and_prev__desc\">Od 1. srpna zaji\u0161\u0165uje svoz bioodpadu na cel\u00e9m \u00fazem\u00ed na\u0161eho hlavn\u00edho m\u011bsta spole\u010dnost Pra\u017esk\u00e9 slu\u017eby, a.s. Zm\u011bna se dotkla p\u0159edev\u0161\u00edm organizace svozu. Pro obyvatele v\u0161ak z\u016fstaly podm\u00ednky prakticky stej&#8230;<\/p>\n<p>                  <a href=\" https:\/\/www.nasepraha.cz\/prvnacci-dnes-dostanou-uzitecny-balicek\/\" class=\"article__next_and_prev__link\">Prv\u0148\u00e1\u010dci dnes dostanou u\u017eite\u010dn\u00fd bal\u00ed\u010dek<\/a><\/p>\n<p class=\"article__next_and_prev__desc\">Stejn\u011b jako v minul\u00fdch letech, tak i letos obdaruje hlavn\u00ed m\u011bsto v\u0161echny \u017e\u00e1ky prvn\u00edch t\u0159\u00edd z\u00e1kladn\u00edch \u0161kol v metropoli praktick\u00fdmi pot\u0159ebami k v\u00fduce. Bal\u00ed\u010dek bude dopln\u011bn tak\u00e9 o dal\u0161\u00ed drobn\u00e9 dary, kte&#8230;<\/p>\n<p>                  <a href=\" https:\/\/www.nasepraha.cz\/7-veci-ktere-musi-znat-prvnacek-nez-vyjde-z-domu\/\" class=\"article__next_and_prev__link\">7 v\u011bc\u00ed, kter\u00e9 mus\u00ed zn\u00e1t prv\u0148\u00e1\u010dek, ne\u017e vyjde z domu<\/a><\/p>\n<p class=\"article__next_and_prev__desc\">Rodi\u010de by m\u011bli bezpe\u010dnostn\u00ed pravidla s d\u011btmi opakovat pr\u016fb\u011b\u017en\u011b cel\u00fd rok a na za\u010d\u00e1tku \u0161koln\u00edho roku obzvl\u00e1\u0161\u0165. Kl\u00ed\u010dov\u00e1 je p\u0159\u00edprava t\u011bch nejmen\u0161\u00edch: prv\u0148\u00e1\u010dk\u016f a d\u011bt\u00ed, kter\u00e9 poprv\u00e9 vyraz\u00ed do \u0161koly samy. <\/p>\n<p>                  <a href=\" https:\/\/www.nasepraha.cz\/nova-kontejnerova-ucebna-v-zs-mladi-rozsiri-moznosti-vyuky\/\" class=\"article__next_and_prev__link\">Nov\u00e1 kontejnerov\u00e1 u\u010debna v Z\u0160 Ml\u00e1d\u00ed roz\u0161\u00ed\u0159\u00ed mo\u017enosti v\u00fduky<\/a><\/p>\n<p class=\"article__next_and_prev__desc\">Z\u00e1kladn\u00ed \u0161kola Ml\u00e1d\u00ed ve Stod\u016flk\u00e1ch m\u00e1 novou modern\u00ed kontejnerovou u\u010debnu, kter\u00e1 pom\u016f\u017ee \u0161kole reagovat na vysok\u00fd po\u010det \u017e\u00e1k\u016f a z\u00e1rove\u0148 nab\u00eddne nov\u00e9 mo\u017enosti pro pest\u0159ej\u0161\u00ed a efektivn\u011bj\u0161\u00ed v\u00fduku. U\u010debna je&#8230;<\/p>\n<p>                  <a href=\" https:\/\/www.nasepraha.cz\/drazni-promenada-pod-palbou-hlavni-architekt-tvrdi-je-predrazena-o-desitky-milionu\/\" class=\"article__next_and_prev__link\">Dr\u00e1\u017en\u00ed promen\u00e1da pod palbou. Hlavn\u00ed architekt tvrd\u00ed: Je p\u0159edra\u017een\u00e1 o des\u00edtky milion\u016f<\/a><\/p>\n<p class=\"article__next_and_prev__desc\">Pochybnosti kolem zak\u00e1zky na dokon\u010den\u00ed projektov\u00fdch prac\u00ed Dr\u00e1\u017en\u00ed promen\u00e1dy ve Vr\u0161ovic\u00edch a Stra\u0161nic\u00edch nab\u00edraj\u00ed na s\u00edle. Pot\u00e9, co cenu projektu ve\u0159ejn\u011b zpochybnil Jan \u010c\u00ed\u017eek, p\u0159ich\u00e1z\u00ed mimo\u0159\u00e1dn\u011b ostr\u00e1 k&#8230;<\/p>\n<p>                  <a href=\" https:\/\/www.nasepraha.cz\/ktere-kyberpodvody-cili-prave-na-skolaky\/\" class=\"article__next_and_prev__link\">Kter\u00e9 kyberpodvody c\u00edl\u00ed pr\u00e1v\u011b na \u0161kol\u00e1ky?<\/a><\/p>\n<p class=\"article__next_and_prev__desc\">Za\u010d\u00e1tek \u0161koln\u00edho roku p\u0159in\u00e1\u0161\u00ed krom\u011b n\u00e1kupu pom\u016fcek a p\u0159\u00edpravy aktovky tak\u00e9 nov\u00e1 kybernetick\u00e1 rizika. \u0160koln\u00ed \u017eivot toti\u017e dnes z velk\u00e9 \u010d\u00e1sti pokra\u010duje v chatovac\u00edch skupin\u00e1ch na WhatsAppu, Messengeru ne&#8230;<\/p>\n<p>                  <a href=\" https:\/\/www.nasepraha.cz\/prazske-jezulatko-odcestovalo-do-irska\/\" class=\"article__next_and_prev__link\">Pra\u017esk\u00e9 Jezul\u00e1tko odcestovalo do Irska<\/a><\/p>\n<p class=\"article__next_and_prev__desc\">Po\u017eehnan\u00e1 kopie so\u0161ky Pra\u017esk\u00e9ho Jezul\u00e1tka poputuje jako dar do diec\u00e9ze v irsk\u00e9m hrabstv\u00ed Kerry. Projekt vznikl z iniciativy velvyslance \u010cesk\u00e9 republiky v Irsku a je sou\u010d\u00e1st\u00ed programu irsk\u00e9ho p\u0159edsedni&#8230;<\/p>\n<p>                  <a href=\" https:\/\/www.nasepraha.cz\/prvni-skolni-den-zasedlo-do-lavic-v-praze-8-celkem-890-prvnacku\/\" class=\"article__next_and_prev__link\">Prvn\u00ed \u0161koln\u00ed den zasedlo do lavic v Praze 8 celkem 890 prv\u0148\u00e1\u010dk\u016f<\/a><\/p>\n<p class=\"article__next_and_prev__desc\">V osm\u00e9 pra\u017esk\u00e9 \u010d\u00e1sti se d\u011bti vr\u00e1tily do v\u0161ech patn\u00e1cti z\u00e1kladn\u00edch \u0161kol z\u0159izovan\u00fdch M\u010c Praha 8. Pro t\u00e9m\u011b\u0159 dev\u011bt set d\u011bt\u00ed je to \u0161koln\u00ed premi\u00e9ra. <\/p>\n<p>                  <a href=\" https:\/\/www.nasepraha.cz\/upraveny-podchod-zlepsi-pesi-spojeni-a-usnadni-detem-cestu-do-skoly\/\" class=\"article__next_and_prev__link\">Upraven\u00fd podchod zlep\u0161\u00ed p\u011b\u0161\u00ed spojen\u00ed a usnadn\u00ed d\u011btem cestu do \u0161koly<\/a><\/p>\n<p class=\"article__next_and_prev__desc\">M\u011bstsk\u00e1 \u010d\u00e1st Praha 4 a spole\u010dnost Skanska slavnostn\u011b otev\u0159ely upraven\u00fd podchod pod ulic\u00ed 5. kv\u011btna v bl\u00edzkosti Pankr\u00e1ce, kter\u00fd propojuje lokalitu sm\u011brem do ulice Sdru\u017een\u00ed. Nov\u00e9 do\u010dasn\u00e9 \u0159e\u0161en\u00ed usnadn\u00ed &#8230;<\/p>\n<p>                  <a href=\" https:\/\/www.nasepraha.cz\/na-unikatnim-galakoncertu-vystoupi-vitezove-souteze-talent-prahy-5\/\" class=\"article__next_and_prev__link\">Na unik\u00e1tn\u00edm Galakoncertu vystoup\u00ed v\u00edt\u011bzov\u00e9 sout\u011b\u017ee Talent Prahy 5<\/a><\/p>\n<p class=\"article__next_and_prev__desc\">Speci\u00e1ln\u00ed Galakoncert k 20. v\u00fdro\u010d\u00ed sout\u011b\u017ee Talent Prahy 5 se uskute\u010dn\u00ed v pond\u011bl\u00ed 14. z\u00e1\u0159\u00ed od 19.00 hodin v s\u00e1le Bohuslava Martin\u016f na HAMU na Malostransk\u00e9m n\u00e1m\u011bst\u00ed v Praze 1. <\/p>\n<p>                  <a href=\" https:\/\/www.nasepraha.cz\/pid-si-vystrelil-ze-schodku-389-miliard-kdo-plati-politicke-vtipky-verejne-organizace\/\" class=\"article__next_and_prev__link\">PID si vyst\u0159elil ze schodku 389 miliard. Kdo plat\u00ed politick\u00e9 vt\u00edpky ve\u0159ejn\u00e9 organizace?<\/a><\/p>\n<p class=\"article__next_and_prev__desc\">\u201e\u010c\u00edslem p\u0159\u00ed\u0161t\u00edho roku bude bezesporu 389. Evidentn\u011b to bude j\u00edzda\u2026\u201c napsala Pra\u017esk\u00e1 integrovan\u00e1 doprava na sv\u00e9m ofici\u00e1ln\u00edm \u00fa\u010dtu a p\u0159idala grafiku autobusov\u00e9 linky 389 z Prahy do Chomutova. Jen\u017ee pr\u00e1v\u011b&#8230;<\/p>\n<p>                  <a href=\" https:\/\/www.nasepraha.cz\/praha-rozhodla-o-novych-nazvech-budoucich-stanic-metra-d\/\" class=\"article__next_and_prev__link\">Praha rozhodla o nov\u00fdch n\u00e1zvech budouc\u00edch stanic metra D<\/a><\/p>\n<p class=\"article__next_and_prev__desc\">Rada hl. m. Prahy schv\u00e1lila n\u011bkter\u00e9 zm\u011bny v pojmenov\u00e1n\u00ed u chystan\u00fdch stanic metra D. N\u00e1zev Nusle bude nov\u011b platit pro stanici s pracovn\u00edm n\u00e1zvem N\u00e1m\u011bst\u00ed Brat\u0159\u00ed Synk\u016f, Ry\u0161\u00e1nka pro stanici s pracovn\u00edm n&#8230;<\/p>\n<p>                  <a href=\" https:\/\/www.nasepraha.cz\/v-praze-13-usedlo-do-skolnich-lavic-vice-nez-sest-tisic-zaku\/\" class=\"article__next_and_prev__link\">V Praze 13 usedlo do \u0161koln\u00edch lavic v\u00edce ne\u017e \u0161est tis\u00edc \u017e\u00e1k\u016f<\/a><\/p>\n<p class=\"article__next_and_prev__desc\">Prvn\u00ed \u0161koln\u00ed den p\u0159iv\u00edtalo deset z\u00e1kladn\u00edch a t\u0159iadvacet mate\u0159sk\u00fdch \u0161kol z\u0159izovan\u00fdch m\u011bstskou \u010d\u00e1st\u00ed Praha 13 tis\u00edce d\u011bt\u00ed. Do z\u00e1kladn\u00edch \u0161kol nastoupilo p\u0159ibli\u017en\u011b 6 080 \u017e\u00e1k\u016f, z toho 710 prv\u0148\u00e1\u010dk\u016f. Mate\u0159&#8230;<\/p>\n<p>                  <a href=\" https:\/\/www.nasepraha.cz\/david-vodrazka-mesto-musi-myslet-na-dalsich-dvacet-let-ne-na-dalsi-volby\/\" class=\"article__next_and_prev__link\">David Vodr\u00e1\u017eka: M\u011bsto mus\u00ed myslet na dal\u0161\u00edch dvacet let, ne na dal\u0161\u00ed volby<\/a><\/p>\n<p class=\"article__next_and_prev__desc\">\u010cty\u0159i roky se mohou zd\u00e1t jako dlouh\u00e1 doba. V komun\u00e1ln\u00ed politice ale n\u011bkdy ute\u010dou d\u0159\u00edv, ne\u017e se v\u016fbec poprv\u00e9 kopne do zem\u011b. Nevol\u00e1m po prodlu\u017eov\u00e1n\u00ed volebn\u00edho obdob\u00ed. To v\u016fbec ne. Jen po letech na radnic&#8230;<\/p>\n<p>                  <a href=\" https:\/\/www.nasepraha.cz\/spor-na-silnici-skoncil-fackou-a-rozbitym-sklem-policie-hleda-agresivniho-cyklistu\/\" class=\"article__next_and_prev__link\">Spor na silnici skon\u010dil fackou a rozbit\u00fdm sklem. Policie hled\u00e1 agresivn\u00edho cyklistu<\/a><\/p>\n<p class=\"article__next_and_prev__desc\">Sta\u010dilo upozorn\u011bn\u00ed na ned\u00e1n\u00ed p\u0159ednosti a b\u011bhem chv\u00edle se b\u011b\u017en\u00e1 dopravn\u00ed situace v centru Prahy zm\u011bnila ve fyzick\u00fd konflikt. Cyklista za\u010dal \u0159idi\u010de hrub\u011b ur\u00e1\u017eet, pot\u00e9 mu dal facku a nakonec ude\u0159il do \u010de&#8230;<\/p>\n","protected":false},"excerpt":{"rendered":"P\u0159edchoz\u00ed \u010dl\u00e1nky Festival voln\u00e9ho \u010dasu v Praze 13 nab\u00eddne sport, z\u00e1bavu i inspiraci Praha 13 op\u011bt o\u017eije Festivalem&hellip;\n","protected":false},"author":2,"featured_media":200987,"comment_status":"","ping_status":"","sticky":false,"template":"","format":"standard","meta":{"footnotes":"","_share_on_mastodon":"0"},"categories":[30],"tags":[45199,254,3074,7048,1523,17958,282,7457,16930,42466,98,99,46007,2650,16044,14610,28937,24970,2867,966,14364,16083,836,4166],"class_list":["post-200986","post","type-post","status-publish","format-standard","has-post-thumbnail","category-praha","tag-bezplatne","tag-dotace","tag-drevo","tag-hlavni","tag-mesto","tag-metropole","tag-nove","tag-odpad","tag-oteviraci-doba","tag-papir","tag-prague","tag-praha","tag-praha-16","tag-praha-20","tag-prazane","tag-prazske-sluzby","tag-provozni","tag-sberne-dvory","tag-sklo","tag-sluzby","tag-smlouvy","tag-verejne","tag-verejne-zakazky","tag-zakazky"],"share_on_mastodon":{"url":"https:\/\/pubeurope.com\/@cz\/117205976255686274","error":""},"_links":{"self":[{"href":"https:\/\/www.europesays.com\/cz\/wp-json\/wp\/v2\/posts\/200986","targetHints":{"allow":["GET"]}}],"collection":[{"href":"https:\/\/www.europesays.com\/cz\/wp-json\/wp\/v2\/posts"}],"about":[{"href":"https:\/\/www.europesays.com\/cz\/wp-json\/wp\/v2\/types\/post"}],"author":[{"embeddable":true,"href":"https:\/\/www.europesays.com\/cz\/wp-json\/wp\/v2\/users\/2"}],"replies":[{"embeddable":true,"href":"https:\/\/www.europesays.com\/cz\/wp-json\/wp\/v2\/comments?post=200986"}],"version-history":[{"count":0,"href":"https:\/\/www.europesays.com\/cz\/wp-json\/wp\/v2\/posts\/200986\/revisions"}],"wp:featuredmedia":[{"embeddable":true,"href":"https:\/\/www.europesays.com\/cz\/wp-json\/wp\/v2\/media\/200987"}],"wp:attachment":[{"href":"https:\/\/www.europesays.com\/cz\/wp-json\/wp\/v2\/media?parent=200986"}],"wp:term":[{"taxonomy":"category","embeddable":true,"href":"https:\/\/www.europesays.com\/cz\/wp-json\/wp\/v2\/categories?post=200986"},{"taxonomy":"post_tag","embeddable":true,"href":"https:\/\/www.europesays.com\/cz\/wp-json\/wp\/v2\/tags?post=200986"}],"curies":[{"name":"wp","href":"https:\/\/api.w.org\/{rel}","templated":true}]}}