{"id":200992,"date":"2026-09-03T07:43:10","date_gmt":"2026-09-03T07:43:10","guid":{"rendered":"https:\/\/www.europesays.com\/cz\/200992\/"},"modified":"2026-09-03T07:43:10","modified_gmt":"2026-09-03T07:43:10","slug":"meni-se-cesko-v-dluhovou-demokracii-stat-si-od-lidi-pujcil-rekordni-balik-penez-e15-cz","status":"publish","type":"post","link":"https:\/\/www.europesays.com\/cz\/200992\/","title":{"rendered":"M\u011bn\u00ed se \u010cesko v dluhovou demokracii? St\u00e1t si od lid\u00ed p\u016fj\u010dil rekordn\u00ed bal\u00edk pen\u011bz &#8211; e15.cz"},"content":{"rendered":"<p><a href=\"https:\/\/news.google.com\/rss\/articles\/CBMitwFBVV95cUxPTzB5RUZscUFzcW5va1NUQlAwWktVSHhNekw2Q2lYLXloa1l6M2dWQ0twNWI4b0lTUkdhSWJGWjVaNEJJZGJfU0txUmVNeDltcVVZTWJHWkNJWlo3dVBHMHBCWlFjandRWDhLd3FHcTlncWxjOVI4UkZKeHNVMVVFU3hiajdGRkVoT2VVZGktWFlFVzVtd1pSR05oeDU3aU1QX1ctNjJoVHk5RUVQSVBtUlMyWmIwNk0?oc=5\" target=\"_blank\" rel=\"nofollow noopener\">M\u011bn\u00ed se \u010cesko v dluhovou demokracii? St\u00e1t si od lid\u00ed p\u016fj\u010dil rekordn\u00ed bal\u00edk pen\u011bz<\/a>&nbsp;&nbsp;e15.cz<a href=\"https:\/\/news.google.com\/rss\/articles\/CBMixwFBVV95cUxPTHNvdUVrdGNOYWtrcnIwNHBYeGU3WkhPMVJlTmpFN09zUzdXQ0ZncmFyN3MyMEdGNlF0S0pmX1hKWFZoWFlDZkdSNkhqY1dsMFdIdEJlRGxjTDQtNW1Ya044RXRZNTAzYWVoQ3BNOXhFazA3TkN1VHJWWnZnR1NKeHNuUVV0T09BVlU1N0V6R2d4Y2ZodzUwMjZEZ3ZjT1BBekMtN3RWMmVQYWJxcENxZG9DblpFay1feHQxbk1CSDg4cFJuYy0w?oc=5\" target=\"_blank\" rel=\"nofollow noopener\">V\u00fdnosy st\u00e1tn\u00edch dluhopis\u016f v \u00fater\u00fd op\u011btovn\u011b vzrostly v reakci na obnoven\u00ed boj\u016f na Bl\u00edzk\u00e9m v\u00fdchod\u011b<\/a>&nbsp;&nbsp;Zpr\u00e1vy Kurzy.cz<a href=\"https:\/\/news.google.com\/rss\/articles\/CBMipwFBVV95cUxOeXZiYWVpcXpmX0hiYWtqVGtSWG5tYS0zVkNoTlRWS0syREJhSmR2eTVCS3pVb3lJM3RYUWt4Z3dFeUVBQ0IzczByTFpoN3cwR2Nmd1Fuc1N5UDhqY05pZXE0aUNrSTlLYkxmdG91ZlZmdllFWjlubUh6SVY1LTJfdVNmRDFoZmVoeUFtNE9hR3VJaEVaWUx2N1BGN2JWNG4wd29vd194cw?oc=5\" target=\"_blank\" rel=\"nofollow noopener\">Dluhopisy v centru d\u011bn\u00ed. Jejich propad dol\u00e9h\u00e1 i na akcie<\/a>&nbsp;&nbsp;Patria.cz<a href=\"https:\/\/news.google.com\/rss\/articles\/CBMiXkFVX3lxTFA0ZFliV1c4MGpEVDlfLWk3OFRxakE4UmozcURDRFVoUkhRbkdOYXhQVk53UUFTQ0dhekZXVnRSSUtvWG81QUtGYWEwcnJVZ2gxWWtXZTFscEJONGkwcUE?oc=5\" target=\"_blank\" rel=\"nofollow noopener\">Fed op\u011bt otev\u00edr\u00e1 dve\u0159e vy\u0161\u0161\u00edm sazb\u00e1m. V\u00fdnosy americk\u00fdch dluhopis\u016f rostou na v\u00edce ne\u017e ro\u010dn\u00ed maxima<\/a>&nbsp;&nbsp;FXstreet.cz<a href=\"https:\/\/news.google.com\/rss\/articles\/CBMivAFBVV95cUxPZUFDZHZ1aDhOaVpsVDV3SG9CWjFYbTByWWFpWVBuYUJ2dWxhUVZVcHVjU2lfTmdnSWlrdFRqc3VYMEVIVnkyaXNSWTg2ZVM2d1hob1BGZzZWcjhNOWttYnBveHJfdkVwRUNqa1ZHTmd1VGdsa3lIaTJzeFBpQjBSS0xteF9wa0pVTWNFWW1keEZoaXpDcDRQZVItZWxEN0hIWmFHS0V1bDJTcWFoYnFvRlpzZWFqM3BOUjJSXw?oc=5\" target=\"_blank\" rel=\"nofollow noopener\">V\u00fdnos t\u0159icetilet\u00e9ho americk\u00e9ho dluhopisu se dr\u017e\u00ed nad 5 % u\u017e 56 seanc\u00ed v \u0159ad\u011b<\/a>&nbsp;&nbsp;Investi\u010dn\u00ed web<\/p>\n","protected":false},"excerpt":{"rendered":"M\u011bn\u00ed se \u010cesko v dluhovou demokracii? St\u00e1t si od lid\u00ed p\u016fj\u010dil rekordn\u00ed bal\u00edk pen\u011bz&nbsp;&nbsp;e15.czV\u00fdnosy st\u00e1tn\u00edch dluhopis\u016f v \u00fater\u00fd&hellip;\n","protected":false},"author":2,"featured_media":200993,"comment_status":"","ping_status":"","sticky":false,"template":"","format":"standard","meta":{"footnotes":"","_share_on_mastodon":"0"},"categories":[12],"tags":[67,68,42,417,2138,21832,21831,1099,703,3737,9775,964],"class_list":["post-200992","post","type-post","status-publish","format-standard","has-post-thumbnail","category-byznys","tag-business","tag-byznys","tag-cesko","tag-demokracie","tag-dluhopis","tag-ekonom","tag-financni-trh","tag-investor","tag-penize","tag-statni-dluh","tag-urok","tag-vlada"],"share_on_mastodon":{"url":"https:\/\/pubeurope.com\/@cz\/117205991888412560","error":""},"_links":{"self":[{"href":"https:\/\/www.europesays.com\/cz\/wp-json\/wp\/v2\/posts\/200992","targetHints":{"allow":["GET"]}}],"collection":[{"href":"https:\/\/www.europesays.com\/cz\/wp-json\/wp\/v2\/posts"}],"about":[{"href":"https:\/\/www.europesays.com\/cz\/wp-json\/wp\/v2\/types\/post"}],"author":[{"embeddable":true,"href":"https:\/\/www.europesays.com\/cz\/wp-json\/wp\/v2\/users\/2"}],"replies":[{"embeddable":true,"href":"https:\/\/www.europesays.com\/cz\/wp-json\/wp\/v2\/comments?post=200992"}],"version-history":[{"count":0,"href":"https:\/\/www.europesays.com\/cz\/wp-json\/wp\/v2\/posts\/200992\/revisions"}],"wp:featuredmedia":[{"embeddable":true,"href":"https:\/\/www.europesays.com\/cz\/wp-json\/wp\/v2\/media\/200993"}],"wp:attachment":[{"href":"https:\/\/www.europesays.com\/cz\/wp-json\/wp\/v2\/media?parent=200992"}],"wp:term":[{"taxonomy":"category","embeddable":true,"href":"https:\/\/www.europesays.com\/cz\/wp-json\/wp\/v2\/categories?post=200992"},{"taxonomy":"post_tag","embeddable":true,"href":"https:\/\/www.europesays.com\/cz\/wp-json\/wp\/v2\/tags?post=200992"}],"curies":[{"name":"wp","href":"https:\/\/api.w.org\/{rel}","templated":true}]}}