{"id":201030,"date":"2026-09-03T08:03:12","date_gmt":"2026-09-03T08:03:12","guid":{"rendered":"https:\/\/www.europesays.com\/cz\/201030\/"},"modified":"2026-09-03T08:03:12","modified_gmt":"2026-09-03T08:03:12","slug":"ustavni-soudce-samal-bude-dal-resit-kompetencni-zalobu-prezidenta-pavla","status":"publish","type":"post","link":"https:\/\/www.europesays.com\/cz\/201030\/","title":{"rendered":"\u00dastavn\u00ed soudce \u0160\u00e1mal bude d\u00e1l \u0159e\u0161it kompeten\u010dn\u00ed \u017ealobu prezidenta Pavla"},"content":{"rendered":"<p class=\"c_bB\">\u0160\u00e1mal dostal p\u0159\u00edpad na starosti jako soudce zpravodaj a\u00a0\u00dastavn\u00ed soud pak p\u0159edb\u011b\u017en\u00fdm opat\u0159en\u00edm na\u0159\u00eddil, aby vl\u00e1da zajistila prezidentovi \u00fa\u010dast na summitu v\u00a0Anka\u0159e.<\/p>\n<p class=\"c_bB\">Vl\u00e1da tvrdila, \u017ee \u0160\u00e1mal chyboval, kdy\u017e pr\u00fd pozd\u011b doru\u010dil vl\u00e1d\u011b prezident\u016fv n\u00e1vrh k\u00a0vyj\u00e1d\u0159en\u00ed.<\/p>\n<p class=\"c_bB\">\u201eSoudce Pavel \u0160\u00e1mal t\u00edmto postupem poru\u0161il svou povinnost neprodlen\u011b doru\u010dit n\u00e1vrh ostatn\u00edm \u00fa\u010dastn\u00edk\u016fm s\u00a0v\u00fdzvou k\u00a0vyj\u00e1d\u0159en\u00ed i\u00a0pr\u00e1vo vl\u00e1dy se vyj\u00e1d\u0159it k\u00a0n\u00e1vrhu, \u010d\u00edm\u017e bylo poru\u0161eno jej\u00ed pr\u00e1vo na spravedliv\u00fd proces. P\u0159esto\u017ee jedn\u00e1n\u00ed soudce zpravodaje mohlo b\u00fdt opomenut\u00edm, s\u00a0ohledem na jeho z\u00e1va\u017en\u00fd dopad je podle vl\u00e1dy nam\u00edst\u011b rozhodnout o\u00a0jeho vylou\u010den\u00ed,\u201c st\u00e1lo ve vl\u00e1dn\u00edm n\u00e1vrhu.<\/p>\n<p><a data-dot=\"atm-link\" target=\"_self\" href=\"https:\/\/www.novinky.cz\/clanek\/domaci-temer-polovina-cechu-povazuje-vystupovani-pavla-vuci-vlade-za-primerene-40595125\" class=\"c_I\" rel=\"nofollow noopener\"><img fetchpriority=\"high\" height=\"1080\" width=\"1920\" src=\"https:\/\/www.europesays.com\/cz\/wp-content\/uploads\/2026\/09\/petr-pavel-21-srpen-pieta.jpeg\" loading=\"eager\" decoding=\"sync\" class=\"c_t c_r\"\/><\/a><\/p>\n<p class=\"c_bB\">Pl\u00e9num \u00dastavn\u00edho soudu ale takov\u00e9 argumenty nevysly\u0161elo. \u201eV posuzovan\u00e9m p\u0159\u00edpad\u011b vl\u00e1da navrhla vylou\u010dit soudce zpravodaje z\u00a0projedn\u00e1v\u00e1n\u00ed a\u00a0rozhodov\u00e1n\u00ed jako podjat\u00e9ho kv\u016fli tomu, v\u00a0jak\u00e9m okam\u017eiku vl\u00e1d\u011b zaslal v\u00fdzvu k\u00a0vyj\u00e1d\u0159en\u00ed, tedy v\u00fdlu\u010dn\u011b kv\u016fli jeho postupu v\u00a0\u0159\u00edzen\u00ed. V\u00a0\u017e\u00e1dn\u00e9m soudn\u00edm \u0159\u00edzen\u00ed v\u00a0\u010cesk\u00e9 republice ale nelze soudce ozna\u010dit za podjat\u00e9ho jen kv\u016fli jeho postupu v\u00a0\u0159\u00edzen\u00ed,\u201c stoj\u00ed ve stanovisku, kter\u00e9 soud ve \u010dtvrtek zve\u0159ejnil.<\/p>\n<p>\u00daS: \u0160\u00e1mal je nestrann\u00fd<\/p>\n<p class=\"c_bB\">Prezident Pavel podal kompeten\u010dn\u00ed \u017ealobu 22.\u00a0\u010dervna. Podle vl\u00e1dy pak \u0160\u00e1mal doru\u010dil n\u00e1vrh prezidenta k\u00a0vyj\u00e1d\u0159en\u00ed vl\u00e1d\u011b a\u017e 25.\u00a0\u010dervna, p\u0159esto\u017ee ji\u017e 23.\u00a0\u010dervna \u017e\u00e1dal p\u0159edsedu vl\u00e1dy o\u00a0zasl\u00e1n\u00ed podkladov\u00fdch materi\u00e1l\u016f a\u00a024.\u00a0\u010dervna u\u017e \u00dastavn\u00ed soud rozhodl p\u0159edb\u011b\u017en\u00fdm opat\u0159en\u00edm.<\/p>\n<p class=\"c_bB\">\u201eN\u00e1mitka podjatosti nem\u00e1 slou\u017eit \u00fa\u010dastn\u00edk\u016fm \u0159\u00edzen\u00ed k\u00a0tomu, aby se domohli p\u0159ezkumu z\u00e1konnosti postupu soudce, jeho\u017e podjatost nam\u00edtaj\u00ed. Soud p\u0159i posuzov\u00e1n\u00ed n\u00e1mitky podjatosti nep\u0159ezkoum\u00e1v\u00e1 z\u00e1konnost postupu soudce, n\u00fdbr\u017e v\u00fdlu\u010dn\u011b to, zda ho lze pova\u017eovat za nestrann\u00e9ho,\u201c konstatovalo pl\u00e9num.<\/p>\n<p class=\"c_bB\">\u201eNic z\u00a0tvrzen\u00ed vl\u00e1dy nesv\u011bd\u010d\u00ed o\u00a0tom, \u017ee by soudce zpravodaj byl v\u00a0kauze osobn\u011b zaujat\u00fd. Vl\u00e1da ani nepouk\u00e1zala na \u017e\u00e1dn\u00e9 dal\u0161\u00ed okolnosti, kter\u00e9 by mohly vzbuzovat legitimn\u00ed pochybnost o\u00a0nestrannosti soudce zpravodaje. \u00dastavn\u00edmu soudu tak nezbylo ne\u017e uzav\u0159\u00edt, \u017ee vl\u00e1dou vznesen\u00e1 n\u00e1mitka podjatosti nen\u00ed d\u016fvodn\u00e1,\u201c rozhodli soudci.<\/p>\n<p>Soudce zpravodaj nen\u00ed samosoudce<\/p>\n<p class=\"c_bB\">P\u0159i t\u00e9 p\u0159\u00edle\u017eitosti \u00dastavn\u00ed soud p\u0159ipomn\u011bl, jak\u00e1 je vlastn\u011b role soudce zpravodaje v\u00a0p\u0159\u00edpadech, kter\u00e9 \u0159e\u0161\u00ed pl\u00e9num, \u010dili sbor v\u0161ech soudc\u016f. \u201eSoudce zpravodaj p\u0159ipravuje v\u011bc k\u00a0projedn\u00e1n\u00ed v\u00a0pl\u00e9nu a\u00a0p\u0159ipravuje n\u00e1vrh p\u0159\u00edslu\u0161n\u00fdch rozhodnut\u00ed. Je tomu tak z\u00a0praktick\u00fdch d\u016fvod\u016f, nen\u00ed toti\u017e mo\u017en\u00e9, aby p\u00edsemn\u00e9 \u010di \u00fastn\u00ed \u00fakony \u010dinil cel\u00fd sbor soudc\u016f,\u201c vysv\u011btlila mluv\u010d\u00ed soudu Kamila Abbasi.<\/p>\n<p class=\"c_bB\">Je v\u0161ak v\u017edy na rozhodnut\u00ed pl\u00e9na, zda n\u00e1vrhy soudce zpravodaje p\u0159ijme, a\u00a0pl\u00e9num za tato rozhodnut\u00ed nese odpov\u011bdnost. V\u0161ichni soudci se pod\u00edlej\u00ed stejn\u00fdm hlasem na projedn\u00e1v\u00e1n\u00ed a\u00a0rozhodnut\u00ed jednotliv\u00fdch p\u0159\u00edpad\u016f. Soudce zpravodaj tedy nen\u00ed \u017e\u00e1dn\u00fd samosoudce,\u201c dodala mluv\u010d\u00ed s\u00a0t\u00edm, \u017ee kter\u00fdkoli soudce z\u00a0pl\u00e9na m\u016f\u017ee hlasovat proti rozhodnut\u00ed, co\u017e se ostatn\u011b tak\u00e9 p\u0159i vyd\u00e1n\u00ed p\u0159edb\u011b\u017en\u00e9ho opat\u0159en\u00ed stalo.<\/p>\n<p><a data-dot=\"atm-link\" target=\"_self\" href=\"https:\/\/www.novinky.cz\/clanek\/domaci-pavel-nevidi-duvod-k-usmirovani-s-macinkou-nechovam-k-nemu-nepratelsky-vztah-rekl-40595107\" class=\"c_I\" rel=\"nofollow noopener\"><img height=\"900\" width=\"1600\" src=\"https:\/\/www.europesays.com\/cz\/wp-content\/uploads\/2026\/09\/1788422592_879_macinka-pavel.jpeg\" loading=\"eager\" decoding=\"sync\" class=\"c_t c_r\"\/><\/a><\/p>\n","protected":false},"excerpt":{"rendered":"\u0160\u00e1mal dostal p\u0159\u00edpad na starosti jako soudce zpravodaj a\u00a0\u00dastavn\u00ed soud pak p\u0159edb\u011b\u017en\u00fdm opat\u0159en\u00edm na\u0159\u00eddil, aby vl\u00e1da zajistila prezidentovi&hellip;\n","protected":false},"author":2,"featured_media":201031,"comment_status":"","ping_status":"","sticky":false,"template":"","format":"standard","meta":{"footnotes":"","_share_on_mastodon":"0"},"categories":[7],"tags":[43,42,41,40,23561,36498,39363,1067],"class_list":["post-201030","post","type-post","status-publish","format-standard","has-post-thumbnail","category-cesko","tag-ceska-republika","tag-cesko","tag-czech-republic","tag-czechia","tag-kompetencni-zaloba","tag-pavel-samal","tag-podjatost","tag-ustavni-soud"],"share_on_mastodon":{"url":"https:\/\/pubeurope.com\/@cz\/117206070658524925","error":""},"_links":{"self":[{"href":"https:\/\/www.europesays.com\/cz\/wp-json\/wp\/v2\/posts\/201030","targetHints":{"allow":["GET"]}}],"collection":[{"href":"https:\/\/www.europesays.com\/cz\/wp-json\/wp\/v2\/posts"}],"about":[{"href":"https:\/\/www.europesays.com\/cz\/wp-json\/wp\/v2\/types\/post"}],"author":[{"embeddable":true,"href":"https:\/\/www.europesays.com\/cz\/wp-json\/wp\/v2\/users\/2"}],"replies":[{"embeddable":true,"href":"https:\/\/www.europesays.com\/cz\/wp-json\/wp\/v2\/comments?post=201030"}],"version-history":[{"count":0,"href":"https:\/\/www.europesays.com\/cz\/wp-json\/wp\/v2\/posts\/201030\/revisions"}],"wp:featuredmedia":[{"embeddable":true,"href":"https:\/\/www.europesays.com\/cz\/wp-json\/wp\/v2\/media\/201031"}],"wp:attachment":[{"href":"https:\/\/www.europesays.com\/cz\/wp-json\/wp\/v2\/media?parent=201030"}],"wp:term":[{"taxonomy":"category","embeddable":true,"href":"https:\/\/www.europesays.com\/cz\/wp-json\/wp\/v2\/categories?post=201030"},{"taxonomy":"post_tag","embeddable":true,"href":"https:\/\/www.europesays.com\/cz\/wp-json\/wp\/v2\/tags?post=201030"}],"curies":[{"name":"wp","href":"https:\/\/api.w.org\/{rel}","templated":true}]}}