{"id":201052,"date":"2026-09-03T08:19:07","date_gmt":"2026-09-03T08:19:07","guid":{"rendered":"https:\/\/www.europesays.com\/cz\/201052\/"},"modified":"2026-09-03T08:19:07","modified_gmt":"2026-09-03T08:19:07","slug":"promena-alice-bendove-facelift-nebo-operace-zubu","status":"publish","type":"post","link":"https:\/\/www.europesays.com\/cz\/201052\/","title":{"rendered":"Prom\u011bna Alice Bendov\u00e9: Facelift, nebo operace zub\u016f?"},"content":{"rendered":"<p class=\"b_bt\">Otoky, mod\u0159iny, jako fixkou namalovan\u00e9 \u010d\u00e1ry na tv\u00e1\u0159\u00edch a\u00a0tak\u00e9 strnulost lev\u00e9 p\u016flky obli\u010deje\u00a0\u2013 to v\u0161echno sv\u00fdm sleduj\u00edc\u00edm naserv\u00edrovala Alice Bendov\u00e1 v\u00a0posledn\u00edm videu na sv\u00fdch soci\u00e1ln\u00edch s\u00edt\u00edch, kde je sama vyzvala, a\u0165 h\u00e1daj\u00ed, co za z\u00e1krok podstoupila. Z\u00a0vtipn\u00fdch p\u0159ipom\u00ednek jej\u00edho partnera Michala Topola lze vyvodit, \u017ee jej\u00ed stav asi nebude v\u00e1\u017en\u00fd, nicm\u00e9n\u011b pohled na nedov\u00edraj\u00edc\u00ed lev\u00e9 oko vyvol\u00e1v\u00e1 \u00fazkost.<\/p>\n<p class=\"b_bt\">A\u010dkoli sama here\u010dka zat\u00edm neprozradila, \u010deho se l\u00e9ka\u0159sk\u00fd z\u00e1krok t\u00fdkal, jej\u00ed sleduj\u00edc\u00ed maj\u00ed jasno a\u00a0debata mezi nimi se dost vyhrotila. Krom\u011b p\u00e1r vt\u00edpk\u016f, \u017ee nap\u0159\u00edklad spadla pod kombajn, je drtiv\u00e1 v\u011bt\u0161ina z\u00a0nich p\u0159esv\u011bd\u010dena, \u017ee Alice Bendov\u00e1 podstoupila facelift. Zat\u00edmco \u010d\u00e1st z\u00a0nich se vypt\u00e1v\u00e1 na podrobnosti a\u00a0autora z\u00e1kroku, n\u011bkte\u0159\u00ed jsou v\u00edc ne\u017e kriti\u010dt\u00ed.<\/p>\n<p class=\"b_bt\">\u201eSe z\u00e1jmem \u010dek\u00e1m, co to pan\u00ed Bendov\u00e1 podstoupila\u2026 Nicm\u00e9n\u011b, po zhl\u00e9dnut\u00ed tohohle budu rad\u011bji v\u00a050\u00a0vypadat na 50\u00a0a\u00a0v 60\u00a0na 60, i\u00a0kdyby to m\u011blo b\u00fdt s\u00a0\u0161\u00e1tkem na hlav\u011b, hlubok\u00fdmi vr\u00e1skami a\u00a0sb\u00edrat m\u00e1tu na zahrad\u011b,\u201c napsala jedna z\u00a0fanynek, kterou here\u010dka hbit\u011b odp\u00e1lkovala: \u201eTu sb\u00edr\u00e1m taky, i\u00a0s touhle ohl\u00e1vkou.\u201c Jin\u00ed pak tvrd\u00ed, \u017ee nic takov\u00e9ho here\u010dka nem\u011bla zapot\u0159eb\u00ed.<\/p>\n<p class=\"b_bt\">Dal\u0161\u00ed z\u00a0komentuj\u00edc\u00edch u\u017e si v\u016fbec nebral serv\u00edtky: \u201eJe to horor\u2026 Toto podstupovat dobrovoln\u011b, proboha\u2026 Tolik lid\u00ed ve \u0161pit\u00e1lu se modl\u00ed, aby byli zdrav\u00ed doma\u2026\u201c<\/p>\n<p class=\"b_bt\">\u201eJ\u00e1 jsem se tak\u00e9 p\u00e1rkr\u00e1t modlila, tak bu\u010fte v\u00a0klidu a\u00a0nechytra\u010dte tady,\u201c ut\u0159ela ho Alice Bendov\u00e1 a\u00a0zavdala tak k\u00a0dal\u0161\u00edm spekulac\u00edm, pro\u010d m\u00e1 ov\u00e1zanou hlavu a\u00a0otekl\u00fd a\u00a0ochrnut\u00fd obli\u010dej.<\/p>\n<p class=\"b_bt\">Majitel kliniky <a data-dot=\"atm-link\" target=\"_blank\" href=\"https:\/\/www.prozeny.cz\/tag\/plasticka-chirurgie-45337\" class=\"b_g\" rel=\"nofollow noopener\">plastick\u00e9 chirurgie<\/a> Robert Paulat m\u00e1 jasno nejen o\u00a0typu z\u00e1kroku, ale i\u00a0o l\u00e9ka\u0159i, kter\u00fd jej provedl: \u201eDeep plane facelift Ventruba.\u201c Jeho v\u011bta odstartovala dal\u0161\u00ed vlnu koment\u00e1\u0159\u016f, v\u00a0nich\u017e se sleduj\u00edc\u00ed sv\u011b\u0159uj\u00ed, jak\u00fd z\u00e1krok a\u00a0kde pl\u00e1nuj\u00ed oni. Korunu v\u0161emu nasazuje s\u00e1m here\u010d\u010din partner, kdy\u017e ve videu pronese ohledn\u011b jej\u00edho stavu: \u201eTo je hor\u0161\u00ed, ne\u017e to bylo, ty vole.\u201c Snad jej humor nep\u0159ejde ani pot\u00e9, co here\u010dka obvaz odhod\u00ed a\u00a0otoky splasknou.<\/p>\n","protected":false},"excerpt":{"rendered":"Otoky, mod\u0159iny, jako fixkou namalovan\u00e9 \u010d\u00e1ry na tv\u00e1\u0159\u00edch a\u00a0tak\u00e9 strnulost lev\u00e9 p\u016flky obli\u010deje\u00a0\u2013 to v\u0161echno sv\u00fdm sleduj\u00edc\u00edm naserv\u00edrovala&hellip;\n","protected":false},"author":2,"featured_media":201053,"comment_status":"","ping_status":"","sticky":false,"template":"","format":"standard","meta":{"footnotes":"","_share_on_mastodon":"0"},"categories":[14],"tags":[3994,2432,79,5781,1700,18290,10690,521,370,80,46011,9094],"class_list":["post-201052","post","type-post","status-publish","format-standard","has-post-thumbnail","category-zabava","tag-alice-bendova","tag-ceske-celebrity","tag-entertainment","tag-esteticka-medicina","tag-instagram","tag-modriny","tag-plasticka-chirurgie","tag-socialni-site","tag-vip","tag-zabava","tag-zakrok","tag-zuby"],"share_on_mastodon":{"url":"https:\/\/pubeurope.com\/@cz\/117206133118026080","error":""},"_links":{"self":[{"href":"https:\/\/www.europesays.com\/cz\/wp-json\/wp\/v2\/posts\/201052","targetHints":{"allow":["GET"]}}],"collection":[{"href":"https:\/\/www.europesays.com\/cz\/wp-json\/wp\/v2\/posts"}],"about":[{"href":"https:\/\/www.europesays.com\/cz\/wp-json\/wp\/v2\/types\/post"}],"author":[{"embeddable":true,"href":"https:\/\/www.europesays.com\/cz\/wp-json\/wp\/v2\/users\/2"}],"replies":[{"embeddable":true,"href":"https:\/\/www.europesays.com\/cz\/wp-json\/wp\/v2\/comments?post=201052"}],"version-history":[{"count":0,"href":"https:\/\/www.europesays.com\/cz\/wp-json\/wp\/v2\/posts\/201052\/revisions"}],"wp:featuredmedia":[{"embeddable":true,"href":"https:\/\/www.europesays.com\/cz\/wp-json\/wp\/v2\/media\/201053"}],"wp:attachment":[{"href":"https:\/\/www.europesays.com\/cz\/wp-json\/wp\/v2\/media?parent=201052"}],"wp:term":[{"taxonomy":"category","embeddable":true,"href":"https:\/\/www.europesays.com\/cz\/wp-json\/wp\/v2\/categories?post=201052"},{"taxonomy":"post_tag","embeddable":true,"href":"https:\/\/www.europesays.com\/cz\/wp-json\/wp\/v2\/tags?post=201052"}],"curies":[{"name":"wp","href":"https:\/\/api.w.org\/{rel}","templated":true}]}}