{"id":201062,"date":"2026-09-03T08:28:31","date_gmt":"2026-09-03T08:28:31","guid":{"rendered":"https:\/\/www.europesays.com\/cz\/201062\/"},"modified":"2026-09-03T08:28:31","modified_gmt":"2026-09-03T08:28:31","slug":"herecka-lysenkova-postacka-z-chaluparu-byla-babickou-sester-geislerovych-dozivala-na-voziku","status":"publish","type":"post","link":"https:\/\/www.europesays.com\/cz\/201062\/","title":{"rendered":"Here\u010dka Lysenkov\u00e1, po\u0161\u0165a\u010dka z Chalup\u00e1\u0159\u016f, byla babi\u010dkou sester Geislerov\u00fdch. Do\u017e\u00edvala na voz\u00edku"},"content":{"rendered":"<p>\n                        Here\u010dku R\u016f\u017eenu Lysenkovou, provdanou Geislerovou, nejv\u00edce proslavila postava po\u0161tovn\u00ed doru\u010dovatelky Marie Bl\u00e1hov\u00e9 v seri\u00e1lu Chalup\u00e1\u0159i. Do\u017eila se po\u017eehnan\u00e9ho v\u011bku 94 let. V ned\u011bli 6. z\u00e1\u0159\u00ed od jej\u00ed smrti uplynulo 13 let. Jak\u00e9 bylo jej\u00ed soukrom\u00ed?\n                    <\/p>\n<p>P\u0159ed kamerou R\u016f\u017eena Lysenkov\u00e1 debutovala ve sv\u00fdch 31 letech v komedii Pytl\u00e1kova schovanka aneb \u0160lechetn\u00fd milion\u00e1\u0159, v n\u00ed\u017e ztv\u00e1rnila postavu sekret\u00e1\u0159ky. B\u011bhem sv\u00e9 hereck\u00e9 kari\u00e9ry se objevila v mnoha filmech a seri\u00e1lech. Do pov\u011bdom\u00ed televizn\u00edch div\u00e1k\u016f se zapsala p\u0159edev\u0161\u00edm d\u00edky seri\u00e1lu Chalup\u00e1\u0159i, kde p\u0159edstavovala po\u0161tovn\u00ed doru\u010dovatelku Marii Bl\u00e1hovou. V epizodn\u00edch rol\u00edch se objevila tak\u00e9 v seri\u00e1lech H\u0159\u00ed\u0161n\u00ed lid\u00e9 m\u011bsta pra\u017esk\u00e9ho, Mal\u00fd pitaval z velk\u00e9ho m\u011bsta, \u017dena za pultem nebo Panoptikum m\u011bsta pra\u017esk\u00e9ho. Jej\u00edm posledn\u00edm po\u010dinem byl film \u010cas je\u0159abin re\u017eis\u00e9ra Pavla H\u00e1\u0161i, kter\u00fd nato\u010dila ve sv\u00fdch 79 letech.<\/p>\n<p>\u010cT\u011aTE TAK\u00c9: <a target=\"_blank\" href=\"https:\/\/cnn.iprima.cz\/popelikova-z-nemocnice-na-kraji-mesta-zemrela-kratce-po-nataceni-zila-s-hercem-sklenckou-488934\" rel=\"nofollow noopener\">Doto\u010dila seri\u00e1l Nemocnice na kraji m\u011bsta a zem\u0159ela. Jak\u00e9 bylo soukrom\u00ed here\u010dky Niny Popel\u00edkov\u00e9?<\/a><\/p>\n<p>Se sv\u00fdm man\u017eelem, kter\u00fd byl doktorem pr\u00e1v, m\u011bla dv\u011b d\u011bti, syna Petra a dceru Zuzanu. Rodina pro ni byla v\u0161\u00edm a mohla b\u00fdt na ni velmi py\u0161n\u00e1. Syn Petr, kter\u00fd byl japonolog, p\u0159ekladatel a kaligraf, se stal otcem t\u0159\u00ed dcer: Lenky, Anny a Ester. Zat\u00edmco Lenka se stala v\u00fdtvarnic\u00ed a zp\u011bva\u010dkou, Anna a Ester \u00fasp\u011b\u0161n\u00fdmi here\u010dkami. Dcera Zuzana se stala rovn\u011b\u017e here\u010dkou a jej\u00edm man\u017eelem byl herec a dab\u00e9r Pavel Soukup. V man\u017eelstv\u00ed, kter\u00e9 skon\u010dilo rozvodem, se jim narodil syn Adam.<\/p>\n<p class=\"intro-title-mobile\">\n        \u010ct\u011bte tak\u00e9\n    <\/p>\n<p>        <a href=\"https:\/\/cnn.iprima.cz\/show-time\/proslavila-ji-role-servirky-v-serialu-chalupari-vdala-se-za-remundu-partnera-ivy-janzurove-519696\" class=\"image-link\" rel=\"nofollow noopener\" target=\"_blank\"><\/p>\n<p>            <img decoding=\"async\" loading=\"lazy\" class=\"image\" src=\"https:\/\/www.europesays.com\/cz\/wp-content\/uploads\/2026\/09\/e9abea24d84308839e58cc05291a0c6a.jpg\" alt=\"Stanislav Remuda se po rozvodu s Blankou Vikusovou dal dohromady s here\u010dkou Ivou Jan\u017eurovou, s kterou m\u011bl dv\u011b dcery: Sabinu (na sn\u00edmku) a Theodoru a \u017eil s n\u00ed a\u017e do konce sv\u00e9ho \u017eivota. \"\/><\/p>\n<p>            <\/a><\/p>\n<p class=\"intro-title-desktop\">\n            \u010ct\u011bte tak\u00e9\n        <\/p>\n<p>                <a href=\"https:\/\/cnn.iprima.cz\/show-time\/proslavila-ji-role-servirky-v-serialu-chalupari-vdala-se-za-remundu-partnera-ivy-janzurove-519696\" class=\"title-link\" rel=\"nofollow noopener\" target=\"_blank\"><\/p>\n<p class=\"title\">\n                Soukrom\u00ed Vikusov\u00e9 z Chalup\u00e1\u0159\u016f. Vdala se za Remundu, \u017eivotn\u00edho partnera sv\u00e9 slavn\u011bj\u0161\u00ed kolegyn\u011b\n            <\/p>\n<p>        <\/a><\/p>\n<p>                                                                                                23. srp 2026, 06:13<\/p>\n<p>                6 min \u010dten\u00ed<\/p>\n<p>R\u016f\u017eena Lysenkov\u00e1 vystudovala pra\u017eskou St\u00e1tn\u00ed konzervato\u0159. P\u016fvodn\u011b hr\u00e1vala v n\u011bkolika venkovsk\u00fdch divadeln\u00edch spole\u010dnostech, po osvobozen\u00ed z\u00edskala anga\u017em\u00e1 v Praze. P\u016fsobila v Divadle na Vinohradech, odkud p\u0159e\u0161la na sc\u00e9nu M\u011bstsk\u00fdch divadel pra\u017esk\u00fdch, kde str\u00e1vila nejdel\u0161\u00ed \u010d\u00e1st sv\u00e9 divadeln\u00ed kari\u00e9ry. \u201eR\u00e1da na to vzpom\u00edn\u00e1m. Se\u0161la se tam b\u00e1je\u010dn\u00e1 parta lid\u00ed v \u010dele s Otou Ornestem\u2026 Irenka Ka\u010d\u00edrkov\u00e1, Jaru\u0161ka Adamov\u00e1, Pepa Kemr, Rudla Hru\u0161\u00ednsk\u00fd, Pep\u00edk Bek\u2026 Nebyli jsme jen kolegov\u00e9, ale i p\u0159\u00e1tel\u00e9. \u010casto jsme se nav\u0161t\u011bvovali,\u201c vzpom\u00ednala b\u011bhem \u017eivota v rozhovoru pro CNN Prima NEWS.<\/p>\n<p>Skon\u010dila na invalidn\u00edm voz\u00edku<\/p>\n<p>R\u016f\u017eenu Lysenkovou, kter\u00e1 zem\u0159ela ve v\u011bku 94 let, na sklonku \u017eivota tr\u00e1pily zdravotn\u00ed probl\u00e9my. Podle <a target=\"_blank\" href=\"https:\/\/www.blesk.cz\/clanek\/celebrity-ceske-celebrity\/205968\/zesnula-babicka-ani-geislerove-ruzena-lysenkova-94-s-dlouhovekosti-jdete-do-haje.html\" rel=\"nofollow noopener\">den\u00edku Blesk<\/a> skon\u010dila na invalidn\u00edm voz\u00edku a do\u017e\u00edvala v ob\u011btav\u00e9 p\u00e9\u010di dcery Zuzany. \u201eRodina se o m\u011b postar\u00e1, ale stejn\u011b to nikomu nep\u0159eju. Moc v\u00e1m toho \u0159\u00edct nem\u016f\u017eu, nic si nepamatuju,\u201c sd\u011blovala zm\u00edn\u011bn\u00e9mu den\u00edku p\u0159ed svou smrt\u00ed.<\/p>\n<p>MOHLO V\u00c1M UNIKNOUT: <a target=\"_blank\" href=\"https:\/\/cnn.iprima.cz\/show-time\/herec-vavra-uzival-leky-po-nichz-zhubl-30-kg-jak-dnes-zije-predstavitel-filmovych-drsnaku-490563\" rel=\"nofollow noopener\">Herec Milo\u0161 V\u00e1vra zhubl 30 kg. Co dnes d\u011bl\u00e1 drs\u0148\u00e1k z film\u016f L\u00e1ska z pas\u00e1\u017ee a Kamar\u00e1d do de\u0161t\u011b?<\/a><\/p>\n<p class=\"!text-semibold-14-14 !text-black mb-0 mt-2\">\n                David v r\u00e1mci CNN Prima NEWS p\u00ed\u0161e p\u0159edev\u0161\u00edm o d\u011bn\u00ed na dom\u00e1c\u00ed sc\u00e9n\u011b. (david.lastovka@iprima.cz)\n            <\/p>\n","protected":false},"excerpt":{"rendered":"Here\u010dku R\u016f\u017eenu Lysenkovou, provdanou Geislerovou, nejv\u00edce proslavila postava po\u0161tovn\u00ed doru\u010dovatelky Marie Bl\u00e1hov\u00e9 v seri\u00e1lu Chalup\u00e1\u0159i. Do\u017eila se po\u017eehnan\u00e9ho&hellip;\n","protected":false},"author":2,"featured_media":201063,"comment_status":"","ping_status":"","sticky":false,"template":"","format":"standard","meta":{"footnotes":"","_share_on_mastodon":"0"},"categories":[14],"tags":[20325,1538,23668,79,12109,349,1448,46016,18826,46015,351,8397,649,1682,9639,80,9635],"class_list":["post-201062","post","type-post","status-publish","format-standard","has-post-thumbnail","category-zabava","tag-anna-geislerova","tag-celebrity","tag-chalupari","tag-entertainment","tag-ester-geislerova","tag-herec","tag-kultura","tag-marie-blahova","tag-pavel-soukup","tag-ruzena-lysenkova","tag-smrt","tag-spolecenska-rubrika","tag-spolecnost","tag-umeni","tag-umeni-a-zabava","tag-zabava","tag-zabava-a-media"],"share_on_mastodon":{"url":"https:\/\/pubeurope.com\/@cz\/117206169545006066","error":""},"_links":{"self":[{"href":"https:\/\/www.europesays.com\/cz\/wp-json\/wp\/v2\/posts\/201062","targetHints":{"allow":["GET"]}}],"collection":[{"href":"https:\/\/www.europesays.com\/cz\/wp-json\/wp\/v2\/posts"}],"about":[{"href":"https:\/\/www.europesays.com\/cz\/wp-json\/wp\/v2\/types\/post"}],"author":[{"embeddable":true,"href":"https:\/\/www.europesays.com\/cz\/wp-json\/wp\/v2\/users\/2"}],"replies":[{"embeddable":true,"href":"https:\/\/www.europesays.com\/cz\/wp-json\/wp\/v2\/comments?post=201062"}],"version-history":[{"count":0,"href":"https:\/\/www.europesays.com\/cz\/wp-json\/wp\/v2\/posts\/201062\/revisions"}],"wp:featuredmedia":[{"embeddable":true,"href":"https:\/\/www.europesays.com\/cz\/wp-json\/wp\/v2\/media\/201063"}],"wp:attachment":[{"href":"https:\/\/www.europesays.com\/cz\/wp-json\/wp\/v2\/media?parent=201062"}],"wp:term":[{"taxonomy":"category","embeddable":true,"href":"https:\/\/www.europesays.com\/cz\/wp-json\/wp\/v2\/categories?post=201062"},{"taxonomy":"post_tag","embeddable":true,"href":"https:\/\/www.europesays.com\/cz\/wp-json\/wp\/v2\/tags?post=201062"}],"curies":[{"name":"wp","href":"https:\/\/api.w.org\/{rel}","templated":true}]}}