{"id":201092,"date":"2026-09-03T08:50:11","date_gmt":"2026-09-03T08:50:11","guid":{"rendered":"https:\/\/www.europesays.com\/cz\/201092\/"},"modified":"2026-09-03T08:50:11","modified_gmt":"2026-09-03T08:50:11","slug":"loupit-neprestal-ani-po-navratu-z-vezeni-v-ostrave-prepadl-dva-lidi","status":"publish","type":"post","link":"https:\/\/www.europesays.com\/cz\/201092\/","title":{"rendered":"Loupit nep\u0159estal ani po n\u00e1vratu z\u00a0v\u011bzen\u00ed. V\u00a0Ostrav\u011b p\u0159epadl dva lidi"},"content":{"rendered":"<p class=\"c_bB\">K ob\u011bma loupe\u017en\u00fdm p\u0159epaden\u00edm do\u0161lo letos v\u00a0\u010dervenci. V\u00a0prvn\u00edm p\u0159\u00edpad\u011b brzy r\u00e1no lupi\u010d v\u00a0Moravsk\u00e9 Ostrav\u011b oslovil proch\u00e1zej\u00edc\u00edho mu\u017ee a\u00a0cht\u011bl p\u016fj\u010dit telefon, kter\u00fd mu n\u00e1sledn\u011b vytrhl z\u00a0ruky. \u201eSou\u010dasn\u011b mu m\u011bl p\u0159ilo\u017eit ke krku p\u0159edm\u011bt, kter\u00fd po\u0161kozen\u00fd pova\u017eoval za n\u016f\u017e,\u201c popsal policejn\u00ed komisa\u0159 Ji\u0159\u00ed Navr\u00e1til.<\/p>\n<p class=\"c_bB\">P\u0159epaden\u00fd podle policist\u016f v\u00a0obav\u011b o\u00a0sv\u00e9 zdrav\u00ed telefon lupi\u010di vydal. \u201eObvin\u011bn\u00fd cht\u011bl i\u00a0p\u0159\u00edstupov\u00fd k\u00f3d k\u00a0za\u0159\u00edzen\u00ed, ten mu v\u0161ak po\u0161kozen\u00fd nesd\u011blil a\u00a0z m\u00edsta utekl,\u201c uvedl Navr\u00e1til a\u00a0dodal, \u017ee zlod\u011bj mobil n\u00e1sledn\u011b prodal za tis\u00edcovku, za kterou si koupil potraviny. <\/p>\n<p class=\"c_bB\">V dal\u0161\u00edm p\u0159\u00edpad\u011b si obvin\u011bn\u00fd vyhl\u00e9dl \u017eenu v\u00a0autobuse m\u011bstsk\u00e9 hromadn\u00e9 dopravy. \u201ePo vystoupen\u00ed ji pron\u00e1sledoval a\u00a0na m\u00e9n\u011b frekventovan\u00e9m m\u00edst\u011b v\u00a0Ostrav\u011b-Koblov\u011b po n\u00ed pod pohr\u016f\u017ekou no\u017eem m\u011bl po\u017eadovat pen\u011b\u017eenku a\u00a0mobiln\u00ed telefon. \u017dena v\u0161ak za\u010dala k\u0159i\u010det, mu\u017ee odstr\u010dila a\u00a0z m\u00edsta utekla,\u201c p\u0159ibl\u00ed\u017eil policista.<\/p>\n<p><a data-dot=\"atm-link\" target=\"_self\" href=\"https:\/\/www.novinky.cz\/clanek\/krimi-sestnactilety-mladik-sikanoval-deti-na-taborskem-sidlisti-policiste-ho-stihaji-za-loupez-40593958\" class=\"c_I\" rel=\"nofollow noopener\"><img fetchpriority=\"high\" height=\"1780\" width=\"3164\" src=\"https:\/\/www.europesays.com\/cz\/wp-content\/uploads\/2026\/09\/1788425411_633_hasici-policie-xpolicie-xhasici.jpeg\" loading=\"eager\" decoding=\"sync\" class=\"c_t c_r\"\/><\/a><\/p>\n<p class=\"c_bB\">P\u0159i vy\u0161et\u0159ov\u00e1n\u00ed ostrav\u0161t\u00ed policist\u00e9 z\u00a05.\u00a0odd\u011blen\u00ed obecn\u00e9 kriminality zjistili, \u017ee mu\u017e byl za stejnou trestnou \u010dinnost v\u00a0minulosti nejm\u00e9n\u011b t\u0159ikr\u00e1t odsouzen k\u00a0nepodm\u00edn\u011bn\u00fdm trest\u016fm odn\u011bt\u00ed svobody.<\/p>\n<p class=\"c_bB\">\u201eObvin\u011bn\u00fd se k\u00a0ob\u011bma skutk\u016fm, kter\u00e9 jsou mu kladeny za vinu, doznal. Jako d\u016fvod sv\u00e9ho jedn\u00e1n\u00ed uvedl, \u017ee po n\u00e1vratu z\u00a0v\u00fdkonu trestu odn\u011bt\u00ed svobody nezvl\u00e1dl p\u0159echod do civiln\u00edho \u017eivota,\u201c uvedl Navr\u00e1til. V\u00a0sou\u010dasn\u00e9 dob\u011b je st\u00edh\u00e1n vazebn\u011b. V\u00a0p\u0159\u00edpad\u011b odsouzen\u00ed mu hroz\u00ed trest odn\u011bt\u00ed svobody od dvou do deseti let.<\/p>\n<p><a data-dot=\"atm-link\" target=\"_self\" href=\"https:\/\/www.novinky.cz\/clanek\/krimi-vyherce-z-kasina-oloupili-muzi-v-liberci-na-ulici-z-lupu-se-radovali-necelou-hodinu-40594880\" class=\"c_I\" rel=\"nofollow noopener\"><img height=\"720\" width=\"1280\" src=\"https:\/\/www.europesays.com\/cz\/wp-content\/uploads\/2026\/09\/penize.jpeg\" loading=\"eager\" decoding=\"sync\" class=\"c_t c_r\"\/><\/a><\/p>\n","protected":false},"excerpt":{"rendered":"K ob\u011bma loupe\u017en\u00fdm p\u0159epaden\u00edm do\u0161lo letos v\u00a0\u010dervenci. V\u00a0prvn\u00edm p\u0159\u00edpad\u011b brzy r\u00e1no lupi\u010d v\u00a0Moravsk\u00e9 Ostrav\u011b oslovil proch\u00e1zej\u00edc\u00edho mu\u017ee a\u00a0cht\u011bl&hellip;\n","protected":false},"author":2,"featured_media":201093,"comment_status":"","ping_status":"","sticky":false,"template":"","format":"standard","meta":{"footnotes":"","_share_on_mastodon":"0"},"categories":[7],"tags":[43,42,41,40,795,8089,743,744],"class_list":["post-201092","post","type-post","status-publish","format-standard","has-post-thumbnail","category-cesko","tag-ceska-republika","tag-cesko","tag-czech-republic","tag-czechia","tag-kriminalita","tag-loupeze","tag-moravskoslezsky-kraj","tag-ostrava"],"share_on_mastodon":{"url":"https:\/\/pubeurope.com\/@cz\/117206255245296927","error":""},"_links":{"self":[{"href":"https:\/\/www.europesays.com\/cz\/wp-json\/wp\/v2\/posts\/201092","targetHints":{"allow":["GET"]}}],"collection":[{"href":"https:\/\/www.europesays.com\/cz\/wp-json\/wp\/v2\/posts"}],"about":[{"href":"https:\/\/www.europesays.com\/cz\/wp-json\/wp\/v2\/types\/post"}],"author":[{"embeddable":true,"href":"https:\/\/www.europesays.com\/cz\/wp-json\/wp\/v2\/users\/2"}],"replies":[{"embeddable":true,"href":"https:\/\/www.europesays.com\/cz\/wp-json\/wp\/v2\/comments?post=201092"}],"version-history":[{"count":0,"href":"https:\/\/www.europesays.com\/cz\/wp-json\/wp\/v2\/posts\/201092\/revisions"}],"wp:featuredmedia":[{"embeddable":true,"href":"https:\/\/www.europesays.com\/cz\/wp-json\/wp\/v2\/media\/201093"}],"wp:attachment":[{"href":"https:\/\/www.europesays.com\/cz\/wp-json\/wp\/v2\/media?parent=201092"}],"wp:term":[{"taxonomy":"category","embeddable":true,"href":"https:\/\/www.europesays.com\/cz\/wp-json\/wp\/v2\/categories?post=201092"},{"taxonomy":"post_tag","embeddable":true,"href":"https:\/\/www.europesays.com\/cz\/wp-json\/wp\/v2\/tags?post=201092"}],"curies":[{"name":"wp","href":"https:\/\/api.w.org\/{rel}","templated":true}]}}