{"id":201124,"date":"2026-09-03T09:20:13","date_gmt":"2026-09-03T09:20:13","guid":{"rendered":"https:\/\/www.europesays.com\/cz\/201124\/"},"modified":"2026-09-03T09:20:13","modified_gmt":"2026-09-03T09:20:13","slug":"zavirani-konzulatu-putina-nezastavi-evropa-po-ruskych-provokacich-predvadi-dal-jen-bezmocne-divadlo","status":"publish","type":"post","link":"https:\/\/www.europesays.com\/cz\/201124\/","title":{"rendered":"Zav\u00edr\u00e1n\u00ed konzul\u00e1t\u016f Putina nezastav\u00ed. Evropa po rusk\u00fdch provokac\u00edch p\u0159edv\u00e1d\u00ed d\u00e1l jen bezmocn\u00e9 divadlo"},"content":{"rendered":"<p>N\u011bmeck\u00e1 vl\u00e1da ofici\u00e1ln\u011b obvinila Rusko z pokusu o \u00fatok pomoc\u00ed dronu s v\u00fdbu\u0161ninami na leti\u0161ti v Lipsku 4. srpna. Rusko pop\u00edr\u00e1 jakoukoli souvislost s touto ud\u00e1lost\u00ed. Velvyslanectv\u00ed Rusk\u00e9 federace v Berl\u00edn\u011b d\u0159\u00edve ozna\u010dilo obvin\u011bn\u00ed v\u016f\u010di Moskv\u011b za \u201enarychlo zinscenovanou provokaci\u201c a prohl\u00e1silo, \u017ee slou\u017e\u00ed z\u00e1jm\u016fm Kyjeva a zast\u00e1nc\u016f pos\u00edlen\u00ed vojensk\u00e9 podpory Ukrajiny. B\u00fdval\u00fd rusk\u00fd prezident a m\u00edstop\u0159edseda Rady bezpe\u010dnosti Rusk\u00e9 federace Dmitrij Medved\u011bv nemohl na tuto ud\u00e1lost nereagovat a z\u0159ejm\u011b hned po vyst\u0159\u00edzliv\u011bn\u00ed prohl\u00e1sil, \u017ee N\u011bmecko si zaslou\u017e\u00ed \u00fatoky na podniky vyr\u00e1b\u011bj\u00edc\u00ed zbran\u011b pro ukrajinskou arm\u00e1du. Rovn\u011b\u017e prohl\u00e1sil, \u017ee tento incident, kter\u00fd ozna\u010dil za smy\u0161len\u00fd, p\u0159edstavuje \u201enejm\u00edrn\u011bj\u0161\u00ed formu trestu za h\u0159\u00edchy\u201c sou\u010dasn\u00e9 n\u011bmeck\u00e9 vl\u00e1dy.<\/p>\n<p>Pro p\u0159\u00edpad, \u017ee by to n\u011bkdo zapomn\u011bl, zopakuji (nebude to zbyte\u010dn\u00e9) \u2013 Putin je loutkoherec, kter\u00fd dr\u017e\u00ed v ruce loutku jm\u00e9nem Medved\u011bv, a v\u0161em se zd\u00e1, \u017ee slova pron\u00e1\u0161\u00ed loutka, ale ve skute\u010dnosti vych\u00e1zej\u00ed od \u010dlov\u011bka, kter\u00fd touto loutkou vl\u00e1dne. A pokud Medved\u011bv \u0159\u00edk\u00e1, \u017ee N\u011bmecko si zaslou\u017e\u00ed \u00fadery na pr\u016fmyslov\u00e9 podniky, v\u011b\u0159te, \u017ee p\u0159esn\u011b tak to mysl\u00ed s\u00e1m Putin, jen tato slova nevyslovuje s\u00e1m, aby si zachoval reputaci chladnokrevn\u00e9ho politika.<\/p>\n<p>S Ruskem je to jasn\u00e9, jako obvykle v\u0161e pop\u00edr\u00e1 a naz\u00fdv\u00e1 idioty ty, kdo Moskvu z \u010dehokoli obvi\u0148uj\u00ed. Ale co N\u011bmecko? Jak reagovalo na takov\u00fd krok ze strany Ruska? N\u011bmecko uzav\u0159elo gener\u00e1ln\u00ed konzul\u00e1ty v Bonnu a \u201eRusk\u00fd d\u016fm\u201c v Berl\u00edn\u011b. Tady by se hodilo vlo\u017eit meme, kde je na \u010dern\u00e9 obrazovce naps\u00e1no \u201eDirected by Robert B. Weide\u201c, proto\u017ee tomu se ani ned\u00e1 \u0159\u00edkat odpov\u011b\u010f.<\/p>\n<p>Anekdota o zav\u00edr\u00e1n\u00ed konzul\u00e1t\u016f<\/p>\n<p>Za prv\u00e9 mi p\u0159ipad\u00e1 podivn\u00e9, \u017ee gener\u00e1ln\u00ed konzul\u00e1ty a \u201eRusk\u00fd d\u016fm\u201c na \u00fazem\u00ed N\u011bmecka v\u016fbec je\u0161t\u011b funguj\u00ed. Rusko u\u017e p\u011bt let \u00fato\u010d\u00ed na evropsk\u00fd st\u00e1t, propaganda vyhro\u017euje, \u017ee smete Evropu z povrchu zemsk\u00e9ho, ale z n\u011bjak\u00e9ho d\u016fvodu se Scholz a Merz rozhodli nechat ve sv\u00e9 zemi funguj\u00edc\u00ed kousek \u201erusk\u00e9ho sv\u011bta\u201c.<\/p>\n<p><a class=\"article-card__image\" data-ac-image=\"\" href=\"https:\/\/www.reflex.cz\/clanek\/komentare\/137983\/putin-poodhalil-svoje-valecne-plany-na-setkani-se-skolaky-vyslal-evrope-ostry-vzkaz.html\" title=\"Putin poodhalil svoje v\u00e1le\u010dn\u00e9 pl\u00e1ny. Na setk\u00e1n\u00ed se \u0161kol\u00e1ky vyslal Evrop\u011b ostr\u00fd vzkaz\" rel=\"nofollow noopener\" target=\"_blank\"><img decoding=\"async\" alt=\"Putin poodhalil svoje v\u00e1le\u010dn\u00e9 pl\u00e1ny. Na setk\u00e1n\u00ed se \u0161kol\u00e1ky vyslal Evrop\u011b ostr\u00fd vzkaz\" title=\"Putin poodhalil svoje v\u00e1le\u010dn\u00e9 pl\u00e1ny. Na setk\u00e1n\u00ed se \u0161kol\u00e1ky vyslal Evrop\u011b ostr\u00fd vzkaz\" class=\"\" data-magazine=\"\" src=\"https:\/\/www.europesays.com\/cz\/wp-content\/uploads\/2026\/09\/9930078.jpg\" loading=\"lazy\" style=\"aspect-ratio: 328 \/ 184\"\/><\/a><a class=\"article-card__title-link line-limit-3\" data-ac-title=\"\" href=\"https:\/\/www.reflex.cz\/clanek\/komentare\/137983\/putin-poodhalil-svoje-valecne-plany-na-setkani-se-skolaky-vyslal-evrope-ostry-vzkaz.html\" title=\"Putin poodhalil svoje v\u00e1le\u010dn\u00e9 pl\u00e1ny. Na setk\u00e1n\u00ed se \u0161kol\u00e1ky vyslal Evrop\u011b ostr\u00fd vzkaz\" rel=\"nofollow noopener\" target=\"_blank\">Putin poodhalil svoje v\u00e1le\u010dn\u00e9 pl\u00e1ny. Na setk\u00e1n\u00ed se \u0161kol\u00e1ky vyslal Evrop\u011b ostr\u00fd vzkaz<\/a><\/p>\n<p>Za druh\u00e9, hlavy evropsk\u00fdch st\u00e1t\u016f si z n\u011bjak\u00e9ho d\u016fvodu mysl\u00ed, \u017ee uzav\u0159en\u00ed velvyslanectv\u00ed a konzul\u00e1t\u016f je pro Rusko dostate\u010dn\u00fdm \u00faderem. Uji\u0161\u0165uji v\u00e1s, \u017ee jim je to \u00fapln\u011b jedno. Stejn\u011b jako jsem proto\u010dila o\u010di, kdy\u017e jsem \u010detla o n\u011bmeck\u00e9 reakci na krok Moskvy, si mysl\u00edm, \u017ee ru\u0161t\u00ed \u00fa\u0159edn\u00edci reagovali p\u0159esn\u011b stejn\u011b. Zn\u00ed to skoro jako anekdota \u2013 N\u011bmci se n\u011bjak rozhodli zav\u0159\u00edt \u201eRusk\u00fd d\u016fm\u201c po \u00fatoku na leti\u0161t\u011b.<\/p>\n<p>\u010cesk\u00e1 zku\u0161enost: Vrb\u011btice bez trestu<\/p>\n<p>Nev\u00edm, pro\u010d si evrop\u0161t\u00ed l\u00edd\u0159i mysl\u00ed, \u017ee velvyslanectv\u00ed je n\u011bjak\u00fd posv\u00e1tn\u00fd objekt. Vzpome\u0148me si, co n\u00e1sledovalo pot\u00e9, co \u010cesk\u00e1 republika obvinila rusk\u00e9 tajn\u00e9 slu\u017eby z organizov\u00e1n\u00ed v\u00fdbuch\u016f ve skladech munice ve Vrb\u011btic\u00edch. Rusko tradi\u010dn\u011b v\u0161echna obvin\u011bn\u00ed pop\u0159elo a ozna\u010dilo je za \u201eabsurdn\u00ed\u201c. Moskva tedy zorganizovala v\u00fdbuchy sklad\u016f na \u00fazem\u00ed \u010cesk\u00e9 republiky, p\u0159i nich\u017e zahynuli dva lid\u00e9, a \u010cesk\u00e1 republika na to reagovala t\u00edm, \u017ee z Prahy vyhostila 18 zam\u011bstnanc\u016f rusk\u00e9ho velvyslanectv\u00ed a vyhl\u00e1sila p\u00e1tr\u00e1n\u00ed po Petrovovi a Ba\u0161irovovi. Kdyby to n\u00e1hodou n\u011bkdo zapomn\u011bl, tehdy (stejn\u011b jako dnes) zast\u00e1val funkci p\u0159edsedy vl\u00e1dy Andrej Babi\u0161.<\/p>\n<p>Rusko v\u0161ak v reakci na to vyhostilo 20 \u010desk\u00fdch diplomat\u016f. V\u00edte, pro\u010d pro Rusko diplomat\u00e9 a velvyslanectv\u00ed nic neznamenaj\u00ed? Proto\u017ee diplomacie je v\u011bc, kter\u00e1 m\u00e1 v\u00fdznam pouze na Z\u00e1pad\u011b. Ruskou diplomaci\u00ed je s\u00edla. Kdo je siln\u011bj\u0161\u00ed, ten je \u0161\u00e9f. Pro Moskvu nemaj\u00ed \u017e\u00e1dn\u00e9 dohody, dokumenty ani jin\u00e9 smlouvy \u017e\u00e1dnou v\u00e1hu. Jedin\u00e9, na \u010dem z\u00e1le\u017e\u00ed, je udr\u017eovat Evropu ve strachu a podrobit si ji. V\u017edy\u0165 podle Ruska diplomati nemohou nic ud\u011blat, pokud se Rusko rozhodne demonstrovat svou s\u00edlu. A v tom m\u00e1 pravdu. Kdy\u017e Rusko za\u00fato\u010dilo na Ukrajinu, \u017e\u00e1dn\u00fd diplomat nebyl schopen Moskvu zastavit.<\/p>\n<p>Kdy\u017e t\u011b kopou, ne\u0159\u00edkej, \u017ee to bol\u00ed<\/p>\n<p>Proto bu\u010fme up\u0159\u00edmn\u00ed: byl n\u011bkdo potrest\u00e1n za to, co se stalo v \u010cesk\u00e9 republice? Ne. Bude n\u011bkdo potrest\u00e1n za to, co se stalo v N\u011bmecku? Ne. Proto\u017ee odvol\u00e1n\u00ed diplomat\u016f do jejich rodn\u00e9ho p\u0159\u00edstavu a uzav\u0159en\u00ed velvyslanectv\u00ed nen\u00ed trest, ale pouze mal\u00fd sign\u00e1l, \u017ee \u00fatoky ze strany Ruska jsou nep\u0159\u00edjemn\u00e9. Je to podobn\u00e9, jako kdy\u017e se chulig\u00e1n p\u0159ibl\u00ed\u017e\u00ed ke kolemjdouc\u00edmu, za\u010dne ho kopat a ob\u011b\u0165 \u0159ekne, \u017ee to bol\u00ed a \u017ee je to nep\u0159\u00edjemn\u00e9. Chulig\u00e1n se tomu jen zasm\u011bje a bude ho d\u00e1l ml\u00e1tit a\u017e do bezv\u011bdom\u00ed.<\/p>\n<p><a class=\"article-card__image\" data-ac-image=\"\" href=\"https:\/\/www.reflex.cz\/clanek\/zpravy\/137904\/s-krysou-v-koute-se-nevyjednava-ale-bojuje-putinuv-zazitek-z-detstvi-dal-desi-svet.html\" title=\"S krysou v kout\u011b se nevyjedn\u00e1v\u00e1, ale bojuje. Putin\u016fv z\u00e1\u017eitek z d\u011btstv\u00ed d\u00e1l d\u011bs\u00ed sv\u011bt \" rel=\"nofollow noopener\" target=\"_blank\"><img decoding=\"async\" alt=\"S krysou v kout\u011b se nevyjedn\u00e1v\u00e1, ale bojuje. Putin\u016fv z\u00e1\u017eitek z d\u011btstv\u00ed d\u00e1l d\u011bs\u00ed sv\u011bt \" title=\"S krysou v kout\u011b se nevyjedn\u00e1v\u00e1, ale bojuje. Putin\u016fv z\u00e1\u017eitek z d\u011btstv\u00ed d\u00e1l d\u011bs\u00ed sv\u011bt \" class=\"\" data-magazine=\"\" src=\"https:\/\/www.europesays.com\/cz\/wp-content\/uploads\/2026\/09\/9951331.jpg\" loading=\"lazy\" style=\"aspect-ratio: 328 \/ 184\"\/><\/a><a class=\"article-card__title-link line-limit-3\" data-ac-title=\"\" href=\"https:\/\/www.reflex.cz\/clanek\/zpravy\/137904\/s-krysou-v-koute-se-nevyjednava-ale-bojuje-putinuv-zazitek-z-detstvi-dal-desi-svet.html\" title=\"S krysou v kout\u011b se nevyjedn\u00e1v\u00e1, ale bojuje. Putin\u016fv z\u00e1\u017eitek z d\u011btstv\u00ed d\u00e1l d\u011bs\u00ed sv\u011bt \" rel=\"nofollow noopener\" target=\"_blank\">S krysou v kout\u011b se nevyjedn\u00e1v\u00e1, ale bojuje. Putin\u016fv z\u00e1\u017eitek z d\u011btstv\u00ed d\u00e1l d\u011bs\u00ed sv\u011bt <\/a><\/p>\n<p>Mnoz\u00ed v\u0161ak mohou nam\u00edtnout, \u017ee kdy\u017e se o v\u00fdbu\u0161\u00edch v \u010cesk\u00e9 republice dozv\u011bd\u011bli, v\u00e1lka je\u0161t\u011b neprob\u00edhala a jak jinak m\u011bla \u010cesk\u00e1 republika reagovat? \u00dato\u010dit na opl\u00e1tku? Nemohu \u0159\u00edkat, co m\u011bly \u00fa\u0159ady ud\u011blat, jednodu\u0161e proto, \u017ee nejsem ob\u010dankou \u010cesk\u00e9 republiky, ale j\u00e1 bych p\u0159inejmen\u0161\u00edm uzav\u0159ela hranice pro vstup Rus\u016f a pe\u010dliv\u011b prolustrovala ty, kte\u0159\u00ed ji\u017e v zemi byli.<\/p>\n<p>Z\u00e1padn\u00ed intelektu\u00e1ln\u00ed p\u0159evaha Putina neosln\u00ed<\/p>\n<p>N\u011bmecko se p\u0159itom teprve nyn\u00ed po p\u011bti letech v\u00e1lky a pokusu o \u00fatok na leti\u0161t\u011b v N\u011bmecku rozhodlo zp\u0159\u00edsnit kontroly p\u0159i vstupu Rus\u016f do zem\u011b. Je\u0161t\u011b jednou: nejde o z\u00e1kaz vstupu, ale o zp\u0159\u00edsn\u011bn\u00ed kontrol. Zase se ozvou hlasy, \u017ee Putin n\u011bco d\u011bl\u00e1, zat\u00edmco trp\u00ed chud\u00ed a ne\u0161\u0165astn\u00ed Rusov\u00e9. Co na to \u0159\u00edct\u2026 takov\u00e1 je cena, proto\u017ee prezident Rusk\u00e9 federace jedn\u00e1 jm\u00e9nem v\u0161ech dr\u017eitel\u016f \u010derven\u00e9ho pasu, i kdy\u017e se to n\u011bkomu nel\u00edb\u00ed. A mysl\u00edm si, \u017ee ani to by nebyla adekv\u00e1tn\u00ed reakce, proto\u017ee byly ohro\u017eeny \u017eivoty N\u011bmc\u016f. V\u00a0p\u0159\u00edpad\u011b Vrb\u011btic dokonce dva lid\u00e9 o \u017eivot p\u0159i\u0161li.<\/p>\n<p><a class=\"article-card__image\" data-ac-image=\"\" href=\"https:\/\/www.reflex.cz\/clanek\/komentare\/137794\/mizerne-ruske-vyhlidky-ropa-a-atomove-zbrane-nestaci-ekonomicka-krize-muze-mit-dopady-na-valku.html\" title=\"Mizern\u00e9 rusk\u00e9 vyhl\u00eddky. Ropa a atomov\u00e9 zbran\u011b nesta\u010d\u00ed. Ekonomick\u00e1 krize m\u016f\u017ee m\u00edt dopady na v\u00e1lku\" rel=\"nofollow noopener\" target=\"_blank\"><img decoding=\"async\" alt=\"Mizern\u00e9 rusk\u00e9 vyhl\u00eddky. Ropa a atomov\u00e9 zbran\u011b nesta\u010d\u00ed. Ekonomick\u00e1 krize m\u016f\u017ee m\u00edt dopady na v\u00e1lku\" title=\"Mizern\u00e9 rusk\u00e9 vyhl\u00eddky. Ropa a atomov\u00e9 zbran\u011b nesta\u010d\u00ed. Ekonomick\u00e1 krize m\u016f\u017ee m\u00edt dopady na v\u00e1lku\" class=\"\" data-magazine=\"\" src=\"https:\/\/www.europesays.com\/cz\/wp-content\/uploads\/2026\/09\/9947679.jpg\" loading=\"lazy\" style=\"aspect-ratio: 328 \/ 184\"\/><\/a><a class=\"article-card__title-link line-limit-3\" data-ac-title=\"\" href=\"https:\/\/www.reflex.cz\/clanek\/komentare\/137794\/mizerne-ruske-vyhlidky-ropa-a-atomove-zbrane-nestaci-ekonomicka-krize-muze-mit-dopady-na-valku.html\" title=\"Mizern\u00e9 rusk\u00e9 vyhl\u00eddky. Ropa a atomov\u00e9 zbran\u011b nesta\u010d\u00ed. Ekonomick\u00e1 krize m\u016f\u017ee m\u00edt dopady na v\u00e1lku\" rel=\"nofollow noopener\" target=\"_blank\">Mizern\u00e9 rusk\u00e9 vyhl\u00eddky. Ropa a atomov\u00e9 zbran\u011b nesta\u010d\u00ed. Ekonomick\u00e1 krize m\u016f\u017ee m\u00edt dopady na v\u00e1lku<\/a><\/p>\n<p>Situace s N\u011bmeckem je v\u0161ak zcela jin\u00e1. Rusko vede nel\u00edtostnou v\u00e1lku, a proto nen\u00ed d\u016fvod se k n\u011bmu chovat zdvo\u0159ile a d\u00e1vat najevo svou intelektu\u00e1ln\u00ed p\u0159evahu \u2013 to si nechte a\u017e po v\u00e1lce. N\u011bmecko m\u00e1 nyn\u00ed k dispozici celou \u0159adu n\u00e1stroj\u016f, jak na Rusko vyv\u00edjet tlak. Sankce, zv\u00fd\u0161en\u00ed pomoci Ukrajin\u011b, ba dokonce by bylo mo\u017en\u00e9 prov\u00e9st odvetn\u00fd pokus o \u00fatok na leti\u0161t\u011b \u2013 v Rusku jich je tolik, \u017ee je t\u011b\u017ek\u00e9 je spo\u010d\u00edtat. Tehdy by u\u017e bylo jasn\u00e9, \u017ee s N\u011bmeckem se nem\u00e1 zapl\u00e9tat, \u017ee po \u00faderu bude n\u00e1sledovat odvetn\u00fd \u00fader.<\/p>\n<p>\u0160koln\u00ed s\u00edgr ustoup\u00ed, jen kdy\u017e p\u0159ijde o zuby<\/p>\n<p>Reakce N\u011bmecka, stejn\u011b jako v minulosti reakce \u010cesk\u00e9 republiky jen utvrzuj\u00ed Putina v p\u0159esv\u011bd\u010den\u00ed, \u017ee Evropa je slab\u00e1 a Moskv\u011b za \u00fatoky nijak neodpov\u00ed. A pro\u010d v tom v takov\u00e9m p\u0159\u00edpad\u011b nepokra\u010dovat? Babi\u0161 st\u00e1l na stran\u011b Ruska tehdy i nyn\u00ed, a\u0165 se sna\u017e\u00ed jakkoli h\u00e1zet p\u00edsek do o\u010d\u00ed, ty, kte\u0159\u00ed nos\u00ed plynov\u00e9 masky, nelze oklamat.<\/p>\n<p>Merz se v\u0161ak, stejn\u011b jako ostatn\u00ed boj\u00ed \u201eeskalace\u201c, a\u010dkoli by se zd\u00e1lo, \u017ee u\u017e nen\u00ed kam eskalovat. V Evrop\u011b panuje strach, \u017ee pokud za\u010dnete Putinovi odpov\u00eddat, bude \u00fato\u010dit je\u0161t\u011b v\u00edce. Putin od v\u00e1s ustoup\u00ed, a\u017e kdy\u017e po siln\u00e9m \u00faderu p\u0159ijde o p\u00e1r zub\u016f, jinak se bude chovat jako t\u0159\u00eddn\u00ed s\u00edgr, kter\u00fd ka\u017ed\u00fd den bere kapesn\u00e9 slab\u0161\u00edmu spolu\u017e\u00e1kovi.<\/p>\n","protected":false},"excerpt":{"rendered":"N\u011bmeck\u00e1 vl\u00e1da ofici\u00e1ln\u011b obvinila Rusko z pokusu o \u00fatok pomoc\u00ed dronu s v\u00fdbu\u0161ninami na leti\u0161ti v Lipsku 4.&hellip;\n","protected":false},"author":2,"featured_media":201125,"comment_status":"","ping_status":"","sticky":false,"template":"","format":"standard","meta":{"footnotes":"","_share_on_mastodon":"0"},"categories":[3],"tags":[39479,266,42,109,108,106,533,1726,375,61,31091,166],"class_list":["post-201124","post","type-post","status-publish","format-standard","has-post-thumbnail","category-evropa","tag-ambasada","tag-andrej-babis","tag-cesko","tag-europa","tag-europe","tag-evropa","tag-letiste","tag-moskva","tag-nemecko","tag-rusko","tag-vlada-spolkove-republiky-nemecko","tag-vladimir-putin"],"share_on_mastodon":{"url":"https:\/\/pubeurope.com\/@cz\/117206373585517206","error":""},"_links":{"self":[{"href":"https:\/\/www.europesays.com\/cz\/wp-json\/wp\/v2\/posts\/201124","targetHints":{"allow":["GET"]}}],"collection":[{"href":"https:\/\/www.europesays.com\/cz\/wp-json\/wp\/v2\/posts"}],"about":[{"href":"https:\/\/www.europesays.com\/cz\/wp-json\/wp\/v2\/types\/post"}],"author":[{"embeddable":true,"href":"https:\/\/www.europesays.com\/cz\/wp-json\/wp\/v2\/users\/2"}],"replies":[{"embeddable":true,"href":"https:\/\/www.europesays.com\/cz\/wp-json\/wp\/v2\/comments?post=201124"}],"version-history":[{"count":0,"href":"https:\/\/www.europesays.com\/cz\/wp-json\/wp\/v2\/posts\/201124\/revisions"}],"wp:featuredmedia":[{"embeddable":true,"href":"https:\/\/www.europesays.com\/cz\/wp-json\/wp\/v2\/media\/201125"}],"wp:attachment":[{"href":"https:\/\/www.europesays.com\/cz\/wp-json\/wp\/v2\/media?parent=201124"}],"wp:term":[{"taxonomy":"category","embeddable":true,"href":"https:\/\/www.europesays.com\/cz\/wp-json\/wp\/v2\/categories?post=201124"},{"taxonomy":"post_tag","embeddable":true,"href":"https:\/\/www.europesays.com\/cz\/wp-json\/wp\/v2\/tags?post=201124"}],"curies":[{"name":"wp","href":"https:\/\/api.w.org\/{rel}","templated":true}]}}