{"id":201126,"date":"2026-09-03T09:21:17","date_gmt":"2026-09-03T09:21:17","guid":{"rendered":"https:\/\/www.europesays.com\/cz\/201126\/"},"modified":"2026-09-03T09:21:17","modified_gmt":"2026-09-03T09:21:17","slug":"vazna-nehoda-dvou-nakladaku-blokuje-prijezd-do-prahy","status":"publish","type":"post","link":"https:\/\/www.europesays.com\/cz\/201126\/","title":{"rendered":"V\u00e1\u017en\u00e1 nehoda dvou n\u00e1kla\u010f\u00e1k\u016f blokuje p\u0159\u00edjezd do Prahy"},"content":{"rendered":"<p class=\"c_bB\">Nehoda se kolem 10.00\u00a0stala v\u00a0C\u00ednoveck\u00e9 ulici pobl\u00ed\u017e Zdib.<\/p>\n<p class=\"c_bB\">\u201eJedn\u00e1 se o\u00a0dopravn\u00ed nehodu dvou n\u00e1kladn\u00edch automobil\u016f,\u201c informovali hasi\u010di kr\u00e1tce po 10.00.<\/p>\n<p class=\"c_bB\">Jednoho z\u00a0\u0159idi\u010d\u016f museli hasi\u010di vypro\u0161\u0165ovat, z\u00e1chran\u00e1\u0159i pak pokra\u010dovali v\u00a0resuscitaci.<\/p>\n<p class=\"c_bB\">\u201eProvoz je i\u00a0nad\u00e1le kompletn\u011b zastaven,\u201c uvedli hasi\u010di kr\u00e1tce p\u0159ed 11.00.<\/p>\n<p class=\"c_bB\">Nehoda zkomplikovala provoz na jedn\u00e9 z\u00a0p\u00e1te\u0159n\u00edch dopravn\u00edch tepen v\u00a0metropoli, na C\u00ednoveckou sm\u011brem z\u00a0Prahy navazuje d\u00e1lnice D8.<\/p>\n<p><img fetchpriority=\"high\" height=\"1080\"   width=\"1920\" src=\"https:\/\/www.europesays.com\/cz\/wp-content\/uploads\/2026\/09\/cinovecka-nehoda-nakladak.jpeg\" loading=\"eager\" decoding=\"sync\" class=\"c_t c_r\"\/>Foto: Pavel Ja\u0148urek, Novinky<\/p>\n<p class=\"c_bB\">V\u00e1\u017en\u00e1 nehoda dvou n\u00e1kla\u010f\u00e1k\u016f v\u00a0C\u00ednoveck\u00e9<\/p>\n<p><a data-dot=\"atm-link\" target=\"_self\" href=\"https:\/\/www.novinky.cz\/clanek\/krimi-na-vypadovce-na-dalnice-d8-se-srazila-dve-nakladni-a-osobni-auto-priletel-vrtulnik-40326978\" class=\"c_I\" rel=\"nofollow noopener\"><img height=\"720\" width=\"1280\" src=\"https:\/\/www.europesays.com\/cz\/wp-content\/uploads\/2026\/09\/DKbDIO.jpeg\" loading=\"eager\" decoding=\"sync\" class=\"c_t c_r\"\/><\/a><\/p>\n","protected":false},"excerpt":{"rendered":"Nehoda se kolem 10.00\u00a0stala v\u00a0C\u00ednoveck\u00e9 ulici pobl\u00ed\u017e Zdib. \u201eJedn\u00e1 se o\u00a0dopravn\u00ed nehodu dvou n\u00e1kladn\u00edch automobil\u016f,\u201c informovali hasi\u010di kr\u00e1tce&hellip;\n","protected":false},"author":2,"featured_media":201127,"comment_status":"","ping_status":"","sticky":false,"template":"","format":"standard","meta":{"footnotes":"","_share_on_mastodon":"0"},"categories":[30],"tags":[3145,98,99],"class_list":["post-201126","post","type-post","status-publish","format-standard","has-post-thumbnail","category-praha","tag-nehody","tag-prague","tag-praha"],"share_on_mastodon":{"url":"https:\/\/pubeurope.com\/@cz\/117206377066234240","error":""},"_links":{"self":[{"href":"https:\/\/www.europesays.com\/cz\/wp-json\/wp\/v2\/posts\/201126","targetHints":{"allow":["GET"]}}],"collection":[{"href":"https:\/\/www.europesays.com\/cz\/wp-json\/wp\/v2\/posts"}],"about":[{"href":"https:\/\/www.europesays.com\/cz\/wp-json\/wp\/v2\/types\/post"}],"author":[{"embeddable":true,"href":"https:\/\/www.europesays.com\/cz\/wp-json\/wp\/v2\/users\/2"}],"replies":[{"embeddable":true,"href":"https:\/\/www.europesays.com\/cz\/wp-json\/wp\/v2\/comments?post=201126"}],"version-history":[{"count":0,"href":"https:\/\/www.europesays.com\/cz\/wp-json\/wp\/v2\/posts\/201126\/revisions"}],"wp:featuredmedia":[{"embeddable":true,"href":"https:\/\/www.europesays.com\/cz\/wp-json\/wp\/v2\/media\/201127"}],"wp:attachment":[{"href":"https:\/\/www.europesays.com\/cz\/wp-json\/wp\/v2\/media?parent=201126"}],"wp:term":[{"taxonomy":"category","embeddable":true,"href":"https:\/\/www.europesays.com\/cz\/wp-json\/wp\/v2\/categories?post=201126"},{"taxonomy":"post_tag","embeddable":true,"href":"https:\/\/www.europesays.com\/cz\/wp-json\/wp\/v2\/tags?post=201126"}],"curies":[{"name":"wp","href":"https:\/\/api.w.org\/{rel}","templated":true}]}}