{"id":201128,"date":"2026-09-03T09:22:08","date_gmt":"2026-09-03T09:22:08","guid":{"rendered":"https:\/\/www.europesays.com\/cz\/201128\/"},"modified":"2026-09-03T09:22:08","modified_gmt":"2026-09-03T09:22:08","slug":"ukrajinska-basketbalistka-odesla-z-tymu-kvuli-prichodu-ruske-hracky","status":"publish","type":"post","link":"https:\/\/www.europesays.com\/cz\/201128\/","title":{"rendered":"Ukrajinsk\u00e1 basketbalistka ode\u0161la z\u00a0t\u00fdmu kv\u016fli p\u0159\u00edchodu rusk\u00e9 hr\u00e1\u010dky"},"content":{"rendered":"<p class=\"b_bA\">Kovalov\u00e1 uvedla, \u017ee jej\u00ed otec slou\u017e\u00ed v\u00a0ukrajinsk\u00e9 arm\u00e1d\u011b a\u00a0je nesm\u00edrn\u011b hrd\u00e1 na to, \u017ee br\u00e1n\u00ed svou zemi proti rusk\u00e9 agresi. \u201eTa v\u00e1lka pro m\u011b nen\u00ed vzd\u00e1len\u00e1 ani abstraktn\u00ed. Lid\u00e9, kte\u0159\u00ed jsou mi bl\u00edzc\u00ed, byli zabiti a\u00a0zran\u011bni p\u0159i rusk\u00fdch \u00fatoc\u00edch a\u00a0m\u00edsta, kde jsem vyr\u016fstala a\u00a0za\u010dala hr\u00e1t basketbal, zni\u010dily raketov\u00e9 \u00fadery,\u201c napsala na soci\u00e1ln\u00ed s\u00edti.<\/p>\n<p class=\"b_bA\">Basketbalistka vysok\u00e1 196\u00a0centimetr\u016f se rozhodla opustit LSU po jedn\u00e9 sezon\u011b, p\u0159edt\u00edm hr\u00e1la univerzitn\u00ed ligu NCAA za Notre Dame.<\/p>\n<p class=\"b_bA\">\u201eTo rozhodnut\u00ed nebylo snadn\u00e9. Ch\u00e1pu a\u00a0respektuji, \u017ee skl\u00e1d\u00e1n\u00ed soupisky k\u00a0univerzitn\u00edmu basketbalu pat\u0159\u00ed, ale mus\u00edm z\u016fstat v\u011brn\u00e1 sama sob\u011b, sv\u00fdm hodnot\u00e1m a\u00a0sv\u00e9 zemi,\u201c uvedla Kovalov\u00e1.<\/p>\n<p class=\"b_bA\">Sedmn\u00e1ctilet\u00e1 Minajevov\u00e1 dosud hr\u00e1la za MBA Moskva.<\/p>\n<p><a data-dot=\"atm-link\" target=\"_self\" href=\"https:\/\/www.sport.cz\/clanek\/basketbal-z-opory-hamzove-je-joklova-do-zamori-sla-s-podminkou-propustky-na-svatbu-5525321\" class=\"b_V g_ig\" rel=\"nofollow noopener\"><img fetchpriority=\"high\" height=\"1291\" width=\"1722\" src=\"https:\/\/www.europesays.com\/cz\/wp-content\/uploads\/2026\/09\/1788427328_210_basketbal-joklova-hamzova.webp\" loading=\"eager\" decoding=\"sync\" class=\"b_B b_z\"\/><\/a><\/p>\n","protected":false},"excerpt":{"rendered":"Kovalov\u00e1 uvedla, \u017ee jej\u00ed otec slou\u017e\u00ed v\u00a0ukrajinsk\u00e9 arm\u00e1d\u011b a\u00a0je nesm\u00edrn\u011b hrd\u00e1 na to, \u017ee br\u00e1n\u00ed svou zemi proti&hellip;\n","protected":false},"author":2,"featured_media":201129,"comment_status":"","ping_status":"","sticky":false,"template":"","format":"standard","meta":{"footnotes":"","_share_on_mastodon":"0"},"categories":[15],"tags":[1085,61,94,93,110],"class_list":["post-201128","post","type-post","status-publish","format-standard","has-post-thumbnail","category-sport","tag-basketbal","tag-rusko","tag-sport","tag-sports","tag-ukrajina"],"share_on_mastodon":{"url":"https:\/\/pubeurope.com\/@cz\/117206381055450160","error":""},"_links":{"self":[{"href":"https:\/\/www.europesays.com\/cz\/wp-json\/wp\/v2\/posts\/201128","targetHints":{"allow":["GET"]}}],"collection":[{"href":"https:\/\/www.europesays.com\/cz\/wp-json\/wp\/v2\/posts"}],"about":[{"href":"https:\/\/www.europesays.com\/cz\/wp-json\/wp\/v2\/types\/post"}],"author":[{"embeddable":true,"href":"https:\/\/www.europesays.com\/cz\/wp-json\/wp\/v2\/users\/2"}],"replies":[{"embeddable":true,"href":"https:\/\/www.europesays.com\/cz\/wp-json\/wp\/v2\/comments?post=201128"}],"version-history":[{"count":0,"href":"https:\/\/www.europesays.com\/cz\/wp-json\/wp\/v2\/posts\/201128\/revisions"}],"wp:featuredmedia":[{"embeddable":true,"href":"https:\/\/www.europesays.com\/cz\/wp-json\/wp\/v2\/media\/201129"}],"wp:attachment":[{"href":"https:\/\/www.europesays.com\/cz\/wp-json\/wp\/v2\/media?parent=201128"}],"wp:term":[{"taxonomy":"category","embeddable":true,"href":"https:\/\/www.europesays.com\/cz\/wp-json\/wp\/v2\/categories?post=201128"},{"taxonomy":"post_tag","embeddable":true,"href":"https:\/\/www.europesays.com\/cz\/wp-json\/wp\/v2\/tags?post=201128"}],"curies":[{"name":"wp","href":"https:\/\/api.w.org\/{rel}","templated":true}]}}