{"id":201140,"date":"2026-09-03T09:32:13","date_gmt":"2026-09-03T09:32:13","guid":{"rendered":"https:\/\/www.europesays.com\/cz\/201140\/"},"modified":"2026-09-03T09:32:13","modified_gmt":"2026-09-03T09:32:13","slug":"v-utulku-si-mysleli-ze-je-to-bezny-nevychovanec-vorisek-dasty-vsak-kouse-prvni-ligu-uz-leta","status":"publish","type":"post","link":"https:\/\/www.europesays.com\/cz\/201140\/","title":{"rendered":"V \u00fatulku si mysleli, \u017ee je to b\u011b\u017en\u00fd nevychovanec. Vo\u0159\u00ed\u0161ek Dasty v\u0161ak kou\u0161e prvn\u00ed ligu u\u017e l\u00e9ta"},"content":{"rendered":"<p class=\"c_bB\">\u201eV kv\u011btnu 2020\u00a0jsme p\u0159ijali od lid\u00ed psa, kter\u00fd je pokousal a\u00a0cht\u011bli se ho zbavit. Tehdy mu bylo \u010dtrn\u00e1ct m\u011bs\u00edc\u016f a\u00a0mysleli jsme si, \u017ee je to jeden z\u00a0mnoha nevychovanc\u016f, kter\u00fdm sta\u010d\u00ed uk\u00e1zat, \u017ee sv\u011bt m\u00e1 n\u011bjak\u00fd \u0159\u00e1d, a\u00a0bude vy\u0159e\u0161eno. Jak jsme se tenkr\u00e1t m\u00fdlili,\u201c popisuje zv\u00ed\u0159ec\u00ed z\u00e1chran\u00e1\u0159 Vladim\u00edr K\u00f6ssl.<\/p>\n<p><img fetchpriority=\"high\" height=\"1444\"   width=\"2048\" src=\"https:\/\/www.europesays.com\/cz\/wp-content\/uploads\/2026\/09\/dasty-utulek.jpeg\" loading=\"eager\" decoding=\"sync\" class=\"c_t c_r\"\/>Foto: Animal Rescue<\/p>\n<p class=\"c_bB\">Dasty v\u00a0b\u011bhu<\/p>\n<p class=\"c_bB\">Upozor\u0148uje, \u017ee Dastymu u\u017e t\u00e1hne na dev\u00e1t\u00fd rok a\u00a0je st\u00e1le v\u00a0\u00fatulku. \u201eS n\u00e1mi. Kdy\u017e se zamysl\u00edm nad t\u00edm, co se za posledn\u00ed rok zm\u011bnilo, tak snad jen to, \u017ee je o\u00a0rok star\u0161\u00ed. Co se nezm\u011bnilo, je jeho vztah k\u00a0lidem, a\u010d ob\u010das klame t\u011blem, st\u00e1le kou\u0161e prvn\u00ed ligu,\u201c popisuje z\u00e1chran\u00e1\u0159.<\/p>\n<p class=\"c_bB\">Zmi\u0148uje, \u017ee Dasty vych\u00e1z\u00ed opravdu snad pouze s\u00a0n\u00edm, a\u00a0to za ur\u010dit\u00fdch pravidel. S\u00a0dal\u0161\u00edmi o\u0161et\u0159ovateli v\u00a0\u00fatulku m\u00e1 pakt o\u00a0ne\u00fato\u010den\u00ed, ale nesm\u00ed na n\u011bj sahat. \u201eDasty byl zkr\u00e1tka odmali\u010dka bit, m\u00e1 tu nen\u00e1vist tak zako\u0159en\u011bnou, \u017ee se to nezm\u011bnilo,\u201c vysv\u011btlil K\u00f6ssl.<\/p>\n<p class=\"c_bB\">V \u00fatulku je ale Dastymu dob\u0159e. M\u00e1 sv\u00e9 ritu\u00e1ly a\u00a0podobn\u011b. \u201eKdybyste mu dali kl\u00ed\u010de, s\u00e1m se tu obslou\u017e\u00ed.\u201c<\/p>\n<p><img height=\"1444\"   width=\"2048\" src=\"https:\/\/www.europesays.com\/cz\/wp-content\/uploads\/2026\/09\/1788427933_824_dasty-utulek.jpeg\" loading=\"eager\" decoding=\"sync\" class=\"c_t c_r\"\/>Foto: Animal Rescue<\/p>\n<p class=\"c_bB\">Dasty si r\u00e1d hraje s\u00a0m\u00ed\u010dkem<\/p>\n<p class=\"c_bB\">Vzhledem k\u00a0v\u011bku si pro\u0161el seniorskou prohl\u00eddkou a\u00a0celkovou \u00fadr\u017ebou. Jak popisuj\u00ed v\u00a0\u00fatulku, Dasty se t\u011b\u0161\u00ed skv\u011bl\u00e9 kondici. Kupodivu, krev m\u00e1 jak miminko. Z\u00e1sadn\u00ed jsou u\u00a0n\u011bho samoz\u0159ejm\u011b zoubky, kter\u00e9 mu veterin\u00e1\u0159i vy\u010distili, nale\u0161tili, ale i\u00a0zredukovali. \u201eP\u0159\u00edpadn\u00e9 pohryz\u00e1n\u00ed od n\u011bj bude zase chvilku hygieni\u010dt\u011bj\u0161\u00ed a\u00a0m\u016f\u017eeme se s\u00a0pot\u011b\u0161en\u00edm kochat jeho \u00fasm\u011bvem,\u201c shoduj\u00ed se v\u00a0\u00fatulku.<\/p>\n<p><a data-dot=\"atm-link\" target=\"_self\" href=\"https:\/\/www.novinky.cz\/clanek\/zena-styl-psi-psycholozka-dana-navratilova-ridicak-na-psy-by-nebyl-od-veci-40450022\" class=\"c_I\" rel=\"nofollow noopener\"><img height=\"1985\" width=\"3529\" src=\"https:\/\/www.europesays.com\/cz\/wp-content\/uploads\/2026\/09\/psi-vycvik-psycholozka-dana-navratilova.jpeg\" loading=\"eager\" decoding=\"sync\" class=\"c_t c_r\"\/><\/a><\/p>\n<p class=\"c_bB\">Upozor\u0148uj\u00ed, \u017ee i\u00a0vzhledem k\u00a0v\u011bku m\u00e1 u\u017e trochu probl\u00e9my s\u00a0ky\u010dlemi a\u00a0koleny. \u201eOn s\u00e1m si ale n\u011bjak\u00e9 probl\u00e9my moc nep\u0159ipou\u0161t\u00ed a\u00a0\u017eivot si dok\u00e1\u017ee u\u017e\u00edvat. Jen mu ty radosti p\u0159i skota\u010den\u00ed mus\u00edme trochu d\u00e1vkovat. Pomalu se za\u010d\u00edn\u00e1me smi\u0159ovat s\u00a0t\u00edm, \u017ee je u\u00a0n\u00e1s Dasty doma a\u00a0\u017ee to spolu doklepeme.\u201c<\/p>\n<p class=\"c_bB\">V \u00fatulku ve Star\u00fdch Hod\u011bjovic\u00edch ale tak\u00e9 v\u011bd\u00ed, \u017ee ob\u010das se stanou\u00a0z\u00e1zraky a\u00a0i Dasty s\u00a0ostr\u00fdmi zuby m\u016f\u017ee b\u00fdt pro n\u011bkoho v\u00fdzvou a\u00a0par\u0165\u00e1kem. \u00datulek je vyhl\u00e1\u0161en\u00fd t\u00edm, \u017ee dok\u00e1\u017ee psy nejen zachr\u00e1nit, ale tak\u00e9 p\u0159evychovat a\u00a0p\u0159ipravit je pro nov\u00e9 majitele. Ti se pak dozv\u00eddaj\u00ed nejen o\u00a0p\u0159ednostech jednotliv\u00fdch ps\u016f, ale tak\u00e9 o\u00a0jejich stinn\u00fdch str\u00e1nk\u00e1ch.<\/p>\n<p><a data-dot=\"atm-link\" target=\"_self\" href=\"https:\/\/www.novinky.cz\/clanek\/koktejl-krasavec-valda-z-lesa-u-kaplice-seda-leha-ale-bohuzel-take-zatim-zustava-v-utulku-40559136\" class=\"c_I\" rel=\"nofollow noopener\"><img height=\"360\" width=\"640\" src=\"https:\/\/www.europesays.com\/cz\/wp-content\/uploads\/2026\/09\/1788427933_547_image.jpeg\" loading=\"eager\" decoding=\"sync\" class=\"c_t c_r\"\/><\/a><\/p>\n","protected":false},"excerpt":{"rendered":"\u201eV kv\u011btnu 2020\u00a0jsme p\u0159ijali od lid\u00ed psa, kter\u00fd je pokousal a\u00a0cht\u011bli se ho zbavit. Tehdy mu bylo \u010dtrn\u00e1ct&hellip;\n","protected":false},"author":2,"featured_media":201141,"comment_status":"","ping_status":"","sticky":false,"template":"","format":"standard","meta":{"footnotes":"","_share_on_mastodon":"0"},"categories":[15],"tags":[7805,31858,1653,94,93,9174,5717,4984],"class_list":["post-201140","post","type-post","status-publish","format-standard","has-post-thumbnail","category-sport","tag-ceskobudejovicko","tag-kousnuti","tag-psi","tag-sport","tag-sports","tag-utulek","tag-vychova","tag-zachranari"],"share_on_mastodon":{"url":"https:\/\/pubeurope.com\/@cz\/117206420575591280","error":""},"_links":{"self":[{"href":"https:\/\/www.europesays.com\/cz\/wp-json\/wp\/v2\/posts\/201140","targetHints":{"allow":["GET"]}}],"collection":[{"href":"https:\/\/www.europesays.com\/cz\/wp-json\/wp\/v2\/posts"}],"about":[{"href":"https:\/\/www.europesays.com\/cz\/wp-json\/wp\/v2\/types\/post"}],"author":[{"embeddable":true,"href":"https:\/\/www.europesays.com\/cz\/wp-json\/wp\/v2\/users\/2"}],"replies":[{"embeddable":true,"href":"https:\/\/www.europesays.com\/cz\/wp-json\/wp\/v2\/comments?post=201140"}],"version-history":[{"count":0,"href":"https:\/\/www.europesays.com\/cz\/wp-json\/wp\/v2\/posts\/201140\/revisions"}],"wp:featuredmedia":[{"embeddable":true,"href":"https:\/\/www.europesays.com\/cz\/wp-json\/wp\/v2\/media\/201141"}],"wp:attachment":[{"href":"https:\/\/www.europesays.com\/cz\/wp-json\/wp\/v2\/media?parent=201140"}],"wp:term":[{"taxonomy":"category","embeddable":true,"href":"https:\/\/www.europesays.com\/cz\/wp-json\/wp\/v2\/categories?post=201140"},{"taxonomy":"post_tag","embeddable":true,"href":"https:\/\/www.europesays.com\/cz\/wp-json\/wp\/v2\/tags?post=201140"}],"curies":[{"name":"wp","href":"https:\/\/api.w.org\/{rel}","templated":true}]}}