{"id":201152,"date":"2026-09-03T09:38:13","date_gmt":"2026-09-03T09:38:13","guid":{"rendered":"https:\/\/www.europesays.com\/cz\/201152\/"},"modified":"2026-09-03T09:38:13","modified_gmt":"2026-09-03T09:38:13","slug":"kuvajt-celil-dalsimu-iranskemu-utoku-raketami-a-drony","status":"publish","type":"post","link":"https:\/\/www.europesays.com\/cz\/201152\/","title":{"rendered":"Kuvajt \u010delil dal\u0161\u00edmu \u00edr\u00e1nsk\u00e9mu \u00fatoku raketami a\u00a0drony"},"content":{"rendered":"<p class=\"e_bX\">Kuvajt se ve \u010dtvrtek r\u00e1no stal ter\u010dem \u00edr\u00e1nsk\u00e9ho raketov\u00e9ho a\u00a0dronov\u00e9ho \u00fatoku. Informovala o\u00a0tom agentura AFP, kter\u00e1 p\u0159ipomn\u011bla n\u011bkolik v\u00fdm\u011bn vzdu\u0161n\u00fdch \u00fader\u016f v\u00a0posledn\u00edch dnech mezi Spojen\u00fdmi st\u00e1ty a\u00a0\u00cdr\u00e1nem.<\/p>\n<p class=\"e_bX\">Obnoven\u00e9 vz\u00e1jemn\u00e9 \u00fatoky mezi Spojen\u00fdmi st\u00e1ty a\u00a0\u00cdr\u00e1nem za\u010daly v\u00a0ned\u011bli po m\u011bs\u00edci relativn\u00edho klidu americk\u00fdmi \u00fadery na \u00edr\u00e1nsk\u00fd ostrov L\u00e1rak v\u00a0Hormuzsk\u00e9m pr\u016flivu. \u00cdr\u00e1nsk\u00e9 ozbrojen\u00e9 s\u00edly v\u00a0reakci v\u00a0noci \u00fato\u010d\u00ed i\u00a0na zem\u011b jako Kuvajt, Bahrajn, Spojen\u00e9 arabsk\u00e9 emir\u00e1ty, Jord\u00e1nsko a\u00a0Ir\u00e1k, kde maj\u00ed USA vojensk\u00e9 z\u00e1kladny.<\/p>\n<p class=\"e_bX\">\u201eKuvajtsk\u00e1 protivzdu\u0161n\u00e1 obrana v\u00a0sou\u010dasn\u00e9 dob\u011b \u010del\u00ed nep\u0159\u00e1telsk\u00fdm raketov\u00fdm a\u00a0dronov\u00fdm \u00fatok\u016fm v\u00a0d\u016fsledku opovr\u017een\u00edhodn\u00e9 \u00edr\u00e1nsk\u00e9 agrese,\u201c napsala kuvajtsk\u00e1 arm\u00e1da na s\u00edti X.<\/p>\n<p class=\"e_bX\">\u00cdr\u00e1nsk\u00e1 st\u00e1tn\u00ed televize na stejn\u00e9 platform\u011b \u00fadery potvrdila. \u201eV reakci na zlo\u010diny sp\u00e1chan\u00e9 Amerikou proti \u00edr\u00e1nsk\u00e9mu lidu prob\u00edhaj\u00ed raketov\u00e9 a\u00a0dronov\u00e9 \u00fatoky proti americk\u00fdm z\u00e1kladn\u00e1m v\u00a0Kuvajtu,\u201c uvedla televize.<\/p>\n<p class=\"e_bX\">V \u00cdr\u00e1nu si v\u00a0\u00fater\u00fd ve\u010der americk\u00e9 \u00fadery podle m\u00edstn\u00edch m\u00e9di\u00ed vy\u017e\u00e1daly celkem 19\u00a0ob\u011bt\u00ed, v\u010detn\u011b \u010dty\u0159 na svatb\u011b.<\/p>\n<p><a data-dot=\"mol-article-card-media\" aria-hidden=\"true\" tabindex=\"-1\" href=\"https:\/\/www.seznamzpravy.cz\/clanek\/zahranicni-americke-sily-zahajily-dalsi-utoky-na-iranske-cile-vybuchy-hlasi-ostrov-kesm-314385\" class=\"e_n f_l8\" rel=\"nofollow noopener\" target=\"_blank\"><img fetchpriority=\"high\" height=\"675\"   width=\"1200\" src=\"https:\/\/www.europesays.com\/cz\/wp-content\/uploads\/2026\/09\/1788428293_579_boeing-ea-18g-growler-americke-namornictvo.jpeg\" loading=\"eager\" decoding=\"sync\" class=\"e_aa e_Z\"\/><\/a><a data-dot=\"mol-article-card-media\" aria-hidden=\"true\" tabindex=\"-1\" href=\"https:\/\/www.seznamzpravy.cz\/clanek\/zahranicni-video-tanker-za-tanker-nova-americka-strategie-proti-iranu-314433\" class=\"e_n f_l8\" rel=\"nofollow noopener\" target=\"_blank\"><img height=\"144\"   width=\"256\" src=\"https:\/\/www.europesays.com\/cz\/wp-content\/uploads\/2026\/09\/1788428293_335_image.jpeg\" loading=\"eager\" decoding=\"sync\" class=\"e_aa e_Z\"\/><\/a><\/p>\n","protected":false},"excerpt":{"rendered":"Kuvajt se ve \u010dtvrtek r\u00e1no stal ter\u010dem \u00edr\u00e1nsk\u00e9ho raketov\u00e9ho a\u00a0dronov\u00e9ho \u00fatoku. Informovala o\u00a0tom agentura AFP, kter\u00e1 p\u0159ipomn\u011bla n\u011bkolik&hellip;\n","protected":false},"author":2,"featured_media":201153,"comment_status":"","ping_status":"","sticky":false,"template":"","format":"standard","meta":{"footnotes":"","_share_on_mastodon":"0"},"categories":[10],"tags":[353,17,21,808,7825,7301,16,9648,18,19,22,20],"class_list":["post-201152","post","type-post","status-publish","format-standard","has-post-thumbnail","category-zpravy","tag-dronovy-utok","tag-headlines","tag-hlavni-udalosti","tag-iran","tag-konflikt-usa-izrael-iran","tag-kuvajt","tag-news","tag-raketovy-utok","tag-top-news","tag-top-stories","tag-udalosti-dne","tag-zpravy"],"share_on_mastodon":{"url":"https:\/\/pubeurope.com\/@cz\/117206444536593782","error":""},"_links":{"self":[{"href":"https:\/\/www.europesays.com\/cz\/wp-json\/wp\/v2\/posts\/201152","targetHints":{"allow":["GET"]}}],"collection":[{"href":"https:\/\/www.europesays.com\/cz\/wp-json\/wp\/v2\/posts"}],"about":[{"href":"https:\/\/www.europesays.com\/cz\/wp-json\/wp\/v2\/types\/post"}],"author":[{"embeddable":true,"href":"https:\/\/www.europesays.com\/cz\/wp-json\/wp\/v2\/users\/2"}],"replies":[{"embeddable":true,"href":"https:\/\/www.europesays.com\/cz\/wp-json\/wp\/v2\/comments?post=201152"}],"version-history":[{"count":0,"href":"https:\/\/www.europesays.com\/cz\/wp-json\/wp\/v2\/posts\/201152\/revisions"}],"wp:featuredmedia":[{"embeddable":true,"href":"https:\/\/www.europesays.com\/cz\/wp-json\/wp\/v2\/media\/201153"}],"wp:attachment":[{"href":"https:\/\/www.europesays.com\/cz\/wp-json\/wp\/v2\/media?parent=201152"}],"wp:term":[{"taxonomy":"category","embeddable":true,"href":"https:\/\/www.europesays.com\/cz\/wp-json\/wp\/v2\/categories?post=201152"},{"taxonomy":"post_tag","embeddable":true,"href":"https:\/\/www.europesays.com\/cz\/wp-json\/wp\/v2\/tags?post=201152"}],"curies":[{"name":"wp","href":"https:\/\/api.w.org\/{rel}","templated":true}]}}