{"id":201154,"date":"2026-09-03T09:39:07","date_gmt":"2026-09-03T09:39:07","guid":{"rendered":"https:\/\/www.europesays.com\/cz\/201154\/"},"modified":"2026-09-03T09:39:07","modified_gmt":"2026-09-03T09:39:07","slug":"tuzemske-firmy-jsou-nejoptimistictejsi-v-evrope","status":"publish","type":"post","link":"https:\/\/www.europesays.com\/cz\/201154\/","title":{"rendered":"Tuzemsk\u00e9 firmy jsou nejoptimisti\u010dt\u011bj\u0161\u00ed v Evrop\u011b"},"content":{"rendered":"<p class=\"articleDetail_perex\">\u010ce\u0161i b\u00fdvaj\u00ed spojov\u00e1ni sp\u00ed\u0161 se skeps\u00ed, tuzemsk\u00e9 firmy ale tentokr\u00e1t vy\u010dn\u00edvaj\u00ed opa\u010dn\u00fdm sm\u011brem. Podle mezin\u00e1rodn\u00edho pr\u016fzkumu Moore Thrive Index jsou nejoptimisti\u010dt\u011bj\u0161\u00ed ze v\u0161ech sledovan\u00fdch evropsk\u00fdch ekonomik. Za sv\u011btov\u00fdm pr\u016fm\u011brem sice st\u00e1le m\u00edrn\u011b zaost\u00e1vaj\u00ed, N\u011bmecko, Francii nebo Brit\u00e1nii v\u0161ak nech\u00e1vaj\u00ed v\u00fdrazn\u011b za sebou.<\/p>\n<p>\u010cesk\u00e9 firmy maj\u00ed v Evrop\u011b p\u0159ekvapiv\u011b nejlep\u0161\u00ed n\u00e1ladu. V mezin\u00e1rodn\u00edm pr\u016fzkumu Moore Thrive Index dos\u00e1hly sk\u00f3re 32,6 bodu a p\u0159edstihly v\u0161echny ostatn\u00ed sledovan\u00e9 evropsk\u00e9 ekonomiky. Proti roku 2024 si nav\u00edc v\u00fdrazn\u011b polep\u0161ily.<\/p>\n<p>Pr\u016fzkum poradensk\u00e9 s\u00edt\u011b Moore Global oslovil 2425 vrcholn\u00fdch mana\u017eer\u016f v 17 zem\u00edch sv\u011bta. Sleduje, jak podniky hodnot\u00ed sv\u016fj v\u00fdvoj za posledn\u00ed rok a co \u010dekaj\u00ed v roce n\u00e1sleduj\u00edc\u00edm. Zohled\u0148uje v\u00fdkonnost byznysu, tr\u017eby, n\u00e1klady, situaci na trhu pr\u00e1ce a investice.<\/p>\n<p>\u010cesk\u00fd v\u00fdsledek je sice st\u00e1le m\u00edrn\u011b pod glob\u00e1ln\u00edm pr\u016fm\u011brem 35,1 bodu, v Evrop\u011b ale sta\u010dil na prvn\u00ed m\u00edsto.<\/p>\n<p>\t\t<img decoding=\"async\" src=\"https:\/\/www.europesays.com\/cz\/wp-content\/uploads\/2026\/09\/ecqvl0daprofimedia-0753564192.jpg\" alt=\"Pen\u011b\u017eenka, ilustra\u010dn\u00ed foto\" class=\"article_image\" width=\"320\" height=\"225\" loading=\"lazy\"\/><\/p>\n<p>\t\tPr\u016fm\u011brn\u00e1 mzda p\u0159ekonala 51 tis\u00edc. \u010ce\u0161i bohatnou, ale pomaleji, ne\u017e se \u010dekalo<br \/>\n\t\t<a href=\"https:\/\/www.newstream.cz\/rubrika\/money\" class=\"article_category\" rel=\"nofollow noopener\" target=\"_blank\">Money<\/a><\/p>\n<p class=\"article_desc\">Pr\u016fm\u011brn\u00e1 mzda v \u010cesku se ve druh\u00e9m \u010dtvrtlet\u00ed vy\u0161plhala na 51 966 korun a lid\u00e9 si d\u00edky n\u00edzk\u00e9 inflaci re\u00e1ln\u011b polep\u0161ili o 4,3 procenta. Mzdov\u00e1 euforie se ale nekon\u00e1. R\u016fst zaostal za o\u010dek\u00e1v\u00e1n\u00edm analytik\u016f a statistici v\u00fdrazn\u011b sn\u00ed\u017eili d\u0159\u00edve zve\u0159ejn\u011bn\u00e1 \u010d\u00edsla za za\u010d\u00e1tek roku. Pro \u010cNB je to argument, pro\u010d s \u00farokov\u00fdmi sazbami nesp\u011bchat vzh\u016fru.<\/p>\n<p class=\"article_author\">nst<\/p>\n<p>\t<a href=\"https:\/\/www.newstream.cz\/money\/prumerna-mzda-prekonala-51-tisic-cesi-bohatnou-ale-pomaleji-nez-se-cekalo\" class=\"article_coverLink\" rel=\"nofollow noopener\" target=\"_blank\">P\u0159e\u010d\u00edst \u010dl\u00e1nek<\/a><\/p>\n<p>N\u011bmci a Francouzi z\u016fstali daleko za \u010cechy<\/p>\n<p>Nizozemsk\u00e9 firmy z\u00edskaly 28,8 bodu, britsk\u00e9 26,2 bodu a italsk\u00e9 24,4 bodu. N\u011bmecko skon\u010dilo na 20,3 bodu, Francie na 15,2 a Belgie dokonce jen na 12 bodech.<\/p>\n<p>Evropa je tak ze v\u0161ech sledovan\u00fdch region\u016f sv\u011bta nejopatrn\u011bj\u0161\u00ed. Firmy na kontinentu d\u00e1l \u0159e\u0161\u00ed vysok\u00e9 n\u00e1klady a slab\u00fd hospod\u00e1\u0159sk\u00fd r\u016fst.<\/p>\n<p>Za lep\u0161\u00ed n\u00e1ladou \u010desk\u00fdch podnik\u016f stoj\u00ed podle pr\u016fzkumu p\u0159edev\u0161\u00edm zotaven\u00ed dodavatelsk\u00fdch \u0159et\u011bzc\u016f a vy\u0161\u0161\u00ed provozn\u00ed efektivita, kter\u00e9 jim v posledn\u00edm roce pomohly k lep\u0161\u00edm v\u00fdsledk\u016fm. V\u00edce ne\u017e polovina firem ale st\u00e1le vid\u00ed v\u00fdznamn\u00e9 riziko v napjat\u00e9m trhu pr\u00e1ce.<\/p>\n<p>Optimisti\u010dt\u011bj\u0161\u00ed n\u00e1ladu podle partnera Moore Czech Republic Petra Kymli\u010dky potvrzuj\u00ed tak\u00e9 data \u010cesk\u00e9ho statistick\u00e9ho \u00fa\u0159adu. D\u016fv\u011bra v \u010deskou ekonomiku se letos v l\u00e9t\u011b dr\u017eela nad hranic\u00ed 100 bod\u016f. V \u010dervnu dos\u00e1hla 101 bod\u016f a v \u010dervenci 101,1 bodu.<\/p>\n<p>\u201ePovzbudiv\u00e1 je hlavn\u011b skute\u010dnost, \u017ee d\u016fv\u011bra podnikatel\u016f rostla v \u010dervenci ve v\u0161ech sledovan\u00fdch odv\u011btv\u00edch, nejv\u00edce ve stavebnictv\u00ed a v obchod\u011b,\u201c uvedl Kymli\u010dka.<\/p>\n<p>Sv\u011btov\u00fdm optimist\u016fm kraluje Ji\u017en\u00ed Afrika<\/p>\n<p>Evropsk\u00e9 prvenstv\u00ed ale \u010cesku na sv\u011btovou \u0161pi\u010dku nesta\u010d\u00ed. Nejv\u011bt\u0161\u00ed d\u016fv\u011bru ve vlastn\u00ed budoucnost maj\u00ed firmy na Bl\u00edzk\u00e9m v\u00fdchod\u011b a v Africe.<\/p>\n<p>\u017deb\u0159\u00ed\u010dku v\u00e9vod\u00ed Jihoafrick\u00e1 republika se 47,6 bodu. N\u00e1sleduj\u00ed Sa\u00fadsk\u00e1 Ar\u00e1bie se 46,2 a Spojen\u00e9 arabsk\u00e9 emir\u00e1ty se 44,5 bodu. Nad sv\u011btov\u00fdm pr\u016fm\u011brem jsou tak\u00e9 Indie, Spojen\u00e9 st\u00e1ty a \u010c\u00edna.<\/p>\n<p>\u017d\u00e1dn\u00e1 evropsk\u00e1 zem\u011b se p\u0159itom nedostala p\u0159es hranici 33 bod\u016f. \u010cesk\u00e9 spole\u010dnosti za Jihoafrickou republikou zaost\u00e1vaj\u00ed o 15 bod\u016f.<\/p>\n<p>Podle Kymli\u010dky jde o ur\u010dit\u00fd paradox. Firmy v Sa\u00fadsk\u00e9 Ar\u00e1bii \u010di Spojen\u00fdch arabsk\u00fdch emir\u00e1tech p\u016fsob\u00ed v regionu poznamenan\u00e9m trval\u00fdm geopolitick\u00fdm nap\u011bt\u00edm, p\u0159esto se na budoucnost d\u00edvaj\u00ed s v\u011bt\u0161\u00ed d\u016fv\u011brou ne\u017e podniky v z\u00e1padn\u00ed Evrop\u011b.<\/p>\n<p>\u201eUkazuje se, \u017ee n\u00e1ladu firem neur\u010duje geopolitick\u00e9 riziko, ale dynamika dom\u00e1c\u00ed ekonomiky. Bl\u00edzk\u00fd v\u00fdchod roste a investuje, zat\u00edmco z\u00e1padn\u00ed Evropa \u0159e\u0161\u00ed vysok\u00e9 n\u00e1klady a stagnaci,\u201c uzav\u0159el Kymli\u010dka.<\/p>\n<p>                        VY\u0160EL LETN\u00cd NEWSTREAM CLUB\u00a0<\/p>\n<p>S\u00e1zky na r\u016fst \u010ceska se vypl\u00e1cej\u00ed. Potvrzuj\u00ed to lid\u00e9 r\u016fzn\u00fdch obor\u016f a z\u00e1jm\u016f, s nimi\u017e se m\u016f\u017eete potkat p\u0159i \u010dten\u00ed aktu\u00e1ln\u00edho vyd\u00e1n\u00ed magaz\u00ednu Newstream CLUB. \u010cesko m\u00e1 toti\u017e ob\u0159\u00ed potenci\u00e1l, kter\u00fd se da\u0159\u00ed \u010d\u00edm d\u00e1l v\u00edce vyu\u017e\u00edvat. Plat\u00ed to pro investory, glob\u00e1ln\u00ed i lok\u00e1ln\u00ed firmy, ale tak\u00e9 pro tuzemsk\u00fd realitn\u00ed trh. Jak se na vln\u011b z\u00e1jmu sv\u00e9zt, porad\u00ed letn\u00ed vyd\u00e1n\u00ed magaz\u00ednu.<\/p>\n<p>Na ob\u00e1lce magaz\u00ednu jsou sourozenci se Sara a Teo Sandevovi, kte\u0159\u00ed pat\u0159\u00ed ke generaci, kter\u00e1 u\u017e nemus\u00ed volit mezi p\u016fvodem a zem\u00ed, kde vyrostla. Ona jde hereckou cestou, on spojuje fotbal, studium a rodinn\u00fd byznys. Oba ale dob\u0159e v\u011bd\u00ed, \u017ee jejich nejv\u011bt\u0161\u00ed v\u00fdhodou je pr\u00e1v\u011b mix \u010desk\u00e9ho z\u00e1zem\u00ed a balk\u00e1nsk\u00fdch ko\u0159en\u016f.<\/p>\n<p>Aktu\u00e1ln\u00ed vyd\u00e1n\u00ed se v\u011bnuje pr\u00e1v\u011b s\u00e1zk\u00e1m na \u010cesko z\u00a0mnoha pohled\u016f: z\u00a0pohledu investor\u016f drobn\u00fdch i institucion\u00e1ln\u00edch, ale i z\u00a0pohledu lid\u00ed, kte\u0159\u00ed se sna\u017e\u00ed zemi posunout d\u00e1l. K\u00a0nim pat\u0159\u00ed nap\u0159\u00edklad Petr Dvo\u0159\u00e1k, kter\u00fd sh\u00e1n\u00ed soukrom\u00e9 prost\u0159edky na spolufinancov\u00e1n\u00ed stavby nov\u00e9 pra\u017esk\u00e9 filharmonie, nebo investor Marek Dospiva.<\/p>\n<p>\u010cesko se tak\u00e9 st\u00e1v\u00e1 \u010d\u00edm d\u00e1l v\u011bt\u0161\u00edm l\u00e1kadlem pro zahrani\u010dn\u00ed firmy, kter\u00e9 zde maj\u00ed v\u00fdvojov\u00e1 centra. D\u016fvod\u016f je cel\u00e1 \u0159ada, ale kl\u00ed\u010dov\u00e9 jsou pro glob\u00e1ln\u00ed firmy t\u0159i v\u011bci: vhodn\u00e1 geografick\u00e1 poloha, bezpe\u010dnost, a hlavn\u011b siln\u00e9 technick\u00e9 z\u00e1zem\u00ed, d\u00edky kter\u00e9mu tu mohou pracovat na nejpokro\u010dilej\u0161\u00edch inovac\u00edch.<\/p>\n<p>To potvrzuje nap\u0159\u00edklad \u0161\u00e9f glob\u00e1ln\u00ed technologick\u00e9 spole\u010dnosti Everpure Charlie Giancarlo, kter\u00fd p\u016fsobil v\u00a0nejv\u011bt\u0161\u00edch firm\u00e1ch sv\u011bta, st\u00e1l u zrodu internetu a nyn\u00ed se v\u011bnuje datov\u00fdm \u00falo\u017ei\u0161t\u00edm. Rozhovor s n\u00edm tak\u00e9 p\u0159in\u00e1\u0161\u00ed letn\u00ed vyd\u00e1n\u00ed magaz\u00ednu Newstream CLUB.\u00a0<\/p>\n<p>A rostouc\u00ed z\u00e1jem nadn\u00e1rodn\u00edch firem o mo\u017enost p\u016fsobit v\u00a0\u010cesku potvrzuje tak\u00e9 Toma\u0301s\u030c Partsch z\u00a0CTP, kter\u00fd vysv\u011btluje, jak se z\u00a0Brna st\u00e1v\u00e1 evropsk\u00e9 Silicon Valley.<\/p>\n<p>Dvan\u00e1ct\u00e9 vyd\u00e1n\u00ed \u010dtvrtletn\u00edku Newstream CLUB je v prodeji, distribuci zaji\u0161\u0165uje Send. Digit\u00e1ln\u00ed verzi magaz\u00ednu lze zakoupit p\u0159\u00edmo na newstream.cz.<\/p>\n","protected":false},"excerpt":{"rendered":"\u010ce\u0161i b\u00fdvaj\u00ed spojov\u00e1ni sp\u00ed\u0161 se skeps\u00ed, tuzemsk\u00e9 firmy ale tentokr\u00e1t vy\u010dn\u00edvaj\u00ed opa\u010dn\u00fdm sm\u011brem. Podle mezin\u00e1rodn\u00edho pr\u016fzkumu Moore Thrive&hellip;\n","protected":false},"author":2,"featured_media":201155,"comment_status":"","ping_status":"","sticky":false,"template":"","format":"standard","meta":{"footnotes":"","_share_on_mastodon":"0"},"categories":[3],"tags":[16769,708,373,109,108,106,1197,1005,46023],"class_list":["post-201154","post","type-post","status-publish","format-standard","has-post-thumbnail","category-evropa","tag-ceske-firmy","tag-ekonomika","tag-eu","tag-europa","tag-europe","tag-evropa","tag-firmy","tag-pruzkum","tag-rust-ekonomiky"],"share_on_mastodon":{"url":"https:\/\/pubeurope.com\/@cz\/117206448293414620","error":""},"_links":{"self":[{"href":"https:\/\/www.europesays.com\/cz\/wp-json\/wp\/v2\/posts\/201154","targetHints":{"allow":["GET"]}}],"collection":[{"href":"https:\/\/www.europesays.com\/cz\/wp-json\/wp\/v2\/posts"}],"about":[{"href":"https:\/\/www.europesays.com\/cz\/wp-json\/wp\/v2\/types\/post"}],"author":[{"embeddable":true,"href":"https:\/\/www.europesays.com\/cz\/wp-json\/wp\/v2\/users\/2"}],"replies":[{"embeddable":true,"href":"https:\/\/www.europesays.com\/cz\/wp-json\/wp\/v2\/comments?post=201154"}],"version-history":[{"count":0,"href":"https:\/\/www.europesays.com\/cz\/wp-json\/wp\/v2\/posts\/201154\/revisions"}],"wp:featuredmedia":[{"embeddable":true,"href":"https:\/\/www.europesays.com\/cz\/wp-json\/wp\/v2\/media\/201155"}],"wp:attachment":[{"href":"https:\/\/www.europesays.com\/cz\/wp-json\/wp\/v2\/media?parent=201154"}],"wp:term":[{"taxonomy":"category","embeddable":true,"href":"https:\/\/www.europesays.com\/cz\/wp-json\/wp\/v2\/categories?post=201154"},{"taxonomy":"post_tag","embeddable":true,"href":"https:\/\/www.europesays.com\/cz\/wp-json\/wp\/v2\/tags?post=201154"}],"curies":[{"name":"wp","href":"https:\/\/api.w.org\/{rel}","templated":true}]}}