{"id":201160,"date":"2026-09-03T09:43:00","date_gmt":"2026-09-03T09:43:00","guid":{"rendered":"https:\/\/www.europesays.com\/cz\/201160\/"},"modified":"2026-09-03T09:43:00","modified_gmt":"2026-09-03T09:43:00","slug":"sbohem-leosi-necekany-krok-prichazi-v-citlivou-chvili","status":"publish","type":"post","link":"https:\/\/www.europesays.com\/cz\/201160\/","title":{"rendered":"Sbohem, Leo\u0161i! Ne\u010dekan\u00fd krok p\u0159ich\u00e1z\u00ed v citlivou chv\u00edli"},"content":{"rendered":"<p>Po boku <a class=\"celebrity celebwiki\" href=\"https:\/\/celebwiki.blesk.cz\/osobnost\/2114\/leos-mares\/\" target=\"_blank\" rel=\"nofollow noopener\">Mare\u0161e<\/a> a Kate\u0159iny \u0158\u00edhov\u00e9 se m\u00e1 objevit zn\u00e1m\u00fd komik. \u201eDvac\u00e1t\u00e1 dev\u00e1t\u00e1 sezona Rann\u00ed show bude m\u00edt nov\u00fd obsah. Bude s n\u00e1mi vys\u00edlat i\u2026 Schv\u00e1ln\u011b, tipn\u011bte si, kdo,\u201c l\u00e1k\u00e1 Mare\u0161 fanou\u0161ky.<\/p>\n<p data-start=\"557\" data-end=\"726\">Pak p\u0159ich\u00e1z\u00ed mal\u00e1 n\u00e1pov\u011bda. \u010cern\u00e9 br\u00fdle, blond vlasy a hlavn\u011b hlas, kter\u00fd je t\u011b\u017ek\u00e9 zam\u011bnit. Tajemn\u00fd mu\u017e nav\u00edc s\u00e1m p\u0159ihod\u00ed absurdn\u00ed tip: \u201eBude to Jirka <a class=\"celebrity celebwiki\" href=\"https:\/\/celebwiki.blesk.cz\/osobnost\/1325\/jiri-bartoska\/\" target=\"_blank\" rel=\"nofollow noopener\">Barto\u0161ka<\/a>, \u017ee jo?!\u201c<\/p>\n<p>Fanou\u0161ci maj\u00ed jasno<\/p>\n<p>Soci\u00e1ln\u00ed s\u00edt\u011b vz\u00e1p\u011bt\u00ed zaplavilo jedin\u00e9 jm\u00e9no \u2013 <a class=\"celebrity celebwiki\" href=\"https:\/\/celebwiki.blesk.cz\/osobnost\/6969\/stepan-kozub\/\" target=\"_blank\" rel=\"nofollow noopener\">\u0160t\u011bp\u00e1n Kozub<\/a> (30). Komika prozradil nejen jeho hlas, ale tak\u00e9 typick\u00fd zp\u016fsob vyjad\u0159ov\u00e1n\u00ed a humor. V n\u011bkter\u00fdch okam\u017eic\u00edch nav\u00edc kamera uk\u00e1\u017ee tolik, \u017ee se o jeho identit\u011b d\u00e1 jen t\u011b\u017eko pochybovat.<\/p>\n<p>Ofici\u00e1ln\u00ed potvrzen\u00ed ale zat\u00edm chyb\u00ed. Mare\u0161 i Evropa 2 si posledn\u00ed p\u0159ekvapen\u00ed zjevn\u011b schov\u00e1vaj\u00ed a\u017e na pond\u011bln\u00ed start nov\u00e9 sezony. A pokud se spekulace potvrd\u00ed, m\u016f\u017ee m\u00edt Kozub\u016fv n\u00e1stup do r\u00e1dia pom\u011brn\u011b pikantn\u00ed p\u0159\u00edchu\u0165.<\/p>\n<p style=\"text-align: center;\">Mare\u0161 odhalil posilu Evropy 2<\/p>\n<p>Do r\u00e1dia p\u0159ich\u00e1z\u00ed po kontroverzn\u00edm vt\u00edpku<\/p>\n<p data-start=\"1267\" data-end=\"1471\">Herec a komik m\u00e1 toti\u017e za sebou \u010derstv\u00fd p\u0159e\u0161lap, kter\u00fd po\u0159\u00e1dn\u011b rozv\u00ed\u0159il vody. P\u0159ed publikem si vyst\u0159elil z <a class=\"celebrity celebwiki\" href=\"https:\/\/celebwiki.blesk.cz\/osobnost\/2635\/vaclav-neckar\/\" target=\"_blank\" rel=\"nofollow noopener\">V\u00e1clava Neck\u00e1\u0159e<\/a> (82) a jeho pomalej\u0161\u00edho zp\u011bvu p\u0159i zn\u00e1m\u00e9 P\u016flno\u010dn\u00ed. Jen\u017ee tentokr\u00e1t se vtip minul \u00fa\u010dinkem.<\/p>\n<p>    <a href=\"https:\/\/www.ahaonline.cz\/clanek\/zhave-drby\/236932\/obavy-o-neckare-v-nemocnici-rostou-ozval-se-uz-i-hrisnik-kozub.html\" rel=\"nofollow noopener\" target=\"_blank\"><\/p>\n<p>        <img decoding=\"async\" src=\"https:\/\/www.europesays.com\/cz\/wp-content\/uploads\/2026\/09\/9942313.jpg\" alt=\"Obavy o Neck\u00e1\u0159e v nemocnici rostou: Ozval se u\u017e i h\u0159\u00ed\u0161n\u00edk Kozub\" title=\"Obavy o Neck\u00e1\u0159e v nemocnici rostou: Ozval se u\u017e i h\u0159\u00ed\u0161n\u00edk Kozub\" height=\"140\" width=\"220\" class=\"lazyload \" loading=\"lazy\" \/><\/p>\n<p>    <\/a><\/p>\n<p data-start=\"1473\" data-end=\"1761\">Neck\u00e1\u0159\u016fv fanklub se proti komikovi ost\u0159e ohradil a rovnou ho vyzval, aby se omluvil. Kozub ale \u017e\u00e1dnou kaj\u00edcnou reakci nep\u0159idal. M\u00edsto toho na sv\u00e9m profilu sd\u00edlel star\u0161\u00ed vyj\u00e1d\u0159en\u00ed britsk\u00e9ho komika Rickyho Gervaise, kter\u00e9 se zab\u00fdv\u00e1 pr\u00e1v\u011b hranicemi humoru a t\u00edm, jak na n\u011bj lid\u00e9 reaguj\u00ed.<\/p>\n<p style=\"text-align: center;\" data-start=\"1473\" data-end=\"1761\">Kozub 2 roky po kolapsu l\u00e1k\u00e1 na nov\u00fd film Srnky: Tempo jsem nezm\u00edrnil, j\u00e1 prac\u00ed \u017eiju!<\/p>\n<p data-start=\"1473\" data-end=\"1761\">Sbohem, Rann\u00ed show!<\/p>\n<p data-start=\"1473\" data-end=\"1761\">A pr\u00e1v\u011b z reakc\u00ed poslucha\u010d\u016f Evropy 2 je patrn\u00e9, \u017ee volba \u0160t\u011bp\u00e1na Kozuba z\u0159ejm\u011b nebyla tou nej\u0161\u0165astn\u011bj\u0161\u00ed&#8230;\u00a0\u201eTak to je zklam\u00e1n\u00ed velk\u00e9 teda. Kozuba fakt nemus\u00edm, p\u0159ijde mi ten jeho humor dost primitivn\u00ed a vlastn\u011b v\u016fbec ne vtipn\u00fd,\u201c\u00a0napsal pod Mare\u0161ovo video jeden z fanou\u0161k\u016f r\u00e1dia.\u00a0\u201eNeee, sbohem rann\u00ed show,\u201c\u00a0p\u00ed\u0161e dal\u0161\u00ed. A\u010dkoli se objevili i tac\u00ed, kte\u0159\u00ed se na novou posilu t\u011b\u0161\u00ed, p\u0159\u00edchod herce a komika na Evropu 2 bud\u00ed sp\u00ed\u0161e rozpaky&#8230;\u00a0<\/p>\n<p>    <a href=\"https:\/\/www.ahaonline.cz\/clanek\/zhave-drby\/236621\/mares-oznamil-obri-novinu-uz-to-nemuzeme-vydrzet.html\" rel=\"nofollow noopener\" target=\"_blank\"><\/p>\n<p>        <img decoding=\"async\" src=\"https:\/\/www.europesays.com\/cz\/wp-content\/uploads\/2026\/09\/9939425-crop.jpg\" alt=\"Mare\u0161 ozn\u00e1mil ob\u0159\u00ed novinu: U\u017e to nem\u016f\u017eeme vydr\u017eet!\" title=\"Mare\u0161 ozn\u00e1mil ob\u0159\u00ed novinu: U\u017e to nem\u016f\u017eeme vydr\u017eet!\" height=\"140\" width=\"220\" class=\"lazyload \" loading=\"lazy\" \/><\/p>\n<p>    <\/a><\/p>\n","protected":false},"excerpt":{"rendered":"Po boku Mare\u0161e a Kate\u0159iny \u0158\u00edhov\u00e9 se m\u00e1 objevit zn\u00e1m\u00fd komik. \u201eDvac\u00e1t\u00e1 dev\u00e1t\u00e1 sezona Rann\u00ed show bude m\u00edt&hellip;\n","protected":false},"author":2,"featured_media":201161,"comment_status":"","ping_status":"","sticky":false,"template":"","format":"standard","meta":{"footnotes":"","_share_on_mastodon":"0"},"categories":[14],"tags":[79,8127,243,3320,19125,43084,16415,80,163],"class_list":["post-201160","post","type-post","status-publish","format-standard","has-post-thumbnail","category-zabava","tag-entertainment","tag-evropa-2","tag-kritika","tag-leos-mares","tag-posila","tag-ranni-show-na-evrope-2","tag-stepan-kozub","tag-zabava","tag-zhave-drby"],"share_on_mastodon":{"url":"https:\/\/pubeurope.com\/@cz\/117206464180326445","error":""},"_links":{"self":[{"href":"https:\/\/www.europesays.com\/cz\/wp-json\/wp\/v2\/posts\/201160","targetHints":{"allow":["GET"]}}],"collection":[{"href":"https:\/\/www.europesays.com\/cz\/wp-json\/wp\/v2\/posts"}],"about":[{"href":"https:\/\/www.europesays.com\/cz\/wp-json\/wp\/v2\/types\/post"}],"author":[{"embeddable":true,"href":"https:\/\/www.europesays.com\/cz\/wp-json\/wp\/v2\/users\/2"}],"replies":[{"embeddable":true,"href":"https:\/\/www.europesays.com\/cz\/wp-json\/wp\/v2\/comments?post=201160"}],"version-history":[{"count":0,"href":"https:\/\/www.europesays.com\/cz\/wp-json\/wp\/v2\/posts\/201160\/revisions"}],"wp:featuredmedia":[{"embeddable":true,"href":"https:\/\/www.europesays.com\/cz\/wp-json\/wp\/v2\/media\/201161"}],"wp:attachment":[{"href":"https:\/\/www.europesays.com\/cz\/wp-json\/wp\/v2\/media?parent=201160"}],"wp:term":[{"taxonomy":"category","embeddable":true,"href":"https:\/\/www.europesays.com\/cz\/wp-json\/wp\/v2\/categories?post=201160"},{"taxonomy":"post_tag","embeddable":true,"href":"https:\/\/www.europesays.com\/cz\/wp-json\/wp\/v2\/tags?post=201160"}],"curies":[{"name":"wp","href":"https:\/\/api.w.org\/{rel}","templated":true}]}}