{"id":201182,"date":"2026-09-03T10:00:12","date_gmt":"2026-09-03T10:00:12","guid":{"rendered":"https:\/\/www.europesays.com\/cz\/201182\/"},"modified":"2026-09-03T10:00:12","modified_gmt":"2026-09-03T10:00:12","slug":"madarsko-zverejni-desitky-tisic-jmen-informatoru-nekdejsiho-komunistickeho-rezimu","status":"publish","type":"post","link":"https:\/\/www.europesays.com\/cz\/201182\/","title":{"rendered":"Ma\u010farsko zve\u0159ejn\u00ed des\u00edtky tis\u00edc jmen inform\u00e1tor\u016f n\u011bkdej\u0161\u00edho komunistick\u00e9ho re\u017eimu"},"content":{"rendered":"<p class=\"c_bB\">Ma\u010farsk\u00fd vicepremi\u00e9r a\u00a0\u0161\u00e9f \u00fa\u0159adu vl\u00e1dy B\u00e1lint Ruff v\u00a0rozhovoru pro web telex.hu p\u0159ipustil, \u017ee nev\u00ed, zda se na seznamu ocitnou lid\u00e9, kte\u0159\u00ed se po p\u00e1du komunismu stali d\u016fle\u017eit\u00fdmi postavami v\u00a0ma\u010farsk\u00e9 politice a\u00a0ekonomice. \u201eM\u00e1m p\u0159edstavu o\u00a0\u010d\u00edsle,\u201c citovala z\u00a0rozhovoru agentura <a data-dot=\"atm-link\" target=\"_blank\" rel=\"noopener nofollow\" href=\"https:\/\/mti.hu\/hirek\/2026\/09\/02\/ruff-balint-60-80-ezer-nev-napvilagot-lathat-az-ugynokaktak-nyilvanossagra\" class=\"c_I\">MTI<\/a>.<\/p>\n<p class=\"c_bB\">Podle odborn\u00fdch odhad\u016f by mohlo j\u00edt o\u00a0zm\u00edn\u011bn\u00fdch 60\u00a0a\u017e 80\u00a0tis\u00edc jmen. \u201eSpisy agent\u016f jsou velmi d\u016fle\u017eitou sou\u010d\u00e1st\u00ed na\u0161\u00ed spole\u010dn\u00e9 minulosti a\u00a0bude v\u00a0nich \u0159ada v\u011bc\u00ed, kter\u00e9 zp\u016fsob\u00ed smutek v\u00a0mnoha rodin\u00e1ch,\u201c \u0159ekl Ruff. Podle vicepremi\u00e9ra z\u016fstanou utajeny pouze \u00fadaje, kter\u00e9 by mohly po\u0161kodit bezpe\u010dnost zem\u011b a\u00a0jej\u00edch spojenc\u016f v\u00a0Evropsk\u00e9 unii a\u00a0v Severoatlantick\u00e9 alianci.<\/p>\n<p>P\u0159edvolebn\u00ed slib<\/p>\n<p class=\"c_bB\">Odtajn\u011bn\u00ed archiv\u016f komunistick\u00e9 st\u00e1tn\u00ed bezpe\u010dnosti p\u0159isl\u00edbil ji\u017e p\u0159ed dubnov\u00fdmi volbami l\u00eddr strany Tisza P\u00e9ter Magyar, kter\u00fd se stal nov\u00fdm ma\u010farsk\u00fdm premi\u00e9rem. Ruff v\u00a0t\u00e9to souvislosti p\u0159ipomn\u011bl, \u017ee dosud \u017e\u00e1dn\u00e1 ma\u010farsk\u00e1 vl\u00e1da nem\u011bla odvahu zp\u0159\u00edstupnit tyto dokumenty.<\/p>\n<p><a data-dot=\"atm-link\" target=\"_self\" href=\"https:\/\/www.novinky.cz\/clanek\/zahranicni-evropa-zelenskyj-poslal-magyarovi-dopis-pozval-ho-do-kyjeva-40593796\" class=\"c_I\" rel=\"nofollow noopener\"><img fetchpriority=\"high\" height=\"2304\" width=\"4096\" src=\"https:\/\/www.europesays.com\/cz\/wp-content\/uploads\/2026\/09\/fe17.jpeg\" loading=\"eager\" decoding=\"sync\" class=\"c_t c_r\"\/><\/a><\/p>\n<p class=\"c_bB\">Za\u010d\u00e1tkem \u010dervence ma\u010farsk\u00fd parlament jednomysln\u011b schv\u00e1lil n\u00e1vrh na zve\u0159ejn\u011bn\u00ed spis\u016f agent\u016f komunistick\u00fdch tajn\u00fdch slu\u017eeb. Byl z\u0159\u00edzen t\u0159in\u00e1cti\u010dlenn\u00fd poradn\u00ed v\u00fdbor k\u00a0prozkoum\u00e1n\u00ed utajovan\u00fdch dokument\u016f. Jeho \u010dleny jsou odborn\u00edci z\u00a0oblasti historie a\u00a0archivnictv\u00ed, kte\u0159\u00ed maj\u00ed zku\u0161enosti s\u00a0b\u00e1d\u00e1n\u00edm ohledn\u011b fungov\u00e1n\u00ed minul\u00e9ho re\u017eimu a\u00a0aktivit tajn\u00fdch slu\u017eeb.<\/p>\n<p class=\"c_bB\">Komunistick\u00fd re\u017eim byl v\u00a0Ma\u010farsku nastolen po roce 1945, po jeho p\u00e1du ale zem\u011b &#8211; na rozd\u00edl od \u010cesk\u00e9 republiky, Polska \u010di Slovenska &#8211; nikdy ofici\u00e1ln\u011b nezve\u0159ejnila jm\u00e9na spolupracovn\u00edk\u016f tajn\u00e9 policie z\u00a0obdob\u00ed komunismu. Jednotlivci maj\u00ed p\u0159\u00edstup ke sv\u00fdm vlastn\u00edm slo\u017ek\u00e1m, nikoliv v\u0161ak k\u00a0materi\u00e1l\u016fm o\u00a0jin\u00fdch osob\u00e1ch, v\u010detn\u011b b\u00fdval\u00fdch inform\u00e1tor\u016f.<\/p>\n<p><a data-dot=\"atm-link\" target=\"_self\" href=\"https:\/\/www.novinky.cz\/clanek\/zahranicni-evropa-je-to-definitivni-madarsko-otevre-spisy-agentu-komunistickych-tajnych-sluzeb-40586854\" class=\"c_I\" rel=\"nofollow noopener\"><img height=\"720\" width=\"1280\" src=\"https:\/\/www.europesays.com\/cz\/wp-content\/uploads\/2026\/09\/0yORnh.jpeg\" loading=\"eager\" decoding=\"sync\" class=\"c_t c_r\"\/><\/a><\/p>\n","protected":false},"excerpt":{"rendered":"Ma\u010farsk\u00fd vicepremi\u00e9r a\u00a0\u0161\u00e9f \u00fa\u0159adu vl\u00e1dy B\u00e1lint Ruff v\u00a0rozhovoru pro web telex.hu p\u0159ipustil, \u017ee nev\u00ed, zda se na seznamu&hellip;\n","protected":false},"author":2,"featured_media":201183,"comment_status":"","ping_status":"","sticky":false,"template":"","format":"standard","meta":{"footnotes":"","_share_on_mastodon":"0"},"categories":[3],"tags":[109,108,106,796,119,21862],"class_list":["post-201182","post","type-post","status-publish","format-standard","has-post-thumbnail","category-evropa","tag-europa","tag-europe","tag-evropa","tag-madarsko","tag-seznam","tag-zverejneni"],"share_on_mastodon":{"url":"https:\/\/pubeurope.com\/@cz\/117206530867855610","error":""},"_links":{"self":[{"href":"https:\/\/www.europesays.com\/cz\/wp-json\/wp\/v2\/posts\/201182","targetHints":{"allow":["GET"]}}],"collection":[{"href":"https:\/\/www.europesays.com\/cz\/wp-json\/wp\/v2\/posts"}],"about":[{"href":"https:\/\/www.europesays.com\/cz\/wp-json\/wp\/v2\/types\/post"}],"author":[{"embeddable":true,"href":"https:\/\/www.europesays.com\/cz\/wp-json\/wp\/v2\/users\/2"}],"replies":[{"embeddable":true,"href":"https:\/\/www.europesays.com\/cz\/wp-json\/wp\/v2\/comments?post=201182"}],"version-history":[{"count":0,"href":"https:\/\/www.europesays.com\/cz\/wp-json\/wp\/v2\/posts\/201182\/revisions"}],"wp:featuredmedia":[{"embeddable":true,"href":"https:\/\/www.europesays.com\/cz\/wp-json\/wp\/v2\/media\/201183"}],"wp:attachment":[{"href":"https:\/\/www.europesays.com\/cz\/wp-json\/wp\/v2\/media?parent=201182"}],"wp:term":[{"taxonomy":"category","embeddable":true,"href":"https:\/\/www.europesays.com\/cz\/wp-json\/wp\/v2\/categories?post=201182"},{"taxonomy":"post_tag","embeddable":true,"href":"https:\/\/www.europesays.com\/cz\/wp-json\/wp\/v2\/tags?post=201182"}],"curies":[{"name":"wp","href":"https:\/\/api.w.org\/{rel}","templated":true}]}}