{"id":201196,"date":"2026-09-03T10:08:14","date_gmt":"2026-09-03T10:08:14","guid":{"rendered":"https:\/\/www.europesays.com\/cz\/201196\/"},"modified":"2026-09-03T10:08:14","modified_gmt":"2026-09-03T10:08:14","slug":"samal-zustane-soudcem-zpravodajem-v-rizeni-o-pavlove-kompetencni-zalobe","status":"publish","type":"post","link":"https:\/\/www.europesays.com\/cz\/201196\/","title":{"rendered":"\u0160\u00e1mal z\u016fstane soudcem zpravodajem v\u00a0\u0159\u00edzen\u00ed o\u00a0Pavlov\u011b kompeten\u010dn\u00ed \u017ealob\u011b"},"content":{"rendered":"<p class=\"e_bX\">Pavel \u0160\u00e1mal z\u016fstane soudcem zpravodajem v\u00a0\u0159\u00edzen\u00ed o\u00a0kompeten\u010dn\u00ed \u017ealob\u011b prezidenta Petra Pavla. Vylou\u010den\u00ed \u0160\u00e1mala z\u00a0projedn\u00e1v\u00e1n\u00ed a\u00a0rozhodov\u00e1n\u00ed navrhla vl\u00e1da, pl\u00e9num \u00dastavn\u00edho soudu (\u00daS) j\u00ed v\u0161ak nevyhov\u011blo. V\u00a0\u017e\u00e1dn\u00e9m soudn\u00edm \u0159\u00edzen\u00ed v\u00a0\u010cR nelze soudce ozna\u010dit za podjat\u00e9ho jen kv\u016fli jeho postupu v\u00a0\u0159\u00edzen\u00ed, stoj\u00ed v\u00a0<a data-dot=\"atm-link\" target=\"_blank\" rel=\"noopener nofollow\" href=\"https:\/\/www.usoud.cz\/fileadmin\/user_upload\/Tiskova_mluvci\/Publikovane_nalezy\/2026\/Pl._%C3%9AS_16-26_AN.pdf\" class=\"e_n\">usnesen\u00ed<\/a> zp\u0159\u00edstupn\u011bn\u00e9m na webu \u00daS. Ministr spravedlnosti Jeron\u00fdm Tejc (za ANO) \u010cTK \u0159ekl, \u017ee rozhodnut\u00ed respektuje, podle n\u011bj ale neznamen\u00e1, \u017ee vl\u00e1da v\u00a0kompeten\u010dn\u00edm sporu nebude \u00fasp\u011b\u0161n\u00e1.<\/p>\n<p class=\"e_bX\">Prezident podal kompeten\u010dn\u00ed \u017ealobu kv\u016fli sv\u00e9mu neza\u0159azen\u00ed do delegace na summit Severoatlantick\u00e9 aliance (NATO) v\u00a0Anka\u0159e. \u0160\u00e1mal se stal soudcem zpravodajem na z\u00e1klad\u011b rozvrhu pr\u00e1ce. Pl\u00e9num soudu je\u0161t\u011b v\u00a0\u010dervnu vydalo p\u0159edb\u011b\u017en\u00e9 opat\u0159en\u00ed, na jeho\u017e z\u00e1klad\u011b Pavel do Ankary odjel a\u00a0summitu se z\u00fa\u010dastnil.<\/p>\n<p class=\"e_bX\">O samotn\u00e9 kompeten\u010dn\u00ed \u017ealob\u011b, kter\u00e1 m\u00e1 definitivn\u011b vyjasnit pravomoc zastupovat st\u00e1t navenek, soud teprve rozhodne. Ve \u010dtvrtek potvrdil, \u017ee kauza z\u016fst\u00e1v\u00e1 v\u00a0re\u017eimu p\u0159ednostn\u00edho projedn\u00e1n\u00ed.<\/p>\n<p class=\"e_bX\">Vl\u00e1d\u011b na \u0160\u00e1malovi vadilo zejm\u00e9na to, \u017ee j\u00ed p\u0159ed vyd\u00e1n\u00edm p\u0159edb\u011b\u017en\u00e9ho opat\u0159en\u00ed nedal mo\u017enost vyj\u00e1d\u0159it se k\u00a0prezidentovu n\u00e1vrhu, a\u00a0to p\u0159esto, \u017ee jinak s\u00a0vl\u00e1dou ohledn\u011b \u017ealoby komunikoval.<\/p>\n<p><a data-dot=\"mol-article-card-media\" aria-hidden=\"true\" tabindex=\"-1\" href=\"https:\/\/www.seznamzpravy.cz\/clanek\/domaci-politika-vlada-zpochybnila-ustavniho-soudce-podjaty-neni-vzkazuji-pravnici-311533\" class=\"e_n f_l8\" rel=\"nofollow noopener\" target=\"_blank\"><img fetchpriority=\"high\" height=\"1271\"   width=\"2260\" src=\"https:\/\/www.europesays.com\/cz\/wp-content\/uploads\/2026\/09\/fkjHS.jpeg\" loading=\"eager\" decoding=\"sync\" class=\"e_aa e_Z\"\/><\/a><\/p>\n<p class=\"e_bX\">Z aktu\u00e1ln\u00edho usnesen\u00ed plyne, \u017ee \u0160\u00e1mal se nec\u00edt\u00ed podjat\u00fd. Zvolen\u00fd postup byl v\u011bdom\u00fd a\u00a0od\u016fvodn\u011bn\u00fd, koordinovan\u00fd v\u00a0pl\u00e9nu, tedy patn\u00e1cti\u010dlenn\u00e9m sboru v\u0161ech soudc\u016f a\u00a0soudky\u0148. D\u016fvodem byla nal\u00e9havost v\u011bci. Summit v\u00a0Anka\u0159e se bl\u00ed\u017eil a\u00a0vl\u00e1da by podle usnesen\u00ed \u201ejako kolektivn\u00ed org\u00e1n zjevn\u011b nemohla b\u00fdt schopn\u00e1 se v\u00a0\u0159\u00e1du des\u00edtek hodin vyj\u00e1d\u0159it k\u00a0n\u00e1vrhu na p\u0159edb\u011b\u017en\u00e9 opat\u0159en\u00ed\u201c.<\/p>\n<p class=\"e_bX\">\u00daS zd\u016fraznil, \u017ee n\u00e1mitka podjatosti nem\u016f\u017ee b\u00fdt zalo\u017eena na procesn\u00edm postupu soudce v\u00a0\u0159\u00edzen\u00ed. \u201eToto pravidlo se ust\u00e1len\u011b uplat\u0148uje i\u00a0v \u0159\u00edzen\u00ed p\u0159ed \u00daS a\u00a0nen\u00ed d\u016fvod z\u00a0n\u011bj nyn\u00ed \u010dinit v\u00fdjimku; plat\u00ed tedy i\u00a0pro vl\u00e1du. Vl\u00e1da tud\u00ed\u017e nam\u00edt\u00e1 podjatost soudce zpravodaje z\u00a0d\u016fvodu, kter\u00fd podle pr\u00e1vn\u00ed \u00fapravy a\u00a0judikatury nem\u016f\u017ee v\u00e9st k\u00a0vylou\u010den\u00ed soudce,\u201c uvedl soud v\u00a0usnesen\u00ed pl\u00e9na, pod kter\u00fdm je podeps\u00e1n p\u0159edseda soudu Josef Baxa.<\/p>\n<p class=\"e_bX\">Vl\u00e1da nedolo\u017eila ani jin\u00fd d\u016fkaz subjektivn\u00ed \u010di objektivn\u00ed podjatosti soudce \u0160\u00e1mala. \u201eNic z\u00a0tvrzen\u00ed vl\u00e1dy pak nesv\u011bd\u010d\u00ed o\u00a0tom, \u017ee by soudce zpravodaj byl ve v\u011bci osobn\u011b zaujat\u00fd. Vl\u00e1da ani nepouk\u00e1zala na \u017e\u00e1dn\u00e9 dal\u0161\u00ed okolnosti, kter\u00e9 by mohly vzbuzovat legitimn\u00ed pochybnost o\u00a0nestrannosti soudce zpravodaje. Nezb\u00fdv\u00e1 tak ne\u017e uzav\u0159\u00edt, \u017ee vl\u00e1dou vznesen\u00e1 n\u00e1mitka podjatosti nen\u00ed d\u016fvodn\u00e1,\u201c uzav\u0159el soud.<\/p>\n<p class=\"e_bX\">Zpravodaj u\u00a0\u00daS p\u0159ipravuje rozhodnut\u00ed a\u00a0koordinuje procesn\u00ed postup, nicm\u00e9n\u011b hlasuje v\u017edy sbor soudc\u016f a\u00a0soudky\u0148, bu\u010f t\u0159\u00ed\u010dlenn\u00fd sen\u00e1t, nebo patn\u00e1cti\u010dlenn\u00e9 pl\u00e9num, jako v\u00a0tomto p\u0159\u00edpad\u011b. \u201eJe v\u017edy na rozhodnut\u00ed pl\u00e9na, zda n\u00e1vrhy soudce zpravodaje p\u0159ijme, a\u00a0pl\u00e9num za tato rozhodnut\u00ed nese odpov\u011bdnost,\u201c uvedla mluv\u010d\u00ed soudu Kamila Abbasi.<\/p>\n<p class=\"e_bX\">\u201eJe to rozhodnut\u00ed \u00dastavn\u00edho soudu, kter\u00e9 respektuji. Sv\u00fdm zp\u016fsobem bylo o\u010dek\u00e1vateln\u00e9 s\u00a0ohledem na to, \u017ee pro to p\u0159edb\u011b\u017en\u00e9 opat\u0159en\u00ed ve verzi, jakou pan \u0160\u00e1mal p\u0159edlo\u017eil, hlasovala v\u011bt\u0161ina \u00dastavn\u00edho soudu. Tak\u017ee by asi bylo mimo\u0159\u00e1dn\u00e9, pokud by dnes \u00dastavn\u00ed soud rozhodl jinak,\u201c reagoval Tejc, kter\u00fd d\u0159\u00edve \u0160\u00e1mal\u016fv postup ost\u0159e kritizoval jako \u201ebezprecedentn\u00ed projev soudn\u00edho aktivismu\u201c.<\/p>\n<p class=\"e_bX\">\u201eNa druh\u00e9 stran\u011b mysl\u00edm, \u017ee bylo pot\u0159eba, abychom se jako vl\u00e1da ozvali ve chv\u00edli, kdy jsme c\u00edtili, \u017ee soudce zpravodaj nepostupoval podle m\u00e9ho n\u00e1zoru spr\u00e1vn\u011b. Jak dopadne cel\u00e9 to \u0159\u00edzen\u00ed, se uvid\u00ed. Mysl\u00edm si, \u017ee toto rozhodnut\u00ed v\u016fbec nem\u016f\u017ee p\u0159edj\u00edmat a\u00a0znamenat, \u017ee vl\u00e1da nebude v\u00a0kompeten\u010dn\u00edm sporu \u00fasp\u011b\u0161n\u00e1,\u201c uzav\u0159el ministr.<\/p>\n<p><a data-dot=\"mol-article-card-media\" aria-hidden=\"true\" tabindex=\"-1\" href=\"https:\/\/www.seznamzpravy.cz\/clanek\/domaci-politika-aktivismus-se-stal-sprostym-slovem-politici-ho-vyvlastnili-311932\" class=\"e_n f_l8\" rel=\"nofollow noopener\" target=\"_blank\"><img height=\"1293\"   width=\"2300\" src=\"https:\/\/www.europesays.com\/cz\/wp-content\/uploads\/2026\/09\/cfab.jpeg\" loading=\"eager\" decoding=\"sync\" class=\"e_aa e_Z\"\/><\/a><a data-dot=\"mol-article-card-media\" aria-hidden=\"true\" tabindex=\"-1\" href=\"https:\/\/www.seznamzpravy.cz\/clanek\/domaci-zivot-v-cesku-falesna-fotka-poradce-prezidenta-a-ustavniho-soudce-nezname-se-reaguji-309866\" class=\"e_n f_l8\" rel=\"nofollow noopener\" target=\"_blank\"><img height=\"1012\"   width=\"1800\" src=\"https:\/\/www.europesays.com\/cz\/wp-content\/uploads\/2026\/09\/petr-kolar.jpeg\" loading=\"eager\" decoding=\"sync\" class=\"e_aa e_Z\"\/><\/a><\/p>\n","protected":false},"excerpt":{"rendered":"Pavel \u0160\u00e1mal z\u016fstane soudcem zpravodajem v\u00a0\u0159\u00edzen\u00ed o\u00a0kompeten\u010dn\u00ed \u017ealob\u011b prezidenta Petra Pavla. Vylou\u010den\u00ed \u0160\u00e1mala z\u00a0projedn\u00e1v\u00e1n\u00ed a\u00a0rozhodov\u00e1n\u00ed navrhla vl\u00e1da, pl\u00e9num&hellip;\n","protected":false},"author":2,"featured_media":201197,"comment_status":"","ping_status":"","sticky":false,"template":"","format":"standard","meta":{"footnotes":"","_share_on_mastodon":"0"},"categories":[7],"tags":[43,42,41,40,36498,213,1067,562],"class_list":["post-201196","post","type-post","status-publish","format-standard","has-post-thumbnail","category-cesko","tag-ceska-republika","tag-cesko","tag-czech-republic","tag-czechia","tag-pavel-samal","tag-petr-pavel","tag-ustavni-soud","tag-vlada-andreje-babise"],"share_on_mastodon":{"url":"https:\/\/pubeurope.com\/@cz\/117206562319245650","error":""},"_links":{"self":[{"href":"https:\/\/www.europesays.com\/cz\/wp-json\/wp\/v2\/posts\/201196","targetHints":{"allow":["GET"]}}],"collection":[{"href":"https:\/\/www.europesays.com\/cz\/wp-json\/wp\/v2\/posts"}],"about":[{"href":"https:\/\/www.europesays.com\/cz\/wp-json\/wp\/v2\/types\/post"}],"author":[{"embeddable":true,"href":"https:\/\/www.europesays.com\/cz\/wp-json\/wp\/v2\/users\/2"}],"replies":[{"embeddable":true,"href":"https:\/\/www.europesays.com\/cz\/wp-json\/wp\/v2\/comments?post=201196"}],"version-history":[{"count":0,"href":"https:\/\/www.europesays.com\/cz\/wp-json\/wp\/v2\/posts\/201196\/revisions"}],"wp:featuredmedia":[{"embeddable":true,"href":"https:\/\/www.europesays.com\/cz\/wp-json\/wp\/v2\/media\/201197"}],"wp:attachment":[{"href":"https:\/\/www.europesays.com\/cz\/wp-json\/wp\/v2\/media?parent=201196"}],"wp:term":[{"taxonomy":"category","embeddable":true,"href":"https:\/\/www.europesays.com\/cz\/wp-json\/wp\/v2\/categories?post=201196"},{"taxonomy":"post_tag","embeddable":true,"href":"https:\/\/www.europesays.com\/cz\/wp-json\/wp\/v2\/tags?post=201196"}],"curies":[{"name":"wp","href":"https:\/\/api.w.org\/{rel}","templated":true}]}}