{"id":201202,"date":"2026-09-03T10:12:10","date_gmt":"2026-09-03T10:12:10","guid":{"rendered":"https:\/\/www.europesays.com\/cz\/201202\/"},"modified":"2026-09-03T10:12:10","modified_gmt":"2026-09-03T10:12:10","slug":"kdo-si-hraje-nezlobi-na-praze-6-otevreli-skluzavku-pro-dospele-ma-pres-40-metru","status":"publish","type":"post","link":"https:\/\/www.europesays.com\/cz\/201202\/","title":{"rendered":"Kdo si hraje nezlob\u00ed: Na Praze 6 otev\u0159eli skluzavku pro dosp\u011bl\u00e9, m\u00e1 p\u0159es 40 metr\u016f!"},"content":{"rendered":"<p>Nov\u00e1 skluzavka je ve\u0159ejnosti p\u0159\u00edstupn\u00e1 od 1. z\u00e1\u0159\u00ed. Sv\u00e9zt se mohou d\u011bti nad 120 centimetr\u016f t\u011blesn\u00e9 v\u00fd\u0161ky. Z\u00a0bezpe\u010dnostn\u00edch d\u016fvod\u016f bude zav\u0159en\u00e1 v\u00a0noci a ve dnech, kdy teploty klesnou pod 4\u00b0C. Skluzavka je navr\u017eena tak, aby se v\u00a0n\u00ed lid\u00e9 rozjeli dost rychle na to, aby se uvnit\u0159 nezasekli, ale z\u00e1rove\u0148 m\u00e1 dlouh\u00fd rovn\u00fd dojezd, aby nehrozilo nebezpe\u010d\u00ed p\u00e1du.<\/p>\n<p>\u201eOd sv\u00e9ho n\u00e1stupu do funkce se sna\u017e\u00edm, abychom co nejv\u00edc naru\u0161ili f\u00e1dnost klasick\u00fdch d\u011btsk\u00fdch h\u0159i\u0161\u0165. Abychom naru\u0161ili p\u0159edstavu, \u017ee d\u011bti pat\u0159\u00ed jenom na h\u0159i\u0161t\u011b za plot, proto\u017ee zbyl\u00fd sv\u011bt je pro n\u011b nebezpe\u010dn\u00fd anebo nudn\u00fd. Abychom umis\u0165ovali takov\u00e9 prvky, na kter\u00e9 m\u016f\u017eou b\u00fdt atraktivn\u00ed i pro star\u0161\u00ed d\u011bti anebo klidn\u011b pro dosp\u011bl\u00e9 s du\u0161\u00ed d\u00edt\u011bte,\u201c uvedl pro Blesk radn\u00ed Petr Palack\u00fd.<\/p>\n<p>    <a aria-label=\"Unik\u00e1tn\u00ed n\u00e1lez u B\u0159eclavi: Archeologov\u00e9 na\u0161li pln\u011b zachovanou keltskou studnu!\" title=\"Unik\u00e1tn\u00ed n\u00e1lez u B\u0159eclavi: Archeologov\u00e9 na\u0161li pln\u011b zachovanou keltskou studnu!\" href=\"https:\/\/www.blesk.cz\/clanek\/regiony-brno-brno-zpravy\/847042\/unikatni-nalez-u-breclavi-archeologove-nasli-plne-zachovanou-keltskou-studnu.html\" class=\"article-card article-card--type-1 artobj\" data-track-click=\"{&quot;clickTo&quot;:&quot;button&quot;,&quot;link&quot;:{&quot;type&quot;:&quot;article-card&quot;,&quot;text&quot;:&quot;Unik\u00e1tn\u00ed n\u00e1lez u B\u0159eclavi: Archeologov\u00e9 na\u0161li pln\u011b zachovanou keltskou studnu!&quot;,&quot;url&quot;:&quot;https:\/\/www.blesk.cz\/clanek\/regiony-brno-brno-zpravy\/847042\/unikatni-nalez-u-breclavi-archeologove-nasli-plne-zachovanou-keltskou-studnu.html&quot;,&quot;location&quot;:&quot;page&quot;}}\" data-track-element-id=\"artobject-article-link-1-847042\" data-track-list=\"{\" item=\"\" n=\"\" u=\"\" b=\"\" archeologov=\"\" na=\"\" pln=\"\" zachovanou=\"\" keltskou=\"\" studnu=\"\" pl zachovano keltsko studn rel=\"nofollow noopener\" target=\"_blank\"><\/p>\n<p>\t<img decoding=\"async\" src=\"https:\/\/www.europesays.com\/cz\/wp-content\/uploads\/2026\/09\/9951204.jpg\" alt=\"Archeologov\u00e9 na\u0161li na trase pl\u00e1novan\u00e9ho obchvatu B\u0159eclavi keltskou studnu starou v\u00edce ne\u017e dva tis\u00edce let.\" title=\"\" width=\"238\" height=\"158,67\" class=\"\" style=\"aspect-ratio: 238 \/ 158,67\" loading=\"lazy\"\/><\/p>\n<p>    Unik\u00e1tn\u00ed n\u00e1lez u B\u0159eclavi: Archeologov\u00e9 na\u0161li pln\u011b zachovanou keltskou studnu!<\/p>\n<p>    <\/a><\/p>\n<p>N\u00e1pad na jej\u00ed zhotoven\u00ed vy\u0161el podle radn\u00edho i z\u00a0pozitivn\u00ed zku\u0161enosti s\u00a0dobrodru\u017en\u00fdmi h\u0159i\u0161ti, kter\u00e1 tak\u00e9 vymaz\u00e1vaj\u00ed hranici mezi z\u00e1bavn\u00fdmi prvky pro d\u011bti a dosp\u011bl\u00e9. \u201eD\u011bti si vytv\u00e1\u0159ej\u00ed sv\u00e9 atrakce zcela samy, m\u016f\u017eou p\u0159itom pou\u017e\u00edvat r\u016fzn\u00e1 \u201adosp\u011bl\u00e1ck\u00e1\u2018 n\u00e1\u010din\u00ed jako pilky \u010di kladiva, m\u016f\u017eou zvelebovat, p\u0159etv\u00e1\u0159et anebo i bourat dome\u010dky, kter\u00e9 vytvo\u0159ili jejich p\u0159edch\u016fdci p\u0159ed nimi,\u201c popisuje radn\u00ed.<\/p>\n<p>M\u00edsto mezi ulicemi Na Julisce a Pod Juliskou bylo vybr\u00e1no jednak ide\u00e1ln\u00edmu ter\u00e9nu. Jednak m\u00e1 svah ide\u00e1ln\u00ed sklon 29 stup\u0148\u016f a jednak je hned vedle ji\u017e vybudovan\u00e9 schodi\u0161t\u011b. M\u011bstsk\u00e1 \u010d\u00e1st se v\u0161\u00edm v\u0161udy za jej\u00ed vybudov\u00e1n\u00ed zaplatila 3,8 milionu korun.<\/p>\n<p>    <a aria-label=\"900 let od smrti prvn\u00ed \u010desk\u00e9 kr\u00e1lovny Svatavy: Jej\u00ed hrob zmizel! V\u00fdro\u010d\u00ed si p\u0159ipomenou na Vy\u0161ehrad\u011b\" title=\"900 let od smrti prvn\u00ed \u010desk\u00e9 kr\u00e1lovny Svatavy: Jej\u00ed hrob zmizel! V\u00fdro\u010d\u00ed si p\u0159ipomenou na Vy\u0161ehrad\u011b\" href=\"https:\/\/www.blesk.cz\/clanek\/regiony-praha-prazane\/846381\/900-let-od-smrti-prvni-ceske-kralovny-svatavy-jeji-hrob-zmizel-vyroci-si-pripomenou-na-vysehrade.html\" class=\"article-card article-card--type-1 artobj\" data-track-click=\"{&quot;clickTo&quot;:&quot;button&quot;,&quot;link&quot;:{&quot;type&quot;:&quot;article-card&quot;,&quot;text&quot;:&quot;900 let od smrti prvn\u00ed \u010desk\u00e9 kr\u00e1lovny Svatavy: Jej\u00ed hrob zmizel! V\u00fdro\u010d\u00ed si p\u0159ipomenou na Vy\u0161ehrad\u011b&quot;,&quot;url&quot;:&quot;https:\/\/www.blesk.cz\/clanek\/regiony-praha-prazane\/846381\/900-let-od-smrti-prvni-ceske-kralovny-svatavy-jeji-hrob-zmizel-vyroci-si-pripomenou-na-vysehrade.html&quot;,&quot;location&quot;:&quot;page&quot;}}\" data-track-element-id=\"artobject-article-link-2-846381\" data-track-list=\"{\" item=\"\" let=\"\" od=\"\" smrti=\"\" prvn=\"\" kr=\"\" svatavy:=\"\" jej=\"\" hrob=\"\" zmizel=\"\" v=\"\" si=\"\" p=\"\" na=\"\" vy=\"\" rel=\"nofollow noopener\" target=\"_blank\"><\/p>\n<p>\t<img decoding=\"async\" src=\"https:\/\/www.europesays.com\/cz\/wp-content\/uploads\/2026\/09\/9943163.jpg\" alt=\"Svatava Polsk\u00e1 byla prvn\u00ed \u010deskou kr\u00e1lovnou a man\u017eelkou Vratislava II.\" title=\"\" width=\"238\" height=\"158,67\" class=\"\" style=\"aspect-ratio: 238 \/ 158,67\" loading=\"lazy\"\/><\/p>\n<p>    900 let od smrti prvn\u00ed \u010desk\u00e9 kr\u00e1lovny Svatavy: Jej\u00ed hrob zmizel! V\u00fdro\u010d\u00ed si p\u0159ipomenou na Vy\u0161ehrad\u011b<\/p>\n<p>    <\/a><\/p>\n<p>Hned v\u00a0prvn\u00ed den se podle radn\u00edho skluzavka u ve\u0159ejnosti setkala s\u00a0\u00fasp\u011bchem. \u201eZa m\u011b to bylo super, p\u0159i\u0161lo hodn\u011b lid\u00ed, bylo vid\u011bt, \u017ee je to zaj\u00edmav\u00e1 atrakce. Krom\u011b d\u011bt\u00ed p\u0159i\u0161li i rodi\u010de a dokonce bych \u0159ekl, \u017ee mo\u017en\u00e1 i prarodi\u010de,\u201c popsal radn\u00ed Blesku. Skluzavku si pochopiteln\u011b vyzkou\u0161el i on s\u00e1m. \u201eJe to ban\u00e1ln\u00ed v\u011bc, ale ta rychlost z\u00e1vis\u00ed na tom, jak\u00e9 m\u00e1te kalhoty. J\u00e1 jsem zkusil d\u017e\u00edny a takov\u00e9 klouzav\u011bj\u0161\u00ed outdoorov\u00e9 kalhoty. V\u00a0d\u017e\u00ednech je to standardn\u011b rychl\u00e9, v\u00a0t\u011bch druh\u00fdch to jelo o n\u011bco v\u00edce,\u201c dodal Palack\u00fd.<\/p>\n<p>          <a class=\"galleryNext\" href=\"https:\/\/www.blesk.cz\/galerie\/regiony-praha-praha-zpravy\/1496787\/kdo-si-hraje-nezlobi-v-praze-6-otevreli-skluzavku-pro-dospele-ma-pres-40-metru?foto=2\" rel=\"nofollow noopener\" target=\"_blank\"><\/p>\n<p>          <\/a><br \/>\n          <a href=\"https:\/\/www.blesk.cz\/galerie\/regiony-praha-praha-zpravy\/1496787\/kdo-si-hraje-nezlobi-v-praze-6-otevreli-skluzavku-pro-dospele-ma-pres-40-metru?foto=1\" class=\"photoIn\" rel=\"nofollow noopener\" target=\"_blank\"><br \/>\n            <img decoding=\"async\" src=\"https:\/\/www.europesays.com\/cz\/wp-content\/uploads\/2026\/09\/9955203.jpg\" title=\"Kdo si hraje nezlob\u00ed: Na Praze 6 otev\u0159eli skluzavku pro dosp\u011bl\u00e9, m\u00e1 p\u0159es 40 metr\u016f!\" alt=\"Kdo si hraje nezlob\u00ed: Na Praze 6 otev\u0159eli skluzavku pro dosp\u011bl\u00e9, m\u00e1 p\u0159es 40 metr\u016f!\" width=\"520\" loading=\"lazy\"\/><br \/>\n          <\/a><\/p>\n<p>Kdo si hraje nezlob\u00ed: Na Praze 6 otev\u0159eli skluzavku pro dosp\u011bl\u00e9, m\u00e1 p\u0159es 40 metr\u016f!<\/p>\n<p>Autor:\u00a0Praha 6<\/p>\n","protected":false},"excerpt":{"rendered":"Nov\u00e1 skluzavka je ve\u0159ejnosti p\u0159\u00edstupn\u00e1 od 1. z\u00e1\u0159\u00ed. Sv\u00e9zt se mohou d\u011bti nad 120 centimetr\u016f t\u011blesn\u00e9 v\u00fd\u0161ky. Z\u00a0bezpe\u010dnostn\u00edch&hellip;\n","protected":false},"author":2,"featured_media":201203,"comment_status":"","ping_status":"","sticky":false,"template":"","format":"standard","meta":{"footnotes":"","_share_on_mastodon":"0"},"categories":[30],"tags":[6581,46026,98,99,1017,20030,46027],"class_list":["post-201202","post","type-post","status-publish","format-standard","has-post-thumbnail","category-praha","tag-detske-hriste","tag-pod-juliskou-a-s","tag-prague","tag-praha","tag-praha-6","tag-skluzavka","tag-stadion-juliska"],"share_on_mastodon":{"url":"https:\/\/pubeurope.com\/@cz\/117206578181351484","error":""},"_links":{"self":[{"href":"https:\/\/www.europesays.com\/cz\/wp-json\/wp\/v2\/posts\/201202","targetHints":{"allow":["GET"]}}],"collection":[{"href":"https:\/\/www.europesays.com\/cz\/wp-json\/wp\/v2\/posts"}],"about":[{"href":"https:\/\/www.europesays.com\/cz\/wp-json\/wp\/v2\/types\/post"}],"author":[{"embeddable":true,"href":"https:\/\/www.europesays.com\/cz\/wp-json\/wp\/v2\/users\/2"}],"replies":[{"embeddable":true,"href":"https:\/\/www.europesays.com\/cz\/wp-json\/wp\/v2\/comments?post=201202"}],"version-history":[{"count":0,"href":"https:\/\/www.europesays.com\/cz\/wp-json\/wp\/v2\/posts\/201202\/revisions"}],"wp:featuredmedia":[{"embeddable":true,"href":"https:\/\/www.europesays.com\/cz\/wp-json\/wp\/v2\/media\/201203"}],"wp:attachment":[{"href":"https:\/\/www.europesays.com\/cz\/wp-json\/wp\/v2\/media?parent=201202"}],"wp:term":[{"taxonomy":"category","embeddable":true,"href":"https:\/\/www.europesays.com\/cz\/wp-json\/wp\/v2\/categories?post=201202"},{"taxonomy":"post_tag","embeddable":true,"href":"https:\/\/www.europesays.com\/cz\/wp-json\/wp\/v2\/tags?post=201202"}],"curies":[{"name":"wp","href":"https:\/\/api.w.org\/{rel}","templated":true}]}}