{"id":201204,"date":"2026-09-03T10:13:08","date_gmt":"2026-09-03T10:13:08","guid":{"rendered":"https:\/\/www.europesays.com\/cz\/201204\/"},"modified":"2026-09-03T10:13:08","modified_gmt":"2026-09-03T10:13:08","slug":"miliardar-vitek-jedna-s-ropnymi-magnaty-o-prodeji-policejni-budovy-v-londyne","status":"publish","type":"post","link":"https:\/\/www.europesays.com\/cz\/201204\/","title":{"rendered":"Miliard\u00e1\u0159 V\u00edtek jedn\u00e1 s\u00a0ropn\u00fdmi magn\u00e1ty o\u00a0prodeji policejn\u00ed budovy v\u00a0Lond\u00fdn\u011b"},"content":{"rendered":"<p class=\"e_bX\">Skupina <a data-dot=\"atm-link\" target=\"_blank\" href=\"https:\/\/www.seznamzpravy.cz\/tag\/cpi-property-group-58111\" class=\"e_n\" rel=\"nofollow noopener\">CPI Property Group<\/a> realitn\u00edho magn\u00e1ta <a data-dot=\"atm-link\" target=\"_blank\" href=\"https:\/\/www.seznamzpravy.cz\/tag\/radovan-vitek-22942\" class=\"e_n\" rel=\"nofollow noopener\">Radovana V\u00edtka<\/a> se zbavuje dal\u0161\u00ed zaj\u00edmav\u00e9 nemovitosti. Po prodeji pozemk\u016f v\u00a0pra\u017esk\u00fdch Bubnech je nyn\u00ed bl\u00edzko prodeje dev\u00edtipatrov\u00e9 budovy, v\u00a0n\u00ed\u017e osmdes\u00e1t let s\u00eddlila britsk\u00e1 policie.<\/p>\n<p class=\"e_bX\">Nemovitost se nach\u00e1z\u00ed na ulici Savile Row v\u00a0lond\u00fdnsk\u00e9 \u010dtvrti Mayfair. Nov\u00fdm majitele by se velmi brzo mohl st\u00e1t francouzsk\u00fd miliard\u00e1\u0159sk\u00fd klan Perrod\u016f, kter\u00fd vlastn\u00ed spole\u010dnost Perenco, jednoho z\u00a0nejv\u011bt\u0161\u00ed evropsk\u00fdch nez\u00e1visl\u00fdch ropn\u00fdch t\u011b\u017ea\u0159\u016f. Francouzsk\u00e1 miliard\u00e1\u0159sk\u00e1 rodina se u\u017e dohodla na podm\u00ednk\u00e1ch transakce, sd\u011blili agentu\u0159e Bloomberg zdroje obezn\u00e1men\u00e9 s\u00a0obchodem. Bl\u00ed\u017e\u00edc\u00ed se prodej potvrdil redakci SZ Byznys zdroj, kter\u00fd je o\u00a0dealu dob\u0159e informov\u00e1n. Perrodov\u00e9 koup\u00ed nemovitost prost\u0159ednictv\u00edm sv\u00e9ho rodinn\u00e9ho fondu BNF Capital spole\u010dn\u011b s\u00a0Morgan Real Estate.<\/p>\n<p class=\"e_bX\">Budova je v\u00a0sou\u010dasnosti p\u0159ipravena pro p\u0159estavbu na kancel\u00e1\u0159e. Jde o\u00a0prvn\u00ed projekt novostavby kancel\u00e1\u0159\u00ed v\u00a0Mayfair na trhu za posledn\u00edch dev\u011bt let. Hodnota projektu m\u00e1 dos\u00e1hnout 250\u00a0milion\u016f liber.<\/p>\n<p class=\"e_bX\">Podle Bloombergu cht\u011bla CPI Property Group z\u00edskat z\u00a0prodeje okolo sto milion\u016f liber (2,8\u00a0miliardy korun). P\u0159ed p\u011bti lety p\u0159itom podle britsk\u00fdch m\u00e9di\u00ed <a data-dot=\"atm-link\" target=\"_blank\" href=\"https:\/\/www.seznamzpravy.cz\/clanek\/miliardar-vitek-koupil-v-londyne-policejni-stanici-149528\" class=\"e_n\" rel=\"nofollow noopener\">budovu koupila za \u010d\u00e1stku zhruba pades\u00e1t milion\u016f liber<\/a>. Na transakci by tak vyd\u011blala pades\u00e1t milion\u016f liber, co\u017e je okolo 1,4\u00a0miliardy korun.<\/p>\n<p class=\"e_bX\">Nemovitost, v\u00a0n\u00ed\u017e s\u00eddlila centr\u00e1ln\u00ed policejn\u00ed slu\u017eebna okrsku West End, skupina CPI PG koupila od samotn\u00e9 policie, p\u0159i\u010dem\u017e z\u00e1jemc\u016f bylo velk\u00e9 mno\u017estv\u00ed. Budova toti\u017e le\u017e\u00ed v\u00a0lukrativn\u00ed \u010d\u00e1sti m\u011bsta nedaleko stanice metra Bond Street.<\/p>\n<p><a data-dot=\"mol-article-card-media\" aria-hidden=\"true\" tabindex=\"-1\" href=\"https:\/\/www.seznamzpravy.cz\/clanek\/ekonomika-byznys-reality-vitek-prodal-reality-za-vice-nez-10-miliard-klicove-byly-dva-obchody-307848\" class=\"e_n f_l8\" rel=\"nofollow noopener\" target=\"_blank\"><img fetchpriority=\"high\" height=\"527\"   width=\"938\" src=\"https:\/\/www.europesays.com\/cz\/wp-content\/uploads\/2026\/09\/immofinanz-praha.jpeg\" loading=\"eager\" decoding=\"sync\" class=\"e_aa e_Z\"\/><\/a><\/p>\n<p class=\"e_bX\">\u00dast\u0159edn\u00ed policejn\u00ed stanice ve West Endu byla otev\u0159ena v\u00a0roce 1940\u00a0a\u00a0byla tehdy pova\u017eov\u00e1na za jednu z\u00a0nejmodern\u011bj\u0161\u00edch na sv\u011bt\u011b. Ulice Savile Row, ve kter\u00e9 le\u017e\u00ed, je v\u0161ak zn\u00e1m\u00e1 p\u0159edev\u0161\u00edm pro zak\u00e1zkov\u00e1 krej\u010dovstv\u00ed, kter\u00e1 na n\u00ed p\u016fsob\u00ed od konce 18.\u00a0stolet\u00ed. S\u00eddlila na n\u00ed v\u0161ak mimo jin\u00e9 i\u00a0Kr\u00e1lovsk\u00e1 geografick\u00e1 spole\u010dnost a\u00a0na konci \u0161edes\u00e1t\u00fdch let na n\u00ed m\u011bli sv\u00e9 nahr\u00e1vac\u00ed studio Beatles.<\/p>\n<p class=\"e_bX\">V\u00edtkova skupina tak d\u00e1l pokra\u010duje v\u00a0prodej\u00edch majetku, aby sn\u00ed\u017eila sv\u00e9 zadlu\u017een\u00ed. Do konce kv\u011btna skupina CPI PG prodala podle sv\u00e9 leto\u0161n\u00ed pololetn\u00ed zpr\u00e1vy <a data-dot=\"atm-link\" target=\"_blank\" href=\"https:\/\/www.seznamzpravy.cz\/clanek\/ekonomika-byznys-reality-vitek-prodal-reality-za-vice-nez-10-miliard-klicove-byly-dva-obchody-307848\" class=\"e_n\" rel=\"nofollow noopener\">majetek za zhruba 439\u00a0milion\u016f eur<\/a>, co\u017e v\u00a0korun\u00e1ch p\u0159edstavuje \u010d\u00e1stku 10,6\u00a0miliardy. Loni za stejn\u00e9 obdob\u00ed prodala \u010di se dohodla na prodej\u00edch nemovitost\u00ed v\u00a0hodnot\u011b p\u0159es 650\u00a0milion\u016f eur (15,7\u00a0miliardy korun).<\/p>\n<p class=\"e_bX\">Po letech nep\u0159\u00e1telsk\u00fdch p\u0159evzet\u00ed a\u00a0akvizi\u010dn\u00edho ta\u017een\u00ed, se v\u00a0posledn\u00edch \u010dty\u0159ech letech realitn\u00ed magn\u00e1t V\u00edtek dostal do opa\u010dn\u00e9 situace, kdy prod\u00e1v\u00e1. D\u016fvodem je n\u00e1kladn\u00e9 p\u0159evzet\u00ed rakousk\u00fdch realitn\u00edch spole\u010dnost\u00ed S\u00a0Immo a\u00a0<a data-dot=\"atm-link\" target=\"_blank\" href=\"https:\/\/www.seznamzpravy.cz\/tag\/immofinanz-61558\" class=\"e_n\" rel=\"nofollow noopener\">Immofinanz<\/a> v\u00a0roce 2022.<\/p>\n<p class=\"e_bX\">Za ob\u011b firmy dala V\u00edtkova skupina 3,4\u00a0miliardy eur, p\u0159i\u010dem\u017e 2,7\u00a0miliardy financovala p\u0159eklenovac\u00edm \u00fav\u011brem. Kv\u016fli r\u016fstu inflace ale vzrostly n\u00e1klady na p\u016fj\u010dky, proto\u017ee centr\u00e1ln\u00ed banky zv\u00fd\u0161ily \u00farokov\u00e9 sazby, aby cenov\u00fd r\u016fst ztlumily. Zdra\u017een\u00ed pen\u011bz se z\u00e1rove\u0148 prom\u00edtlo do ni\u017e\u0161\u00edch cen komer\u010dn\u00edch realit zejm\u00e9na v\u00a0z\u00e1padn\u00ed Evrop\u011b.<\/p>\n","protected":false},"excerpt":{"rendered":"Skupina CPI Property Group realitn\u00edho magn\u00e1ta Radovana V\u00edtka se zbavuje dal\u0161\u00ed zaj\u00edmav\u00e9 nemovitosti. Po prodeji pozemk\u016f v\u00a0pra\u017esk\u00fdch Bubnech&hellip;\n","protected":false},"author":2,"featured_media":201205,"comment_status":"","ping_status":"","sticky":false,"template":"","format":"standard","meta":{"footnotes":"","_share_on_mastodon":"0"},"categories":[15],"tags":[2942,2111,2938,915,780,94,93],"class_list":["post-201204","post","type-post","status-publish","format-standard","has-post-thumbnail","category-sport","tag-cpi-property-group","tag-londyn","tag-radovan-vitek","tag-realitni-trh","tag-reality","tag-sport","tag-sports"],"share_on_mastodon":{"url":"https:\/\/pubeurope.com\/@cz\/117206581720548971","error":""},"_links":{"self":[{"href":"https:\/\/www.europesays.com\/cz\/wp-json\/wp\/v2\/posts\/201204","targetHints":{"allow":["GET"]}}],"collection":[{"href":"https:\/\/www.europesays.com\/cz\/wp-json\/wp\/v2\/posts"}],"about":[{"href":"https:\/\/www.europesays.com\/cz\/wp-json\/wp\/v2\/types\/post"}],"author":[{"embeddable":true,"href":"https:\/\/www.europesays.com\/cz\/wp-json\/wp\/v2\/users\/2"}],"replies":[{"embeddable":true,"href":"https:\/\/www.europesays.com\/cz\/wp-json\/wp\/v2\/comments?post=201204"}],"version-history":[{"count":0,"href":"https:\/\/www.europesays.com\/cz\/wp-json\/wp\/v2\/posts\/201204\/revisions"}],"wp:featuredmedia":[{"embeddable":true,"href":"https:\/\/www.europesays.com\/cz\/wp-json\/wp\/v2\/media\/201205"}],"wp:attachment":[{"href":"https:\/\/www.europesays.com\/cz\/wp-json\/wp\/v2\/media?parent=201204"}],"wp:term":[{"taxonomy":"category","embeddable":true,"href":"https:\/\/www.europesays.com\/cz\/wp-json\/wp\/v2\/categories?post=201204"},{"taxonomy":"post_tag","embeddable":true,"href":"https:\/\/www.europesays.com\/cz\/wp-json\/wp\/v2\/tags?post=201204"}],"curies":[{"name":"wp","href":"https:\/\/api.w.org\/{rel}","templated":true}]}}