{"id":201206,"date":"2026-09-03T10:14:18","date_gmt":"2026-09-03T10:14:18","guid":{"rendered":"https:\/\/www.europesays.com\/cz\/201206\/"},"modified":"2026-09-03T10:14:18","modified_gmt":"2026-09-03T10:14:18","slug":"stval-me-showbyznys-a-z-toho-jsem-chtel-vypadnout-rika-papousek-ze-slapeta","status":"publish","type":"post","link":"https:\/\/www.europesays.com\/cz\/201206\/","title":{"rendered":"\u0160tval m\u011b showbyznys a\u00a0z toho jsem cht\u011bl vypadnout, \u0159\u00edk\u00e1 Papou\u0161ek ze \u0160lapeta"},"content":{"rendered":"<p class=\"e_cz\">Na ot\u00e1zku, jak jsi se dostal do \u0160lapeta, jsi u\u017e asi odpov\u00eddal mnohokr\u00e1t. M\u011b by sp\u00ed\u0161 zaj\u00edmalo, pro\u010d jsi cht\u011bl b\u00fdt zrovna \u0160lape\u0165\u00e1kem? Pro\u010d ne t\u0159eba Kab\u00e1\u0165\u00e1kem?<\/p>\n<p class=\"e_cz\">Je to asi t\u00edm, \u017ee jsem jako kluk znal prim\u00e1rn\u011b \u0160lapeto. Byli to kamar\u00e1di m\u00fdch rodi\u010d\u016f z\u00a0hostiva\u0159sk\u00e9 hospody Na Ka\u010dabce, kam na\u0161i na konci 80.\u00a0let chodili na pivo a\u00a0kde ta kapela v\u00a0kumb\u00e1lu za v\u00fd\u010depem vznikla. Na\u0161i chodili na jejich koncerty a\u00a0pou\u0161t\u011bli si doma jejich muziku. Kdy\u017e jsem byl hodn\u011b malej, p\u00e1rkr\u00e1t do roka n\u00e1m kluci hr\u00e1li na zahrad\u011b, kdy\u017e m\u011bl t\u0159eba t\u00e1ta narozeniny nebo byla n\u011bjak\u00e1 jin\u00e1 akce. Tak\u017ee jsem s\u00a0tou hudbou byl ve styku vlastn\u011b od narozen\u00ed.<\/p>\n<p class=\"e_cz\">Jak zm\u011bnilo tvoje d\u011btstv\u00ed vystupov\u00e1n\u00ed se zn\u00e1mou kapelou?<\/p>\n<p class=\"e_cz\">J\u00e1 si vlastn\u011b nic moc jin\u00fdho nepamatuju, proto\u017ee jsem poprv\u00e9 ve\u0159ejn\u011b s\u00a0touhle muzikou vystupoval ve 4\u00a0letech a\u00a0hned v\u00a0p\u011bti u\u017e s\u00a0kapelou ob\u010das hostoval na koncertech. Od m\u00fdch 6\/7\u00a0let jsem byl stal\u00fd \u010dlen a\u00a0vystupoval po\u0159\u00e1d. Znal jsem tedy koncertov\u00e1n\u00ed, showbyznys a\u00a0mnoho dal\u0161\u00edho vlastn\u011b odmali\u010dka, a\u00a0tak jsem nem\u011bl srovn\u00e1n\u00ed. Nem\u011bl jsem ale \u017e\u00e1dn\u00fd v\u00fdhody ve \u0161kole ani jinde. Jen m\u011b ob\u010das t\u00e1ta nechal hodinu dv\u011b p\u0159ispat, kdy\u017e se p\u0159ijelo z\u00a0hran\u00ed hodn\u011b pozd\u011b, jinak jsem od 5\u00a0let chodil ven s\u00a0kamar\u00e1dy, do norm\u00e1ln\u00ed \u0161koly a\u00a0d\u011blal klukoviny jako ka\u017edej jinej. Ano, lidi m\u011b pozn\u00e1vali, ob\u010das m\u011b fotili pitomci z\u00a0Blesku na cest\u011b do \u0161koly, kam jsem od prvn\u00ed t\u0159\u00eddy chodil p\u0159es les a\u00a0louku p\u011b\u0161ky a\u00a0ob\u010das jsem m\u011bl kv\u016fli tomu trochu peklo od spolu\u017e\u00e1k\u016f a\u00a0n\u011bkdy od nep\u0159ej\u00edcn\u00fdch u\u010ditelek, ale nic dramatick\u00fdho.<\/p>\n<p class=\"e_cz\">V\u011bt\u0161inou to b\u00fdv\u00e1 tak, \u017ee d\u011btsk\u00e9 hv\u011bzdy v\u00a0dosp\u011blosti d\u011blaj\u00ed \u00fapln\u011b n\u011bco jin\u00e9ho, ty jsi ale u\u00a0muziky z\u016fstal, a\u010dkoliv to nen\u00ed zdroj tv\u00e9 ob\u017eivy. Co t\u011b dneska \u017eiv\u00ed?<\/p>\n<p class=\"e_cz\">Muziku jsem cht\u011bl d\u011blat v\u017edycky, tak\u017ee tam se nic nezm\u011bnilo. \u0160tval m\u011b showbyznys a\u00a0z\u00a0toho jsem cht\u011bl vypadnout, tak\u017ee jsem se dal na punk a\u00a0na n\u011bjakou dobu omezil hran\u00ed ve \u0160lapetu jen na p\u00e1r koncert\u016f ro\u010dn\u011b a\u00a0pravideln\u00e1 divadeln\u00ed p\u0159edstaven\u00ed. Po \u00famrt\u00ed Radana Dolej\u0161e, \u0161\u00e9fa i\u00a0mana\u017eera kapely, kter\u00fd byl z\u00e1rove\u0148 kytaristou, m\u011b ale kluci oslovili, zdali bych se necht\u011bl do kapely na plnej \u00favazek zase vr\u00e1tit nejen jako zp\u011bv\u00e1k, ale i\u00a0jako kytarista. A\u00a0j\u00e1 do toho \u0161el. U\u017e to bude skoro 5\u00a0let. Ve\u0161kerou v\u00fdd\u011ble\u010dnou \u010dinnost, a\u0165 u\u017e byla jak\u00e1koliv, jsem v\u017edycky d\u011blal jenom proto, abych mohl d\u011blat muziku. V\u00a016\u00a0jsem zalo\u017eil PUM a\u00a0tahle kapela pro m\u011b byla v\u017edycky hlavn\u00ed motor. Skoro rok jsem byl za barem v\u00a0Modr\u00fd Vopici, p\u00e1r m\u011bs\u00edc\u016f jsem pracoval na Country R\u00e1diu\u2026 Dnes u\u017e m\u011b \u017eiv\u00ed prim\u00e1rn\u011b muzika, neb hraji jak s\u00a0PUM, tak se \u0160lapetem, do toho je\u0161t\u011b n\u011bjak\u00e9 dal\u0161\u00ed um\u011bleck\u00e9 \u010dinnosti, kter\u00fdmi si p\u0159ivyd\u011bl\u00e1v\u00e1m, ale po\u0159\u00e1d to nesta\u010d\u00ed na v\u0161echny m\u00e9 pot\u0159eby, tak\u017ee mus\u00edm p\u00e1r dn\u00ed v\u00a0t\u00fddnu je\u0161t\u011b jezdit tax\u00edkem, abych byl tak\u0159\u00edkaj\u00edc v\u00a0pohod\u011b.<\/p>\n<p class=\"e_cz\">Tv\u00e9 zam\u011bstn\u00e1n\u00ed jako taxik\u00e1\u0159 je jist\u011b pln\u00e9 p\u0159\u00edb\u011bh\u016f, ale vra\u0165me se k\u00a0muzice. Dodnes hraje\u0161 se \u0160lapetem, po\u0159\u00e1d t\u011b to bav\u00ed?<\/p>\n<p class=\"e_cz\">Bav\u00ed. V\u00a0kapele do\u0161lo k\u00a0r\u016fzn\u00fdm zm\u011bn\u00e1m, ale j\u00e1dro z\u016fst\u00e1v\u00e1 stejn\u00e9 a\u00a0v\u0161ichni jsou to profi muzikanti, co to d\u011blaj\u00ed des\u00edtky let. Tak\u017ee vym\u00fd\u0161l\u00edme n\u011bkolikr\u00e1t do roka sc\u00e9n\u00e1\u0159e na divadeln\u00ed p\u0159edstaven\u00ed, hodn\u011b \u010dasto koncertujeme, do toho m\u00e1me na Country r\u00e1diu u\u017e deset let vlastn\u00ed po\u0159ad, kde se ob\u010das objev\u00edm a\u00a0je to cel\u00fd takovej kabaret, kterej n\u00e1s bav\u00ed v\u0161echny.<\/p>\n<p class=\"e_cz\">Tv\u016fj hlavn\u00ed hudebn\u00ed sm\u011br je \u00fapln\u011b n\u011bkde jinde. Jak jsi se dostal od \u0160lapeta k\u00a0punku?<\/p>\n<p class=\"e_cz\">K\u00a0punku nebo tvrd\u0161\u00ed hudb\u011b jsem se dostal vlastn\u011b velmi brzy. Mnohokr\u00e1t s\u00a0n\u00e1mi na CD i\u00a0na koncertech hostoval Fan\u00e1nek ze T\u0159\u00ed sester, j\u00e1 zase se \u0160lapetem zp\u00edval songy od n\u011bj nebo od Franty Sahuly, se kter\u00fdm jsem se jako kluk potkal, d\u00edky T\u0159em Sestr\u00e1m jsem poznal u\u017e t\u0159eba v\u00a09\u00a0letech E!E a\u00a0dal\u0161\u00ed kapely. T\u00e1ta hodn\u011b poslouchal Landu a\u00a0Orl\u00edky, to n\u00e1m hr\u00e1lo v\u00a0aut\u011b cestou na koncerty, tak\u017ee i\u00a0Landu jsem znal a\u00a0n\u011bkter\u00e9 jeho songy jsem hr\u00e1l taky se \u0160lapetem. Ale k \u201epunku\u201c jako takov\u00fdmu jsem se dostal ve 12\/13, tehdy m\u016fj br\u00e1cha za\u010dal studovat vysokou \u0161kolu v\u00a0\u00dast\u00ed nad Labem a\u00a0dot\u00e1hnul od sv\u00fdch kamar\u00e1d\u016f dom\u016f kazetu Konflikt\u016f a\u00a0n\u011bjak\u00fd NV\u00da, a\u00a0u\u017e to jelo. To je p\u0159ed n\u011bjak\u00fdmi 20\u00a0lety, a\u00a0je\u0161t\u011b m\u011b to nepustilo.<\/p>\n<p class=\"e_cz\">M\u00e1\u0161 pocit, \u017ee v\u00a0dne\u0161n\u00ed dob\u011b maj\u00ed je\u0161t\u011b punk\u00e1\u010di co \u0159\u00edct? Je proti \u010demu se stav\u011bt?<\/p>\n<p class=\"e_cz\">J\u00e1 to samoz\u0159ejm\u011b dnes beru \u00fapln\u011b jinak ne\u017e t\u0159eba v\u00a017, kdy jsem koketoval s\u00a0anarchismem, po\u0159\u00e1dal v\u00a0Praze antifa\u0161istick\u00fd pochody a\u00a0byl \u201eaktivn\u00ed\u201c. Dneska m\u011b bav\u00ed hlavn\u011b ta hudba a\u00a0koncerty, kde je drtiv\u00e1 v\u011bt\u0161ina super lid\u00ed, kte\u0159\u00ed se bav\u00ed, v\u0161ichni jsme k\u00e1mo\u0161i, a\u00a0tak to m\u00e1 bejt. Ale jinak jist\u011b, je plno t\u00e9mat, kde nejen pank\u00e1\u010di maj\u00ed co \u0159\u00edct. A\u00a0na na\u0161ich textech je to asi hodn\u011b zn\u00e1t.<\/p>\n<p class=\"e_cz\">O \u010dem jsou texty P.U.M a\u00a0kdo za nimi stoj\u00ed?<\/p>\n<p class=\"e_cz\">Na tuhle ot\u00e1zku se ned\u00e1 jednozna\u010dn\u011b odpov\u011bd\u011bt, proto\u017ee jsme kapela, kter\u00e1 vznikla v\u00a0na\u0161ich 16\u00a0letech v\u00a0prv\u00e1ku na gymplu a\u00a0na ka\u017ed\u00e9 desce je zn\u00e1t ur\u010ditej v\u00fdvoj. M\u011bli jsme hodn\u011b politick\u00fd texty, ze za\u010d\u00e1tku i\u00a0anarchistick\u00fd, hodn\u011b se pou\u0161t\u00edme do lid\u00ed, politik\u016f, stran nebo t\u00e9mat, co n\u00e1s \u0161tve, co v\u00a0n\u00e1s rezonuj\u00ed. Pochopiteln\u011b bych se dneska pod \u0159adu m\u00fdch text\u016f, kter\u00e9 jsem psal v\u00a018, nepodepsal, ale nestyd\u00edm se za n\u011b, prost\u011b jsem to tak tehdy cejtil a\u00a0je to tak docela p\u011bknej \u010dasosb\u011brnej dokument o\u00a0tom, jak se \u010dlov\u011bk vyv\u00edj\u00ed. Postupn\u011b se sna\u017e\u00edm od politick\u00fdch t\u00e9mat sp\u00ed\u0161 vzdalovat a\u00a0d\u00e1t prostor trochu jin\u00fdm my\u0161lenk\u00e1m, ale v\u017edycky budeme prost\u011b kapela, co bude \u010d\u00e1st lid\u00ed \u0161tv\u00e1t, proto\u017ee m\u00e1me pot\u0159ebu se v\u00a0p\u00edsn\u00edch vyj\u00e1d\u0159it k\u00a0n\u011bjak\u00fdm aktu\u00e1ln\u00edm t\u00e9mat\u016fm, ud\u00e1lostem \u010di probl\u00e9m\u016fm. Texty p\u00ed\u0161u j\u00e1, ale mus\u00ed mi to zbytek kapely jednohlasn\u011b odsouhlasit. Mnoho text\u016f u\u017e takhle skon\u010dilo v\u00a0\u0161upl\u00edku nebo rovnou v\u00a0ko\u0161i, proto\u017ee jsme se t\u0159eba neshodli nebo n\u011bkomu nep\u0159i\u0161ly dobr\u00fd, a\u00a0to je u\u00a0n\u00e1s hlavn\u00ed. Chci, abychom se na tom shodli v\u0161ichni, jinak to prost\u011b nechci hr\u00e1t.<\/p>\n<p class=\"e_cz\">Krom\u011b zp\u011bv\u00e1ka punkov\u00e9 kapely, jsi tak\u00e9 t\u00e1ta. Jdou tyto dva sv\u011bty spojit?<\/p>\n<p class=\"e_cz\">V\u016fbec. Je to o\u00a0priorit\u00e1ch a\u00a0prioritou pro m\u011b fakt nen\u00ed 5\u00a0dn\u00ed v\u00a0t\u00fddnu tr\u00e1vit \u010das v\u00a0n\u011bjak\u00fd pr\u00e1ci, abych m\u011bl volnej v\u00edkend a\u00a0byl s\u00a0rodinou. Rock and roll je z\u00e1klad a\u00a0od toho se odv\u00edj\u00ed zbytek. O\u00a0v\u00edkendech hraju, mnohokr\u00e1t hraju i\u00a0v\u00a0t\u00fddnu a\u00a0sem tam je\u0161t\u011b taxika\u0159\u00edm. Vzhledem k\u00a0tomu, \u017ee jsem OSV\u010c, mohu si \u010das organizovat po sv\u00fdm a\u00a0t\u00edm p\u00e1dem si \u010das ud\u011blat i\u00a0na na\u0161e dva kluky. Moje Ver\u010da je st\u00e1l\u00fdm zam\u011bstnancem, a\u00a0tak je pro ni lep\u0161\u00ed, kdy\u017e j\u00e1 vedu d\u011bti do \u0161koly a\u00a0v\u011bt\u0161inou je i\u00a0vyzved\u00e1v\u00e1m. Jsem s\u00a0nimi \u010dasto. Kdykoliv je mo\u017enost, jezd\u00edme po v\u00fdletech, jsme venku nebo n\u011bco hrajem. Tak\u017ee v\u00a0tomhle probl\u00e9m absolutn\u011b nen\u00ed. <\/p>\n<p class=\"e_cz\">Pat\u0159\u00ed podle tebe d\u011bti na festivaly nebo je to no go?<\/p>\n<p class=\"e_cz\">Ur\u010dit\u011b ano. Na\u0161i kluci s\u00a0n\u00e1mi ob\u010das na fes\u0165\u00e1k jedou, i\u00a0kdy\u017e jen na p\u00e1r hodin a\u00a0budu hrozn\u011b r\u00e1d, kdy\u017e budou v\u00a0budoucnu jezdit i\u00a0na n\u011bkolik dn\u00ed. Asi bych je v\u00a0tomhle v\u011bku nevzal na fes\u0165\u00e1k, kde hraje samej horrorcore, by\u0165 ten \u017e\u00e1nr miluju, ale jinak v\u00a0tom nevid\u00edm v\u016fbec \u017e\u00e1dnej probl\u00e9m. A\u00a0na\u0161i kluci si to vylo\u017een\u011b u\u017e\u00edvaj.<\/p>\n<p class=\"e_cz\">Kter\u00e1 hudba se l\u00edb\u00ed tv\u00fdm syn\u016fm, p\u016fjdou ve \u0161l\u00e9p\u011bj\u00edch t\u00e1ty?<\/p>\n<p class=\"e_cz\">Ob\u010das si poslechnou i\u00a0PUM nebo jinej punk. Bav\u00ed je p\u00e1r v\u011bc\u00ed od Rozpor\u016f, to cht\u011bj, abych pou\u0161t\u011bl v\u00a0aut\u011b, ob\u010das si dokonce poslechnou i\u00a0\u0160lapeto a\u00a0pak samoz\u0159ejm\u011b poslouchaj\u00ed takov\u00fd ty r\u016fzn\u00fd d\u011btsk\u00fd p\u00edsni\u010dky, co jim pou\u0161t\u011bli ve \u0161kolce a\u00a0te\u010f ve \u0161kole. Mlad\u0161\u00edho Berta vylo\u017een\u011b bav\u00ed koncerty. U\u017e mnohokr\u00e1t byl na akci a\u00a0blbnul s\u00a0n\u00e1mi na p\u00f3diu a\u00a0tot\u00e1ln\u011b pa\u0159il. <\/p>\n<p><img fetchpriority=\"high\" height=\"1080\"   width=\"1080\" src=\"https:\/\/www.europesays.com\/cz\/wp-content\/uploads\/2026\/09\/punkcast.jpeg\" loading=\"eager\" decoding=\"sync\" class=\"e_ah e_af\"\/>Foto: archiv Roberta Papou\u0161ka<\/p>\n<p class=\"e_cz\">Se svolen\u00edm Roberta Papou\u0161ka<\/p>\n<p class=\"e_cz\">V ned\u00e1vn\u00e9 dob\u011b jsi s\u00a0kolegou zp\u011bv\u00e1kem \u0160t\u011bp\u00e1nem M\u00e1lkem za\u010dal tvo\u0159it tak\u00e9 podcast, respektive Punkcast. A\u00a0va\u0161i host\u00e9 mnohdy bud\u00ed kontroverzi. Byl to c\u00edl?<\/p>\n<p class=\"e_cz\">My\u0161lenka, za\u010d\u00edt d\u011blat trochu alternativn\u00ed diskusn\u00ed po\u0159ad, kde je pohoda, \u017e\u00e1dn\u00e1 na\u0161krobenost a\u00a0kde se pt\u00e1me i\u00a0na v\u011bci, kter\u00e9 jinde p\u0159\u00edli\u0161 nezazn\u00ed, vznikla u\u017e p\u0159ed dv\u011bma lety. Moje \u017eena do m\u011b po\u0159\u00e1d \u0161ila, pro\u010d ned\u011bl\u00e1m n\u011bco takov\u00fdho, kdy\u017e se po\u0159\u00e1d n\u011bkde vyjad\u0159uju na s\u00edt\u00edch a\u00a0\u0161tvu spoustu lid\u00ed. Ostatn\u011b i\u00a0\u0160t\u011bp\u00e1n u\u017e to m\u011bl n\u011bjak\u00fdch p\u00e1r let podobn\u011b. Se \u0160t\u011bp\u00e1nem se zn\u00e1me v\u00edc ne\u017e 15\u00a0let, a\u00a0tak jsme se o\u00a0tom za\u010dali bavit. P\u00e1rkr\u00e1t jsme se kv\u016fli tomu se\u0161li a\u00a0vloni na podzim se rozhodli, \u017ee do toho p\u016fjdeme na plno. Hned zkraje jsme si jasn\u011b vyty\u010dili, kam to chceme sm\u011b\u0159ovat. Bavit se se zaj\u00edmav\u00fdmi lidmi r\u016fzn\u00fdch sm\u011br\u016f a\u00a0obor\u016f, ale aby to v\u017edycky vzbudilo n\u011bjak\u00e9 reakce a\u00a0ano, aby se to po\u0159\u00e1d aspo\u0148 trochu to\u010dilo kolem punku nebo muziky. Ano, i\u00a0kontroverzn\u00ed osobnosti, se kter\u00fdmi ale prim\u00e1rn\u011b my nem\u00e1me probl\u00e9m, jsme prost\u011b cht\u011bli v\u00a0po\u0159adu m\u00edt. V\u011bd\u011bli jsme, \u017ee to m\u00e1 smysl a\u00a0\u017ee to m\u016f\u017ee zaujmout. Taky jsme v\u011bd\u011bli, \u017ee n\u00e1s lidi znaj\u00ed a\u00a0rozjet takov\u00fd po\u0159ad pro n\u00e1s bude mo\u017en\u00e1 o\u00a0trochu snaz\u0161\u00ed ne\u017e pro n\u011bkoho zcela nov\u00e9ho. S\u00a0drtivou v\u011bt\u0161inou na\u0161ich dosavadn\u00edch host\u016f se nav\u00edc osobn\u011b zn\u00e1me, a\u00a0tak nebyl probl\u00e9m, kdy\u017e jsme je oslovili. Jsou tam ale i\u00a0tac\u00ed, se kter\u00fdmi jsme se neznali a\u00a0prost\u011b je zkusili oslovit, v\u0161ichni bez v\u00e1h\u00e1n\u00ed potvrdili \u00fa\u010dast.<\/p>\n<p class=\"e_cz\">Jak v\u016fbec hosty vyb\u00edr\u00e1te?<\/p>\n<p class=\"e_cz\">Chceme, aby to bylo vyv\u00e1\u017een\u00fd, ale hlavn\u011b pestr\u00fd a\u00a0hlavn\u011b, abychom prob\u00edrali t\u00e9mata, kter\u00e1 zaj\u00edmaj\u00ed prim\u00e1rn\u011b n\u00e1s dva. Moc bych se s\u00a0nik\u00fdm necht\u011bl bavit o\u00a0v\u011bcech, co m\u011b nezaj\u00edmaj. Tak\u017ee jsme u\u00a0n\u00e1s m\u011bli samoz\u0159ejm\u011b \u0159adu muzikant\u016f, ale i\u00a0lidi z\u00a0bezpe\u010dnostn\u00edch slo\u017eek anebo t\u0159eba historiky.<\/p>\n<p class=\"e_cz\">Odm\u00edtl n\u011bkdo va\u0161i nab\u00eddku?<\/p>\n<p class=\"e_cz\">Zat\u00edm n\u00e1m to odm\u00edtli pouze dva lidi. Absolutn\u011b to nebylo kv\u016fli osobn\u00edm antipati\u00edm. S\u00a0ob\u011bma jsme kamar\u00e1di a\u00a0zn\u00e1me se ze sc\u00e9ny. V\u00a0jednom p\u0159\u00edpad\u011b jde o\u00a0zn\u00e1m\u00fdho frontmana jedn\u00fd punkov\u00fd kapely, kterej to zva\u017eoval, ale pak \u0159ekl, \u017ee u\u017e je starej na n\u011bjak\u00fd podcasty a\u00a0\u017ee prost\u011b ze z\u00e1sady do po\u0159ad\u016f u\u017e nechod\u00ed. To prost\u011b ch\u00e1peme a\u00a0respektujeme. Ten druhej je naopak velmi mladej a\u00a0supr kluk, ale m\u011bl probl\u00e9m s\u00a0t\u00edm, \u017ee je v\u017edy druh\u00e1 \u010d\u00e1st rozhovoru za paywallem na HeroHero. Vysv\u011btlili jsme si to, ale on prost\u011b nechce. Ok, respektujeme. Jinak n\u00e1m to v\u0161ichni bez debat potvrdili a\u00a0v\u017edycky to bylo supr pov\u00edd\u00e1n\u00ed, a\u010dkoliv ani \u0160t\u011bp\u00e1n, a\u00a0hlavn\u011b ani j\u00e1 nejsme \u017e\u00e1dn\u00ed moder\u00e1to\u0159i. Jsme prost\u011b jen dva kamar\u00e1di ze sc\u00e9ny, co se cht\u011bj\u00ed bavit a\u00a0st\u00fdkat se zaj\u00edmav\u00fdmi lidmi. Naopak n\u00e1m chod\u00ed opravdu hodn\u011b nab\u00eddek od lid\u00ed, kte\u0159\u00ed by u\u00a0n\u00e1s cht\u011bli b\u00fdt, a\u0165 u\u017e jsou to lidi z\u00a0kapel nebo z\u00a0um\u011bleck\u00e9ho sv\u011bta nebo dokonce z\u00a0vy\u0161\u0161\u00edch politick\u00fdch pater. Tam se ale trochu zdr\u00e1h\u00e1me. Politiky moc zv\u00e1t nechceme, a\u00a0to z\u00a0\u017e\u00e1dn\u00fdch stran, tak\u017ee pokud se u\u00a0n\u00e1s n\u011bjakej n\u011bkdy objev\u00ed, mus\u00ed to m\u00edt pro n\u00e1s fakt smysl, ale hlavn\u011b to nebude znamenat, \u017ee ho snad podporujeme v\u00a0jeho politick\u00e9 \u010dinnosti.<\/p>\n<p class=\"e_cz\">M\u00e1\u0161 n\u011bjak\u00fd sen, co se t\u00fdk\u00e1 hosta?<\/p>\n<p class=\"e_cz\">Ano. Od za\u010d\u00e1tku po\u0159adu m\u00e1me se \u0160t\u011bp\u00e1nem sny nebo my\u0161lenky, koho bychom moc cht\u011bli oslovit. A\u00a0u\u017e se n\u00e1m to vlastn\u011b splnilo. V\u017edycky \u0161lo o\u00a0lidi, se kter\u00fdmi jsem se do t\u00e9 doby osobn\u011b neznal, proto\u017ee z\u00a0hudebn\u00ed sc\u00e9ny je to v\u011bt\u0161inou na pohodu. Byl to kup\u0159\u00edkladu historik Ji\u0159\u00ed Padev\u011bt a\u00a0ukrajinista David Svoboda. Oba sleduju u\u017e dlouho a\u00a0\u0159\u00edkal jsem si, \u017ee by to bylo super. Zkusil jsem je oslovit a\u00a0oni k\u00fdvli. Pecka, byl jsem nad\u0161en. To byl p\u0159\u00edpad i\u00a0plukovn\u00edka Otakara Folt\u00fdna, to je zase bezpe\u010dnostn\u00ed expert. Z\u00a0hudby a\u00a0um\u011bleck\u00fdho sv\u011bta jsem m\u011bl tak\u00e9 ur\u010dit\u00e9 sny, ale vzhledem k\u00a0tomu, \u017ee u\u017e se povedlo to s\u00a0nimi na podzim domluvit, tak se to spln\u00ed, ale nebudu prozrazovat, lidi se maj\u00ed na co t\u011b\u0161it. Nechci ale nikoho povy\u0161ovat nad ostatn\u00ed. Ka\u017edej host je jedine\u010dnej a\u00a0ka\u017edej host je zaj\u00edmavej, v\u00a0tom je ta pestrost, stra\u0161n\u011b n\u00e1s to bav\u00ed. Jestli bych ale m\u011bl \u0159\u00edct t\u0159i aktu\u00e1ln\u00ed jm\u00e9na, se kter\u00fdmi bych moc r\u00e1d v\u00a0na\u0161em po\u0159adu u\u00a0piva pokecal, byl by to z\u00a0hereck\u00fdho sv\u011bta Ivan Trojan, z\u00a0hudebn\u00edho sv\u011bta bych stra\u0161n\u011b cht\u011bl probrat mnoho v\u011bc\u00ed s\u00a0Michalem Koc\u00e1bem, a\u00a0a\u010dkoliv jsem v\u00fd\u0161e psal, \u017ee politiky do na\u0161eho po\u0159adu moc nechci, v\u00a0jednom p\u0159\u00edpad\u011b bych v\u00fdjimku fakt ud\u011blal, byl by to prezident Petr Pavel. Jasn\u011b, ur\u010dit\u011b za tohle zase dostanu hejt, ale m\u011bl bych spoustu ot\u00e1zek, na kter\u00e9 bych moc r\u00e1d sly\u0161el odpov\u011b\u010f. A\u00a0a\u0165 si ka\u017edej \u0159\u00edk\u00e1 co chce, j\u00e1 toho chlapa m\u00e1m prost\u011b r\u00e1d. T\u0159eba k\u00a0tomu n\u011bkdy dojde, kdo v\u00ed.<\/p>\n<p class=\"e_cz\">A n\u011bjak\u00fd \u017eivotn\u00ed sen, kter\u00fd se ti zat\u00edm nesplnil?<\/p>\n<p class=\"e_cz\">J\u00e1 jich m\u00e1m. Chci hodn\u011b cestovat, nav\u0161t\u00edvit mraky zem\u00ed, ale posledn\u00ed dobou koketuju s\u00a0my\u0161lenkou ud\u011blat si v\u00a0p\u0159\u00ed\u0161t\u00edch letech pilotn\u00ed pr\u016fkaz. Moc bych cht\u011bl l\u00e9tat, tohle m\u011b p\u0159itahovalo v\u017edycky, tak t\u0159eba se po\u0161t\u011bst\u00ed.<\/p>\n<p class=\"e_cz\">J\u00e1 moc d\u011bkuju za pozv\u00e1n\u00ed. <\/p>\n<p class=\"e_cz\">Zdroj: autorsk\u00fd rozhovor s\u00a0Robertem Papou\u0161kem<\/p>\n","protected":false},"excerpt":{"rendered":"Na ot\u00e1zku, jak jsi se dostal do \u0160lapeta, jsi u\u017e asi odpov\u00eddal mnohokr\u00e1t. M\u011b by sp\u00ed\u0161 zaj\u00edmalo, pro\u010d&hellip;\n","protected":false},"author":2,"featured_media":201207,"comment_status":"","ping_status":"","sticky":false,"template":"","format":"standard","meta":{"footnotes":"","_share_on_mastodon":"0"},"categories":[14],"tags":[1076,15027,79,84,789,1718,11540,4343,1819,24796,80],"class_list":["post-201206","post","type-post","status-publish","format-standard","has-post-thumbnail","category-zabava","tag-country","tag-detstvi","tag-entertainment","tag-hudba","tag-podcast","tag-pribehy-ze-zivota","tag-punk","tag-rock","tag-rozhovory","tag-slavni","tag-zabava"],"share_on_mastodon":{"url":"https:\/\/pubeurope.com\/@cz\/117206585531577169","error":""},"_links":{"self":[{"href":"https:\/\/www.europesays.com\/cz\/wp-json\/wp\/v2\/posts\/201206","targetHints":{"allow":["GET"]}}],"collection":[{"href":"https:\/\/www.europesays.com\/cz\/wp-json\/wp\/v2\/posts"}],"about":[{"href":"https:\/\/www.europesays.com\/cz\/wp-json\/wp\/v2\/types\/post"}],"author":[{"embeddable":true,"href":"https:\/\/www.europesays.com\/cz\/wp-json\/wp\/v2\/users\/2"}],"replies":[{"embeddable":true,"href":"https:\/\/www.europesays.com\/cz\/wp-json\/wp\/v2\/comments?post=201206"}],"version-history":[{"count":0,"href":"https:\/\/www.europesays.com\/cz\/wp-json\/wp\/v2\/posts\/201206\/revisions"}],"wp:featuredmedia":[{"embeddable":true,"href":"https:\/\/www.europesays.com\/cz\/wp-json\/wp\/v2\/media\/201207"}],"wp:attachment":[{"href":"https:\/\/www.europesays.com\/cz\/wp-json\/wp\/v2\/media?parent=201206"}],"wp:term":[{"taxonomy":"category","embeddable":true,"href":"https:\/\/www.europesays.com\/cz\/wp-json\/wp\/v2\/categories?post=201206"},{"taxonomy":"post_tag","embeddable":true,"href":"https:\/\/www.europesays.com\/cz\/wp-json\/wp\/v2\/tags?post=201206"}],"curies":[{"name":"wp","href":"https:\/\/api.w.org\/{rel}","templated":true}]}}