{"id":201210,"date":"2026-09-03T10:17:20","date_gmt":"2026-09-03T10:17:20","guid":{"rendered":"https:\/\/www.europesays.com\/cz\/201210\/"},"modified":"2026-09-03T10:17:20","modified_gmt":"2026-09-03T10:17:20","slug":"evropa-by-se-mela-vzchopit-rusove-uz-s-nami-valku-vedou-a-budou-ji-jen-stupnovat-tak-proc-si-brat-servitky-hospodarske-noviny","status":"publish","type":"post","link":"https:\/\/www.europesays.com\/cz\/201210\/","title":{"rendered":"Evropa by se m\u011bla vzchopit. Rusov\u00e9 u\u017e s n\u00e1mi v\u00e1lku vedou a budou ji jen stup\u0148ovat, tak pro\u010d si br\u00e1t serv\u00edtky &#8211; Hospod\u00e1\u0159sk\u00e9 noviny"},"content":{"rendered":"<p><a href=\"https:\/\/news.google.com\/rss\/articles\/CBMi1gFBVV95cUxPMXVpTTFfS0ZsQUNITWRaTm5vSDE3OElsVWNyRkFpOWI0YXRqek9hQnBqalJuclRoT09GN0J5NS1MNzQwLVhSZnFubHk1QjVBSFhBTUJ5WHB2bzN2RnN0RjVPdGI4Q2xnZ2V5YmVaUV8tRVNaSHFSeXVqMjVSYnlyeW4zUWlWbEpVSmVnbFdNTFU0clVzM0hVajhYUkxLdDJ3RGlYNDlIdXNDTFNKczMydEE0cUMyUFlFNW1VMGs5SzZQZU00cEVfWHVvbjlydzRSMlNhMVNn?oc=5\" target=\"_blank\" rel=\"nofollow noopener\">Evropa by se m\u011bla vzchopit. Rusov\u00e9 u\u017e s n\u00e1mi v\u00e1lku vedou a budou ji jen stup\u0148ovat, tak pro\u010d si br\u00e1t serv\u00edtky<\/a>&nbsp;&nbsp;Hospod\u00e1\u0159sk\u00e9 noviny<a href=\"https:\/\/news.google.com\/rss\/articles\/CBMivAFBVV95cUxNMVZvb3R6Qk0wM2xzVFdnekE3Y214bG9vT3pkejdzMmpYSWJuTXpBV1phR01lbmJ3TXhBU1VJdWhXWGdDQ2ExV1NqUGR1VHp4dWR5QzVjSkpvb2JCa2hIdnhXdlRpQ3llWjJJTHlWSlNMS1FZS3dmTVVRYlR6YnU1N01uQnlXaXV5YWxlLUJSRGxoaXV0bzBPSXcybUkyTzk2N1VVQklJQmhvRXZxU0JidWdBNjFnSXVVbzZRYw?oc=5\" target=\"_blank\" rel=\"nofollow noopener\">Moskva Evropu testuje. Pro \u00fatoky m\u00e1 pl\u00e1n schv\u00e1len\u00fd svou bezpe\u010dnostn\u00ed radou, \u0159\u00edk\u00e1 zpravodajec<\/a>&nbsp;&nbsp;denikn.cz<a href=\"https:\/\/news.google.com\/rss\/articles\/CBMitgFBVV95cUxNUmFHX2Nhc0NnRjJxQk1lYWU2SHNoMDExdFkzUUxXaWpoNy1jbGh6amo0SlBjajA2RmZEUV9YQ0dXWmc2REZOS0dhdDd5X3NXUW9aRmlLcUp0SjR2S2I5RVFhckgtLTYxWjdfbjIzV2ZPV3Y5LXJLLXp3TXdYbzd5TktkRWtickR2YVZTMUdfR2REOUdRTVV0aHFvNkMyRWt1RTNSWDh0UXUzTHYwYVVBc1FFaW56QQ?oc=5\" target=\"_blank\" rel=\"nofollow noopener\">Smr\u0161\u0165 sabot\u00e1\u017en\u00edch \u00fatok\u016f zas\u00e1hla zem\u011b b\u00fdval\u00e9ho v\u00fdch&#8230;<\/a>&nbsp;&nbsp;forum 24<a href=\"https:\/\/news.google.com\/rss\/articles\/CBMi3gFBVV95cUxOaEZMRy13VmZKTVBlSGhRa08wWmxlRWpQLWxVRnBxdUtuOHlac194RS1FazJnZE1GLVpiSXNjRHBMWVpodGtuLWhySmJsck0yYXREWHVIUi1XS3lsUVJNV0luT0xoTjdjR3FSOHpILXpFZDFic2Fob1o2SE1fTGVzY2NPaGduYzg0N3docV9vQjFNZThMQjRMMUZPRFMwd2xILXhydlExTFlKRDNzbktBOVhUSDR4NWN1enQ1aXFXTzFsUU85UFhBX1Q0ejdMMk9hZ2wyR0JkU254UklKdUE?oc=5\" target=\"_blank\" rel=\"nofollow noopener\">Kdy u\u017e to bude opravdov\u00e1 v\u00e1lka. Experti vysv\u011btluj\u00ed podivn\u00e9 \u00fatoky v Evrop\u011b<\/a>&nbsp;&nbsp;Aktu\u00e1ln\u011b.cz<a href=\"https:\/\/news.google.com\/rss\/articles\/CBMifEFVX3lxTE00Z3pVV1VOekUtLVJpSkxRakY4VlBHVmJnY2FiNVNkZFg2QTBHUE9fQmFQbGQyY1RHSThhdXdsVEppLWFxVm1fcXp6OGRMSm1GNE5fSlhNcnpDd2lyTXFjQXlZOVBYTENoOExtTnJJaHZHOWVCOFREdUxWbHg?oc=5\" target=\"_blank\" rel=\"nofollow noopener\">Rusko chce v Evrop\u011b vytvo\u0159it novou bezpe\u010dnostn\u00ed strukturu.<\/a>&nbsp;&nbsp;Vietnam.vn<\/p>\n","protected":false},"excerpt":{"rendered":"Evropa by se m\u011bla vzchopit. Rusov\u00e9 u\u017e s n\u00e1mi v\u00e1lku vedou a budou ji jen stup\u0148ovat, tak pro\u010d&hellip;\n","protected":false},"author":2,"featured_media":201211,"comment_status":"","ping_status":"","sticky":false,"template":"","format":"standard","meta":{"footnotes":"","_share_on_mastodon":"0"},"categories":[11],"tags":[106,895,1537,117,61,54,53,52],"class_list":["post-201210","post","type-post","status-publish","format-standard","has-post-thumbnail","category-svet","tag-evropa","tag-nato","tag-obrana","tag-polsko","tag-rusko","tag-svet","tag-world","tag-world-news"],"share_on_mastodon":{"url":"https:\/\/pubeurope.com\/@cz\/117206597372117182","error":""},"_links":{"self":[{"href":"https:\/\/www.europesays.com\/cz\/wp-json\/wp\/v2\/posts\/201210","targetHints":{"allow":["GET"]}}],"collection":[{"href":"https:\/\/www.europesays.com\/cz\/wp-json\/wp\/v2\/posts"}],"about":[{"href":"https:\/\/www.europesays.com\/cz\/wp-json\/wp\/v2\/types\/post"}],"author":[{"embeddable":true,"href":"https:\/\/www.europesays.com\/cz\/wp-json\/wp\/v2\/users\/2"}],"replies":[{"embeddable":true,"href":"https:\/\/www.europesays.com\/cz\/wp-json\/wp\/v2\/comments?post=201210"}],"version-history":[{"count":0,"href":"https:\/\/www.europesays.com\/cz\/wp-json\/wp\/v2\/posts\/201210\/revisions"}],"wp:featuredmedia":[{"embeddable":true,"href":"https:\/\/www.europesays.com\/cz\/wp-json\/wp\/v2\/media\/201211"}],"wp:attachment":[{"href":"https:\/\/www.europesays.com\/cz\/wp-json\/wp\/v2\/media?parent=201210"}],"wp:term":[{"taxonomy":"category","embeddable":true,"href":"https:\/\/www.europesays.com\/cz\/wp-json\/wp\/v2\/categories?post=201210"},{"taxonomy":"post_tag","embeddable":true,"href":"https:\/\/www.europesays.com\/cz\/wp-json\/wp\/v2\/tags?post=201210"}],"curies":[{"name":"wp","href":"https:\/\/api.w.org\/{rel}","templated":true}]}}