{"id":201212,"date":"2026-09-03T10:18:09","date_gmt":"2026-09-03T10:18:09","guid":{"rendered":"https:\/\/www.europesays.com\/cz\/201212\/"},"modified":"2026-09-03T10:18:09","modified_gmt":"2026-09-03T10:18:09","slug":"chodov-po-dvaceti-letech-soudu-definitivne-vyhral-spor-o-teplovody","status":"publish","type":"post","link":"https:\/\/www.europesays.com\/cz\/201212\/","title":{"rendered":"Chodov po dvaceti letech soud\u016f definitivn\u011b vyhr\u00e1l spor o\u00a0teplovody"},"content":{"rendered":"<p class=\"c_bB\">\u00dastavn\u00ed soud se u\u017e v\u00a0minulosti kauzou zab\u00fdval, v\u011bc tehdy vr\u00e1til zp\u011bt k\u00a0ni\u017e\u0161\u00edm soud\u016fm. \u017de je st\u00ed\u017enost spole\u010dnosti Marservis zjevn\u011b neopodstatn\u011bn\u00e1, nov\u011b rozhodl 26.\u00a0srpna. Proti jeho rozhodnut\u00ed u\u017e nen\u00ed p\u0159\u00edpustn\u00fd \u017e\u00e1dn\u00fd opravn\u00fd prost\u0159edek.<\/p>\n<p class=\"c_bB\">\u201eSpravedlnosti bylo u\u010din\u011bno zadost. Jen je smutn\u00e9, \u017ee v\u00a0pr\u00e1vn\u00edm st\u00e1t\u011b muselo m\u011bsto bojovat v\u00edc ne\u017e dvacet let o\u00a0vlastn\u00ed majetek,\u201c okomentoval v\u00fdsledek sporu starosta Chodova Patrik Pizinger (M\u00edstn\u00ed).<\/p>\n<p class=\"c_bB\">Ko\u0159eny cel\u00e9 kauzy toti\u017e sahaj\u00ed a\u017e do roku 1993.\u00a0Tehdy m\u011bsto pronajalo tepeln\u00e9 hospod\u00e1\u0159stv\u00ed spole\u010dnosti Marservis. Smlouva byla pozd\u011bji soudy ozna\u010dena za neplatnou. N\u00e1sledovaly roky spor\u016f o\u00a0to, komu za\u0159\u00edzen\u00ed pat\u0159\u00ed a\u00a0kdo m\u00e1 pr\u00e1vo v\u00a0Chodov\u011b teplo dod\u00e1vat.<\/p>\n<p><a data-dot=\"atm-link\" target=\"_self\" href=\"https:\/\/www.novinky.cz\/clanek\/domaci-zpravy-karlovarsky-kraj-spor-o-teplo-na-sokolovsku-chce-vildumetzova-resit-i-s-havlickem-40565744\" class=\"c_I\" rel=\"nofollow noopener\"><img fetchpriority=\"high\" height=\"2250\" width=\"4000\" src=\"https:\/\/www.europesays.com\/cz\/wp-content\/uploads\/2026\/09\/sokolovska-uhelna-tezba-ztraty-propousteni.jpeg\" loading=\"eager\" decoding=\"sync\" class=\"c_t c_r\"\/><\/a><\/p>\n<p class=\"c_bB\">V\u0161echny soudy nakonec opakovan\u011b potvrdily, \u017ee vlastn\u00edkem teplofika\u010dn\u00ed soustavy je m\u011bsto a\u00a0\u017ee ji nelze d\u011blit na jednotliv\u00e9 \u010d\u00e1sti, k\u00a0nim\u017e by si Marservis mohl n\u00e1rokovat vlastnick\u00e1 pr\u00e1va.<\/p>\n<p>Do sporu se zapojil i\u00a0Babi\u0161<\/p>\n<p class=\"c_bB\">Kauza postupn\u011b p\u0159erostla r\u00e1mec b\u011b\u017en\u00e9ho komun\u00e1ln\u00edho sporu. Zab\u00fdvaly se j\u00ed nejvy\u0161\u0161\u00ed soudn\u00ed instance, Energetick\u00fd regula\u010dn\u00ed \u00fa\u0159ad i\u00a0ministerstvo pr\u016fmyslu a\u00a0obchodu.<\/p>\n<p class=\"c_bB\">Chodovsk\u00fd starosta se letos dokonce obr\u00e1til s\u00a0\u017e\u00e1dost\u00ed o\u00a0pomoc p\u0159\u00edmo na premi\u00e9ra Andreje Babi\u0161e. V\u00a0b\u0159eznu cht\u011bla p\u0159\u00edpad \u0159e\u0161it se \u0161\u00e9fem resortu pr\u016fmyslu a\u00a0obchodu Karlem Havl\u00ed\u010dkem tak\u00e9 n\u011bkdej\u0161\u00ed hejtmanka a\u00a0v sou\u010dasn\u00e9 dob\u011b sen\u00e1torka Jana Mra\u010dkov\u00e1 Vildumetzov\u00e1 (ANO).<\/p>\n<p><a data-dot=\"atm-link\" target=\"_self\" href=\"https:\/\/www.novinky.cz\/clanek\/domaci-zpravy-karlovarsky-kraj-soudy-dluhy-a-ted-i-vysoke-doplatky-za-teplo-prutahy-kontroly-v-chodove-vysvetluje-energeticky-regulacni-urad-40577982\" class=\"c_I\" rel=\"nofollow noopener\"><img height=\"2250\" width=\"4000\" src=\"https:\/\/www.europesays.com\/cz\/wp-content\/uploads\/2026\/09\/topeni-radiator-teplo.jpeg\" loading=\"eager\" decoding=\"sync\" class=\"c_t c_r\"\/><\/a><\/p>\n<p class=\"c_bB\">D\u016fvodem byla mimo jin\u00e9 skute\u010dnost, \u017ee Marservis ani po ztr\u00e1t\u011b licence za\u0159\u00edzen\u00ed m\u011bstu dlouho nep\u0159edal a\u00a0d\u00e1l od odb\u011bratel\u016f inkasoval platby za teplo. Situace vyvrcholila letos v\u00a0b\u0159eznu, kdy m\u011bstsk\u00e1 spole\u010dnost Teplo Chodov p\u0159evzala od Marservisu cel\u00fd syst\u00e9m. \u0160lo o\u00a017\u00a0v\u00fdm\u011bn\u00edkov\u00fdch stanic, dva pr\u016fchoz\u00ed objekty a\u00a0s\u00ed\u0165 potrubn\u00edch rozvod\u016f.<\/p>\n<p class=\"c_bB\">P\u0159evzet\u00ed z\u00e1rove\u0148 odhalilo stav za\u0159\u00edzen\u00ed. M\u011bsto podle sv\u00fdch zji\u0161t\u011bn\u00ed p\u0159evzalo tepl\u00e1renskou infrastrukturu se zanedbanou \u00fadr\u017ebou a\u00a0po\u010d\u00edt\u00e1 s\u00a0dal\u0161\u00edmi investicemi.<\/p>\n<p>M\u011bsto chce po firm\u011b pen\u00edze<\/p>\n<p class=\"c_bB\">Definitivn\u00ed verdikt \u00dastavn\u00edho soudu m\u00e1 pro Chodov v\u00fdznam tak\u00e9 kv\u016fli dal\u0161\u00edm finan\u010dn\u00edm n\u00e1rok\u016fm. Radnice tvrd\u00ed, \u017ee Marservis po l\u00e9ta neopr\u00e1vn\u011bn\u011b u\u017e\u00edval m\u011bstsk\u00fd majetek, a\u00a0chce proto vym\u00e1hat bezd\u016fvodn\u00e9 obohacen\u00ed.<\/p>\n<p class=\"c_bB\">M\u011bstsk\u00e1 spole\u010dnost Teplo Chodov nav\u00edc eviduje v\u016f\u010di Marservisu pohled\u00e1vku p\u0159esahuj\u00edc\u00ed 80\u00a0milion\u016f korun za teplo odebran\u00e9 v\u00a0letech 2025\u00a0a\u00a02026.\u00a0M\u011bsto sou\u010dasn\u011b \u0159e\u0161\u00ed i\u00a0dal\u0161\u00ed souvisej\u00edc\u00ed n\u00e1klady a\u00a0pohled\u00e1vky.<\/p>\n<p class=\"c_bB\">Pro obyvatele Chodova m\u00e1 konec vlekl\u00e9ho sporu i\u00a0bezprost\u0159edn\u00ed dopad. Po p\u0159evzet\u00ed tepeln\u00e9ho hospod\u00e1\u0159stv\u00ed m\u011bsto sn\u00ed\u017eilo cenu tepla a\u00a0sou\u010dasn\u011b slibuje investice do modernizace a\u00a0oprav syst\u00e9mu. \u201ePr\u00e1ce na oprav\u00e1ch i\u00a0modernizaci jedou u\u017e n\u011bkolik m\u011bs\u00edc\u016f naplno,\u201c uvedl Zden\u011bk S\u00fcssenbeck, jednatel spole\u010dnosti Teplo Chodov.<\/p>\n<p><a data-dot=\"atm-link\" target=\"_self\" href=\"https:\/\/www.novinky.cz\/clanek\/domaci-zpravy-karlovarsky-kraj-kamenolom-u-jindrichovic-ma-zasobit-sokolovsko-28-let-chceme-byt-dobrym-sousedem-slibuji-tezari-40578840\" class=\"c_I\" rel=\"nofollow noopener\"><img height=\"717\" width=\"1276\" src=\"https:\/\/www.europesays.com\/cz\/wp-content\/uploads\/2026\/09\/iUFBIx.jpeg\" loading=\"eager\" decoding=\"sync\" class=\"c_t c_r\"\/><\/a><\/p>\n","protected":false},"excerpt":{"rendered":"\u00dastavn\u00ed soud se u\u017e v\u00a0minulosti kauzou zab\u00fdval, v\u011bc tehdy vr\u00e1til zp\u011bt k\u00a0ni\u017e\u0161\u00edm soud\u016fm. \u017de je st\u00ed\u017enost spole\u010dnosti Marservis&hellip;\n","protected":false},"author":2,"featured_media":201213,"comment_status":"","ping_status":"","sticky":false,"template":"","format":"standard","meta":{"footnotes":"","_share_on_mastodon":"0"},"categories":[7],"tags":[266,43,42,9049,41,40,494,9051,705,725,9050,11988,3091,5893,3786,8493,10231,3783,9052,3033,493,1067,5343],"class_list":["post-201212","post","type-post","status-publish","format-standard","has-post-thumbnail","category-cesko","tag-andrej-babis","tag-ceska-republika","tag-cesko","tag-chodov","tag-czech-republic","tag-czechia","tag-energeticky-regulacni-urad-eru","tag-jana-mrackova-vildumetzova","tag-karel-havlicek","tag-karlovarsky-kraj","tag-ministerstvo-prumyslu-a-obchodu-mpo","tag-nejvyssi-kontrolni-urad-nku","tag-nejvyssi-soud","tag-nejvyssi-spravni-soud","tag-sokolovska-uhelna","tag-sokolovsko","tag-soudni-spor","tag-suas-group","tag-teplarenstvi","tag-teplarna","tag-teplo","tag-ustavni-soud","tag-vytapeni"],"share_on_mastodon":{"url":"https:\/\/pubeurope.com\/@cz\/117206601652010270","error":""},"_links":{"self":[{"href":"https:\/\/www.europesays.com\/cz\/wp-json\/wp\/v2\/posts\/201212","targetHints":{"allow":["GET"]}}],"collection":[{"href":"https:\/\/www.europesays.com\/cz\/wp-json\/wp\/v2\/posts"}],"about":[{"href":"https:\/\/www.europesays.com\/cz\/wp-json\/wp\/v2\/types\/post"}],"author":[{"embeddable":true,"href":"https:\/\/www.europesays.com\/cz\/wp-json\/wp\/v2\/users\/2"}],"replies":[{"embeddable":true,"href":"https:\/\/www.europesays.com\/cz\/wp-json\/wp\/v2\/comments?post=201212"}],"version-history":[{"count":0,"href":"https:\/\/www.europesays.com\/cz\/wp-json\/wp\/v2\/posts\/201212\/revisions"}],"wp:featuredmedia":[{"embeddable":true,"href":"https:\/\/www.europesays.com\/cz\/wp-json\/wp\/v2\/media\/201213"}],"wp:attachment":[{"href":"https:\/\/www.europesays.com\/cz\/wp-json\/wp\/v2\/media?parent=201212"}],"wp:term":[{"taxonomy":"category","embeddable":true,"href":"https:\/\/www.europesays.com\/cz\/wp-json\/wp\/v2\/categories?post=201212"},{"taxonomy":"post_tag","embeddable":true,"href":"https:\/\/www.europesays.com\/cz\/wp-json\/wp\/v2\/tags?post=201212"}],"curies":[{"name":"wp","href":"https:\/\/api.w.org\/{rel}","templated":true}]}}