{"id":201218,"date":"2026-09-03T10:25:10","date_gmt":"2026-09-03T10:25:10","guid":{"rendered":"https:\/\/www.europesays.com\/cz\/201218\/"},"modified":"2026-09-03T10:25:10","modified_gmt":"2026-09-03T10:25:10","slug":"kde-turiste-znacne-prevysuji-obyvatele-temto-evropskym-mistum-je-lepsi-se-vyhnout","status":"publish","type":"post","link":"https:\/\/www.europesays.com\/cz\/201218\/","title":{"rendered":"Kde turist\u00e9 zna\u010dn\u011b p\u0159evy\u0161uj\u00ed obyvatele? T\u011bmto evropsk\u00fdm m\u00edst\u016fm je lep\u0161\u00ed se vyhnout"},"content":{"rendered":"<p class=\"c_bB\">Anal\u00fdza se zam\u011b\u0159ila na oblasti, kter\u00e9 EU pova\u017euje za mal\u00e9 regiony. Ty maj\u00ed minim\u00e1ln\u011b 150\u00a0tis\u00edc obyvatel a\u00a0maxim\u00e1ln\u011b 800\u00a0tis\u00edc. Rozhoduj\u00edc\u00edm faktorem pak byly po\u010dty p\u0159enocov\u00e1n\u00ed v\u00a0porovn\u00e1n\u00ed s\u00a0po\u010dtem obyvatel.   <\/p>\n<p class=\"c_bB\">V Ji\u017en\u00edm Egeisu, kam pat\u0159\u00ed mimo jin\u00e9 popul\u00e1rn\u00ed ostrovy Santorini \u010di Rhodos, vych\u00e1z\u00ed na jednoho m\u00edstn\u00edho 127\u00a0p\u0159enocov\u00e1n\u00ed. V\u00a0roce 2024\u00a0zaznamenal region 41,5\u00a0milionu p\u0159enocov\u00e1n\u00ed, jeho populace v\u0161ak \u010din\u00ed zhruba 328\u00a0tis\u00edc lid\u00ed. Znamen\u00e1 to, \u017ee mezi n\u00e1v\u0161t\u011bvn\u00edky a\u00a0rezidenty je v\u016fbec nejv\u011bt\u0161\u00ed rozptyl v\u00a0cel\u00e9 Evropsk\u00e9 unii. Informuje o\u00a0tom <a data-dot=\"atm-link\" target=\"_blank\" rel=\"noopener nofollow\" href=\"https:\/\/www.independent.co.uk\/travel\/news-and-advice\/europe-tourists-outnumbering-locals-greece-eurostat-data-b3038124.html\" class=\"c_I\">server Independent<\/a>.  <\/p>\n<p>Nejmen\u0161\u00ed davy jsou daleko od Evropy<\/p>\n<p class=\"c_bB\">Tak\u00e9 na J\u00f3nsk\u00fdch ostrovech, pod kter\u00e9 spadaj\u00ed mimo jin\u00e9 Korfu \u010di Zakynthos, n\u00e1v\u0161t\u011bvn\u00edci zna\u010dn\u011b p\u0159evy\u0161uj\u00ed obyvatele. Na jednoho m\u00edstn\u00edho vych\u00e1z\u00ed 103\u00a0turistick\u00fdch p\u0159enocov\u00e1n\u00ed; v\u00a0roce 2024\u00a0to bylo celkem 20,5\u00a0milionu p\u0159enocov\u00e1n\u00ed, obyvatel je zhruba 200\u00a0tis\u00edc. <\/p>\n<p><a data-dot=\"atm-link\" target=\"_self\" href=\"https:\/\/www.novinky.cz\/clanek\/cestovani-peklo-na-zemi-hordy-turistu-zaplavily-popularni-plaz-na-krete-nebylo-tam-k-hnuti-40595358\" class=\"c_I\" rel=\"nofollow noopener\"><img fetchpriority=\"high\" height=\"2304\" width=\"4096\" src=\"https:\/\/www.europesays.com\/cz\/wp-content\/uploads\/2026\/09\/1788431108_655_recko.jpeg\" loading=\"eager\" decoding=\"sync\" class=\"c_t c_r\"\/><\/a><\/p>\n<p class=\"c_bB\">T\u0159et\u00edm turisticky nejhust\u0161\u00edm regionem je Ji\u017en\u00ed Tyrolsko, kde na jednoho obyvatele p\u0159ipad\u00e1 69\u00a0p\u0159enocov\u00e1n\u00ed. Na pob\u0159e\u017e\u00ed Jadranu v\u00a0Chorvatsku je to pak 67\u00a0p\u0159enocov\u00e1n\u00ed.<\/p>\n<p class=\"c_bB\">P\u00e1t\u00e1 p\u0159\u00ed\u010dka n\u00e1le\u017e\u00ed Bale\u00e1rsk\u00fdm ostrov\u016fm. Ty v\u00a0posledn\u00edch letech pat\u0159\u00ed k\u00a0evropsk\u00fdm destinac\u00edm, kter\u00e9 jsou v\u016fbec nejh\u016f\u0159e posti\u017eeny masov\u00fdm cestovn\u00edm ruchem, co\u017e se odr\u00e1\u017e\u00ed v\u00a0protestech i\u00a0restrikc\u00edch. <\/p>\n<p class=\"c_bB\">V \u017eeb\u0159\u00ed\u010dku nejv\u00edce p\u0159epln\u011bn\u00fdch oblast\u00ed n\u00e1sleduj\u00ed \u0159eck\u00e1 Kr\u00e9ta, rakousk\u00e1 spolkov\u00e1 zem\u011b Tyrolsko, portugalsk\u00fd region Algarve, \u0161pan\u011blsk\u00e9 Kan\u00e1rsk\u00e9 ostrovy a\u00a0rakousk\u00e9 m\u011bsto Salcburk.  <\/p>\n<p class=\"c_bB\">Naopak nejm\u00e9n\u011b frekventovan\u00fdm regionem EU je Mayotte, z\u00e1mo\u0159sk\u00e9 \u00fazem\u00ed Francie v\u00a0Indick\u00e9m oce\u00e1nu. Na jednoho obyvatele tam vych\u00e1z\u00ed jen p\u016fl turistick\u00e9ho p\u0159enocov\u00e1n\u00ed. <\/p>\n<p><a data-dot=\"atm-link\" target=\"_self\" href=\"https:\/\/www.novinky.cz\/clanek\/cestovani-extremni-vedra-v-athenach-ozivila-skomirajici-remeslo-40594306\" class=\"c_I\" rel=\"nofollow noopener\"><img height=\"2304\" width=\"4096\" src=\"https:\/\/www.europesays.com\/cz\/wp-content\/uploads\/2026\/09\/1788431110_346_atheny.jpeg\" loading=\"eager\" decoding=\"sync\" class=\"c_t c_r\"\/><\/a><\/p>\n","protected":false},"excerpt":{"rendered":"Anal\u00fdza se zam\u011b\u0159ila na oblasti, kter\u00e9 EU pova\u017euje za mal\u00e9 regiony. Ty maj\u00ed minim\u00e1ln\u011b 150\u00a0tis\u00edc obyvatel a\u00a0maxim\u00e1ln\u011b 800\u00a0tis\u00edc.&hellip;\n","protected":false},"author":2,"featured_media":201219,"comment_status":"","ping_status":"","sticky":false,"template":"","format":"standard","meta":{"footnotes":"","_share_on_mastodon":"0"},"categories":[15],"tags":[7526,36703,28657,94,93],"class_list":["post-201218","post","type-post","status-publish","format-standard","has-post-thumbnail","category-sport","tag-recko","tag-rhodos","tag-santorini","tag-sport","tag-sports"],"share_on_mastodon":{"url":"https:\/\/pubeurope.com\/@cz\/117206629020140191","error":""},"_links":{"self":[{"href":"https:\/\/www.europesays.com\/cz\/wp-json\/wp\/v2\/posts\/201218","targetHints":{"allow":["GET"]}}],"collection":[{"href":"https:\/\/www.europesays.com\/cz\/wp-json\/wp\/v2\/posts"}],"about":[{"href":"https:\/\/www.europesays.com\/cz\/wp-json\/wp\/v2\/types\/post"}],"author":[{"embeddable":true,"href":"https:\/\/www.europesays.com\/cz\/wp-json\/wp\/v2\/users\/2"}],"replies":[{"embeddable":true,"href":"https:\/\/www.europesays.com\/cz\/wp-json\/wp\/v2\/comments?post=201218"}],"version-history":[{"count":0,"href":"https:\/\/www.europesays.com\/cz\/wp-json\/wp\/v2\/posts\/201218\/revisions"}],"wp:featuredmedia":[{"embeddable":true,"href":"https:\/\/www.europesays.com\/cz\/wp-json\/wp\/v2\/media\/201219"}],"wp:attachment":[{"href":"https:\/\/www.europesays.com\/cz\/wp-json\/wp\/v2\/media?parent=201218"}],"wp:term":[{"taxonomy":"category","embeddable":true,"href":"https:\/\/www.europesays.com\/cz\/wp-json\/wp\/v2\/categories?post=201218"},{"taxonomy":"post_tag","embeddable":true,"href":"https:\/\/www.europesays.com\/cz\/wp-json\/wp\/v2\/tags?post=201218"}],"curies":[{"name":"wp","href":"https:\/\/api.w.org\/{rel}","templated":true}]}}