{"id":201230,"date":"2026-09-03T10:32:14","date_gmt":"2026-09-03T10:32:14","guid":{"rendered":"https:\/\/www.europesays.com\/cz\/201230\/"},"modified":"2026-09-03T10:32:14","modified_gmt":"2026-09-03T10:32:14","slug":"evrope-chybi-plyn-za-miliardy-eur-cr-ma-zasobniky-plnejsi","status":"publish","type":"post","link":"https:\/\/www.europesays.com\/cz\/201230\/","title":{"rendered":"Evrop\u011b chyb\u00ed plyn za miliardy eur. \u010cR m\u00e1 z\u00e1sobn\u00edky pln\u011bj\u0161\u00ed"},"content":{"rendered":"<p class=\"articleDetail_perex\">Evropa vstupuje do z\u00e1v\u011bru l\u00e9ta s n\u00edzk\u00fdmi z\u00e1sobami plynu a m\u016f\u017ee ji \u010dekat tvrd\u00fd boj s Asi\u00ed o dod\u00e1vky LNG. Podle Bloombergu chyb\u00ed zem\u00edm EU p\u0159es 100 terawatthodin plynu, aby dos\u00e1hly alespo\u0148 75procentn\u00ed napln\u011bnosti z\u00e1sobn\u00edk\u016f. \u010cesko je na tom l\u00e9pe a m\u00e1 z\u00e1soby t\u00e9m\u011b\u0159 ze 70 procent, i tady ale drah\u00fd plyn postupn\u011b m\u00ed\u0159\u00ed do cen pro dom\u00e1cnosti.<\/p>\n<p>Evropa jde do z\u00e1v\u011bru l\u00e9ta s v\u00fdrazn\u011b slab\u0161\u00edmi z\u00e1sobami plynu a rostouc\u00edmi cenami. <a href=\"https:\/\/www.bloomberg.com\/news\/articles\/2026-09-03\/europe-s-gas-gamble-risks-higher-prices-in-global-supply-fight\" target=\"_blank\" rel=\"nofollow noopener\">Podle propo\u010dt\u016f agentury Bloomberg<\/a> chyb\u00ed zem\u00edm Evropsk\u00e9 unie v\u00edce ne\u017e 100 terawatthodin plynu v hodnot\u011b p\u0159es sedm miliard eur, aby se dostaly alespo\u0148 na 75procentn\u00ed napln\u011bnost z\u00e1sobn\u00edk\u016f.<\/p>\n<p>V cel\u00e9 EU jsou nyn\u00ed z\u00e1sobn\u00edky pln\u00e9 zhruba z 65 procent. Evropsk\u00e1 komise sice <a href=\"https:\/\/audiovisual.ec.europa.eu\/en\/media\/video\/I-293837\" target=\"_blank\" rel=\"nofollow noopener\">tvrd\u00ed<\/a>, \u017ee p\u0159ed nadch\u00e1zej\u00edc\u00ed zimou zat\u00edm nevid\u00ed bezprost\u0159edn\u00ed probl\u00e9m s bezpe\u010dnost\u00ed dod\u00e1vek, analytici ale upozor\u0148uj\u00ed na rostouc\u00ed rizika.<\/p>\n<p>Pokud by p\u0159i\u0161la chladn\u011bj\u0161\u00ed zima a pokra\u010dovalo nap\u011bt\u00ed na Bl\u00edzk\u00e9m v\u00fdchod\u011b, m\u016f\u017ee se podle nich Evropa dostat do ostr\u00e9ho souboje o zkapaln\u011bn\u00fd zemn\u00ed plyn s Asi\u00ed.<\/p>\n<p>\t\t<img decoding=\"async\" src=\"https:\/\/www.europesays.com\/cz\/wp-content\/uploads\/2026\/09\/iStock-1362704213.jpg\" alt=\"Bill Gates chce jadernou revoluci. Bez Korejc\u016f to ale nep\u016fjde\" class=\"article_image\" width=\"320\" height=\"225\" loading=\"lazy\"\/><\/p>\n<p>\t\tBill Gates buduje modern\u00ed jadern\u00fd reaktor pro \u00e9ru obnoviteln\u00fdch zdroj\u016f. A v\u00ed, \u017ee bez Korejc\u016f to nejde<br \/>\n\t\t<a href=\"https:\/\/www.newstream.cz\/rubrika\/zpravy-z-firem\" class=\"article_category\" rel=\"nofollow noopener\" target=\"_blank\">Zpr\u00e1vy z firem<\/a><\/p>\n<p class=\"article_desc\">Jadern\u00fd reaktor spole\u010dnosti TerraPower, kterou zalo\u017eil podnikatel a filantrop Bill Gates, u\u017e \u201evyr\u016fst\u00e1\u201c v\u00a0americk\u00e9m Wyomingu a nejsp\u00ed\u0161 se stane jedn\u00edm z\u00a0nejpokro\u010dilej\u0161\u00edch na sv\u011bt\u011b. Gatesovy vize nab\u00fdvaj\u00ed re\u00e1ln\u00fdch rozm\u011br\u016f \u2013 rod\u00ed se reaktor Natrium s\u00a0\u00falo\u017ei\u0161t\u011bm, kter\u00e9 ide\u00e1ln\u011b pasuj\u00ed do \u00e9ry obnoviteln\u00fdch zdroj\u016f. Zlomov\u00fdm bodem se stal leto\u0161n\u00ed srpen, kdy se v projektu Natrium siln\u011b \u201ezah\u00e1\u010dkovala\u201c skupina Hyundai. Americk\u00fd jadern\u00fd boom spolupr\u00e1ci s\u00a0Korejci nutn\u011b pot\u0159ebuje.<\/p>\n<p class=\"article_author\">Jan \u017di\u017eka<\/p>\n<p>\t<a href=\"https:\/\/www.newstream.cz\/zpravy-z-firem\/bill-gates-buduje-moderni-jaderny-reaktor-pro-eru-obnovitelnych-zdroju-a-vi-ze-bez-korejcu-to-nejde\" class=\"article_coverLink\" rel=\"nofollow noopener\" target=\"_blank\">P\u0159e\u010d\u00edst \u010dl\u00e1nek<\/a><\/p>\n<p>Plyn m\u016f\u017ee st\u00e1t p\u0159es 100 eur<\/p>\n<p>Evropsk\u00fd plyn u\u017e nyn\u00ed v\u00fdrazn\u011b zdra\u017eil. Velkoobchodn\u00ed cena ve st\u0159edu p\u0159ekro\u010dila 75 eur za megawatthodinu, nejv\u00fd\u0161e za v\u00edce ne\u017e t\u0159i roky. Proti lo\u0148sku je podle Bloombergu v\u00edce ne\u017e dvojn\u00e1sobn\u00e1.<\/p>\n<p>Za r\u016fstem stoj\u00ed p\u0159edev\u0161\u00edm v\u00e1lka mezi Izraelem a \u00cdr\u00e1nem a omezen\u00ed dod\u00e1vek z Persk\u00e9ho z\u00e1livu. Tankery s LNG se p\u0159es Hormuzsk\u00fd pr\u016fliv dost\u00e1vaj\u00ed v\u00fdrazn\u011b h\u016f\u0159e ne\u017e tankery s ropou.<\/p>\n<p>Analytici Goldman Sachs, Rystad Energy a Morningstar varuj\u00ed, \u017ee v zim\u011b m\u016f\u017ee cena plynu vystoupat nad 100 eur za megawatthodinu.<\/p>\n<p>\u201ePotenci\u00e1l pro glob\u00e1ln\u00ed boj o palivo tu je, zejm\u00e9na v p\u0159\u00edpad\u011b chladn\u011bj\u0161\u00ed zimy,\u201c uvedl analytik trhu s LNG Go Katayama ze spole\u010dnosti Kpler.<\/p>\n<p>\t\t<img decoding=\"async\" src=\"https:\/\/www.europesays.com\/cz\/wp-content\/uploads\/2026\/09\/profimedia-1096666331.jpg\" alt=\"\" class=\"article_image\" width=\"320\" height=\"225\" loading=\"lazy\"\/><\/p>\n<p>\t\tJan Pala\u0161\u010d\u00e1k: \u00dato\u010dit na elektrick\u00e9 veden\u00ed dok\u00e1\u017ee amat\u00e9r. Vy\u0159adit s\u00ed\u0165 je \u00fapln\u011b jin\u00e1 liga<br \/>\n\t\t<a href=\"https:\/\/www.newstream.cz\/rubrika\/nazory\" class=\"article_category\" rel=\"nofollow noopener\" target=\"_blank\">N\u00e1zory<\/a><\/p>\n<p class=\"article_desc\">V\u00fdbu\u0161n\u00e1 za\u0159\u00edzen\u00ed pod elektrick\u00fdm veden\u00edm, zkraty a odstaven\u00e9 bloky elektr\u00e1ren. N\u011bmecko \u0159e\u0161\u00ed dal\u0161\u00ed \u00fatoky na svou kritickou energetickou infrastrukturu. Zakladatel skupiny Amper Jan Pala\u0161\u010d\u00e1k varuje, \u017ee podobn\u00e9 incidenty se mohou objevit tak\u00e9 v \u010cesku. Amat\u00e9rsk\u00fd \u00fatok podle n\u011bj blackout sice nezp\u016fsob\u00ed, ale m\u016f\u017ee sta\u010dit k tomu, aby zabrnkal na nervy ve\u0159ejnosti i energetick\u00fdch trh\u016f.<\/p>\n<p class=\"article_author\">Jan Pala\u0161\u010d\u00e1k<\/p>\n<p>\t<a href=\"https:\/\/www.newstream.cz\/nazory\/jan-palascak-utocit-na-elektricke-vedeni-dokaze-amater-vyradit-sit-je-uplne-jina-liga\" class=\"article_coverLink\" rel=\"nofollow noopener\" target=\"_blank\">P\u0159e\u010d\u00edst \u010dl\u00e1nek<\/a><\/p>\n<p>N\u011bmecko m\u00e1 z\u00e1sobn\u00edky sotva nad polovinou<\/p>\n<p>Situace se mezi jednotliv\u00fdmi zem\u011bmi v\u00fdrazn\u011b li\u0161\u00ed. It\u00e1lie m\u00e1 d\u00edky st\u00e1tn\u00edm pob\u00eddk\u00e1m z\u00e1sobn\u00edky napln\u011bn\u00e9 p\u0159ibli\u017en\u011b na 83 procent. N\u011bmecko, kter\u00e9 m\u00e1 nejv\u011bt\u0161\u00ed skladovac\u00ed kapacity v Evrop\u011b, je jen m\u00edrn\u011b nad polovinou.<\/p>\n<p>N\u00edzk\u00e9 z\u00e1soby maj\u00ed tak\u00e9 Nizozemsko a Belgie, tedy d\u016fle\u017eit\u00e9 obchodn\u00ed uzly pro z\u00e1sobov\u00e1n\u00ed dal\u0161\u00edch zem\u00ed.<\/p>\n<p>Evropsk\u00e9 vl\u00e1dy a energetick\u00e9 firmy letos s n\u00e1kupy vy\u010dk\u00e1valy v nad\u011bji, \u017ee ceny plynu klesnou. K tomu ale nedo\u0161lo. Drah\u00fd plyn nav\u00edc sn\u00ed\u017eil ekonomickou v\u00fdhodnost jeho ukl\u00e1d\u00e1n\u00ed do z\u00e1sobn\u00edk\u016f.<\/p>\n<p>\t\t<img decoding=\"async\" src=\"https:\/\/www.europesays.com\/cz\/wp-content\/uploads\/2026\/09\/1788431534_630_6l7gqijzprofimedia-1089685267.jpg\" alt=\"Teher\u00e1n op\u011bt uzav\u0159el Hormuzsk\u00fd pr\u016fliv\" class=\"article_image\" width=\"320\" height=\"225\" loading=\"lazy\"\/><\/p>\n<p>\t\tLuk\u00e1\u0161 Kovanda: Cenu plynu Evrop\u011b diktuje posledn\u00ed chyb\u011bj\u00edc\u00ed tanker. Smi\u0159te se s t\u00edm<br \/>\n\t\t<a href=\"https:\/\/www.newstream.cz\/rubrika\/nazory\" class=\"article_category\" rel=\"nofollow noopener\" target=\"_blank\">N\u00e1zory<\/a><\/p>\n<p class=\"article_desc\">Sta\u010d\u00ed p\u00e1r chyb\u011bj\u00edc\u00edch tanker\u016f a \u00fa\u010det plat\u00ed cel\u00e1 Evropa. P\u0159esto\u017ee plyn proud\u00edc\u00ed p\u0159es Hormuz pokr\u00fdv\u00e1 jen asi t\u0159i procenta spot\u0159eby EU, jeho v\u00fdpadek dok\u00e1zal evropsk\u00e9 ceny dramaticky vyst\u0159elit. USA stejn\u00fd \u0161ok t\u00e9m\u011b\u0159 nepoc\u00edtily. D\u016fvod ukazuje jednu z nejv\u011bt\u0161\u00edch slabin evropsk\u00e9 energetiky.<\/p>\n<p class=\"article_author\">Luk\u00e1\u0161 Kovanda<\/p>\n<p>\t<a href=\"https:\/\/www.newstream.cz\/nazory\/lukas-kovanda-cenu-plynu-evrope-diktuje-posledni-chybejici-tanker-smirte-se-s-tim\" class=\"article_coverLink\" rel=\"nofollow noopener\" target=\"_blank\">P\u0159e\u010d\u00edst \u010dl\u00e1nek<\/a><\/p>\n<p>\u010cesko je nad evropsk\u00fdm pr\u016fm\u011brem<\/p>\n<p>\u010cesk\u00e1 republika je na tom zat\u00edm l\u00e9pe ne\u017e v\u011bt\u0161ina Evropy. Tuzemsk\u00e9 z\u00e1sobn\u00edky jsou na za\u010d\u00e1tku z\u00e1\u0159\u00ed napln\u011bn\u00e9 t\u00e9m\u011b\u0159 ze 70 procent, tedy m\u00edrn\u011b nad pr\u016fm\u011brem EU.<\/p>\n<p>\u010cesko z\u00e1rove\u0148 splnilo evropsk\u00fd pr\u016fb\u011b\u017en\u00fd miln\u00edk minim\u00e1ln\u011b 60procentn\u00ed napln\u011bnosti k 1. z\u00e1\u0159\u00ed. Ministerstvo pr\u016fmyslu a obchodu nevid\u00ed d\u016fvod, pro\u010d by zem\u011b nem\u011bla splnit ani hlavn\u00ed c\u00edl 80 procent pro obdob\u00ed od 1. \u0159\u00edjna do 1. prosince.<\/p>\n<p>Z\u00e1soby jsou ale p\u0159ibli\u017en\u011b o p\u011btinu ni\u017e\u0161\u00ed ne\u017e p\u0159ed rokem.<\/p>\n<p>Ministerstvo p\u0159esto tvrd\u00ed, \u017ee nedostatek plynu \u010cesku nehroz\u00ed. Obchodn\u00edci podle n\u011bj kombinuj\u00ed z\u00e1soby v z\u00e1sobn\u00edc\u00edch, dlouhodob\u00e9 a forwardov\u00e9 kontrakty a pr\u016fb\u011b\u017en\u00e9 n\u00e1kupy.<\/p>\n<p>Dom\u00e1cnosti mohou poc\u00edtit zdra\u017een\u00ed<\/p>\n<p>Slab\u0161\u00ed evropsk\u00e9 z\u00e1soby a dra\u017e\u0161\u00ed plyn se postupn\u011b mohou projevit i v \u00fa\u010dtech \u010desk\u00fdch dom\u00e1cnost\u00ed.<\/p>\n<p>Podle analytik\u016f nep\u016fjde o plo\u0161n\u00e9 zdra\u017eov\u00e1n\u00ed v\u0161ech z\u00e1kazn\u00edk\u016f. Vy\u0161\u0161\u00ed ceny by se m\u011bly nejd\u0159\u00edve projevit p\u0159edev\u0161\u00edm u nov\u00fdch fixac\u00ed.<\/p>\n<p>Dal\u0161\u00ed v\u00fdvoj bude z\u00e1viset hlavn\u011b na po\u010das\u00ed b\u011bhem zimy a na geopolitick\u00e9 situaci. Pokud by Evropa musela kv\u016fli nedostatku z\u00e1sob agresivn\u011b sout\u011b\u017eit o LNG s Asi\u00ed, mohl by tlak na ceny je\u0161t\u011b zes\u00edlit.<\/p>\n<p>                        VY\u0160EL LETN\u00cd NEWSTREAM CLUB\u00a0<\/p>\n<p>S\u00e1zky na r\u016fst \u010ceska se vypl\u00e1cej\u00ed. Potvrzuj\u00ed to lid\u00e9 r\u016fzn\u00fdch obor\u016f a z\u00e1jm\u016f, s nimi\u017e se m\u016f\u017eete potkat p\u0159i \u010dten\u00ed aktu\u00e1ln\u00edho vyd\u00e1n\u00ed magaz\u00ednu Newstream CLUB. \u010cesko m\u00e1 toti\u017e ob\u0159\u00ed potenci\u00e1l, kter\u00fd se da\u0159\u00ed \u010d\u00edm d\u00e1l v\u00edce vyu\u017e\u00edvat. Plat\u00ed to pro investory, glob\u00e1ln\u00ed i lok\u00e1ln\u00ed firmy, ale tak\u00e9 pro tuzemsk\u00fd realitn\u00ed trh. Jak se na vln\u011b z\u00e1jmu sv\u00e9zt, porad\u00ed letn\u00ed vyd\u00e1n\u00ed magaz\u00ednu.<\/p>\n<p>Na ob\u00e1lce magaz\u00ednu jsou sourozenci se Sara a Teo Sandevovi, kte\u0159\u00ed pat\u0159\u00ed ke generaci, kter\u00e1 u\u017e nemus\u00ed volit mezi p\u016fvodem a zem\u00ed, kde vyrostla. Ona jde hereckou cestou, on spojuje fotbal, studium a rodinn\u00fd byznys. Oba ale dob\u0159e v\u011bd\u00ed, \u017ee jejich nejv\u011bt\u0161\u00ed v\u00fdhodou je pr\u00e1v\u011b mix \u010desk\u00e9ho z\u00e1zem\u00ed a balk\u00e1nsk\u00fdch ko\u0159en\u016f.<\/p>\n<p>Aktu\u00e1ln\u00ed vyd\u00e1n\u00ed se v\u011bnuje pr\u00e1v\u011b s\u00e1zk\u00e1m na \u010cesko z\u00a0mnoha pohled\u016f: z\u00a0pohledu investor\u016f drobn\u00fdch i institucion\u00e1ln\u00edch, ale i z\u00a0pohledu lid\u00ed, kte\u0159\u00ed se sna\u017e\u00ed zemi posunout d\u00e1l. K\u00a0nim pat\u0159\u00ed nap\u0159\u00edklad Petr Dvo\u0159\u00e1k, kter\u00fd sh\u00e1n\u00ed soukrom\u00e9 prost\u0159edky na spolufinancov\u00e1n\u00ed stavby nov\u00e9 pra\u017esk\u00e9 filharmonie, nebo investor Marek Dospiva.<\/p>\n<p>\u010cesko se tak\u00e9 st\u00e1v\u00e1 \u010d\u00edm d\u00e1l v\u011bt\u0161\u00edm l\u00e1kadlem pro zahrani\u010dn\u00ed firmy, kter\u00e9 zde maj\u00ed v\u00fdvojov\u00e1 centra. D\u016fvod\u016f je cel\u00e1 \u0159ada, ale kl\u00ed\u010dov\u00e9 jsou pro glob\u00e1ln\u00ed firmy t\u0159i v\u011bci: vhodn\u00e1 geografick\u00e1 poloha, bezpe\u010dnost, a hlavn\u011b siln\u00e9 technick\u00e9 z\u00e1zem\u00ed, d\u00edky kter\u00e9mu tu mohou pracovat na nejpokro\u010dilej\u0161\u00edch inovac\u00edch.<\/p>\n<p>To potvrzuje nap\u0159\u00edklad \u0161\u00e9f glob\u00e1ln\u00ed technologick\u00e9 spole\u010dnosti Everpure Charlie Giancarlo, kter\u00fd p\u016fsobil v\u00a0nejv\u011bt\u0161\u00edch firm\u00e1ch sv\u011bta, st\u00e1l u zrodu internetu a nyn\u00ed se v\u011bnuje datov\u00fdm \u00falo\u017ei\u0161t\u00edm. Rozhovor s n\u00edm tak\u00e9 p\u0159in\u00e1\u0161\u00ed letn\u00ed vyd\u00e1n\u00ed magaz\u00ednu Newstream CLUB.\u00a0<\/p>\n<p>A rostouc\u00ed z\u00e1jem nadn\u00e1rodn\u00edch firem o mo\u017enost p\u016fsobit v\u00a0\u010cesku potvrzuje tak\u00e9 Toma\u0301s\u030c Partsch z\u00a0CTP, kter\u00fd vysv\u011btluje, jak se z\u00a0Brna st\u00e1v\u00e1 evropsk\u00e9 Silicon Valley.<\/p>\n<p>Dvan\u00e1ct\u00e9 vyd\u00e1n\u00ed \u010dtvrtletn\u00edku Newstream CLUB je v prodeji, distribuci zaji\u0161\u0165uje Send. Digit\u00e1ln\u00ed verzi magaz\u00ednu lze zakoupit p\u0159\u00edmo na newstream.cz.<\/p>\n","protected":false},"excerpt":{"rendered":"Evropa vstupuje do z\u00e1v\u011bru l\u00e9ta s n\u00edzk\u00fdmi z\u00e1sobami plynu a m\u016f\u017ee ji \u010dekat tvrd\u00fd boj s Asi\u00ed o&hellip;\n","protected":false},"author":2,"featured_media":201231,"comment_status":"","ping_status":"","sticky":false,"template":"","format":"standard","meta":{"footnotes":"","_share_on_mastodon":"0"},"categories":[3],"tags":[4495,6865,1705,150,491,373,109,108,106,249,6866,17307,6387,2043,492,29150],"class_list":["post-201230","post","type-post","status-publish","format-standard","has-post-thumbnail","category-evropa","tag-blizky-vychod","tag-cena-plynu","tag-ceny-energii","tag-energetika","tag-energie","tag-eu","tag-europa","tag-europe","tag-evropa","tag-evropska-komise","tag-geopoliticke-napeti","tag-hormuz","tag-hormuzsky-pruliv","tag-lng","tag-plyn","tag-zasoby-plynu"],"share_on_mastodon":{"url":"https:\/\/pubeurope.com\/@cz\/117206657401989095","error":""},"_links":{"self":[{"href":"https:\/\/www.europesays.com\/cz\/wp-json\/wp\/v2\/posts\/201230","targetHints":{"allow":["GET"]}}],"collection":[{"href":"https:\/\/www.europesays.com\/cz\/wp-json\/wp\/v2\/posts"}],"about":[{"href":"https:\/\/www.europesays.com\/cz\/wp-json\/wp\/v2\/types\/post"}],"author":[{"embeddable":true,"href":"https:\/\/www.europesays.com\/cz\/wp-json\/wp\/v2\/users\/2"}],"replies":[{"embeddable":true,"href":"https:\/\/www.europesays.com\/cz\/wp-json\/wp\/v2\/comments?post=201230"}],"version-history":[{"count":0,"href":"https:\/\/www.europesays.com\/cz\/wp-json\/wp\/v2\/posts\/201230\/revisions"}],"wp:featuredmedia":[{"embeddable":true,"href":"https:\/\/www.europesays.com\/cz\/wp-json\/wp\/v2\/media\/201231"}],"wp:attachment":[{"href":"https:\/\/www.europesays.com\/cz\/wp-json\/wp\/v2\/media?parent=201230"}],"wp:term":[{"taxonomy":"category","embeddable":true,"href":"https:\/\/www.europesays.com\/cz\/wp-json\/wp\/v2\/categories?post=201230"},{"taxonomy":"post_tag","embeddable":true,"href":"https:\/\/www.europesays.com\/cz\/wp-json\/wp\/v2\/tags?post=201230"}],"curies":[{"name":"wp","href":"https:\/\/api.w.org\/{rel}","templated":true}]}}